{"id":574906,"date":"2025-12-03T07:47:15","date_gmt":"2025-12-03T07:47:15","guid":{"rendered":"https:\/\/www.europesays.com\/fr\/574906\/"},"modified":"2025-12-03T07:47:15","modified_gmt":"2025-12-03T07:47:15","slug":"linvite-de-bonjour-marseille-du-mercredi-3-decembre-2025","status":"publish","type":"post","link":"https:\/\/www.europesays.com\/fr\/574906\/","title":{"rendered":"L&rsquo;invit\u00e9 de Bonjour Marseille du mercredi 3 d\u00e9cembre 2025"},"content":{"rendered":"<p><img loading=\"lazy\" decoding=\"async\" src=\"https:\/\/www.europesays.com\/fr\/wp-content\/uploads\/2025\/12\/L-invite-de-Bonjour-Marseille-du-mercredi-3-decembre-2025-Jean-Sebastien-Nizou-2194044.webp.webp\" width=\"1200\" height=\"675\" alt=\"placeholder video\"\/><\/p>\n<p>Jean-S\u00e9bastien Nizou, infirmier lib\u00e9ral, repr\u00e9sentant du syndicat \u00ab\u00a0Convergence Infirmi\u00e8re\u00a0\u00bb, \u00e9tait l&rsquo;invit\u00e9 de Bonjour Marseille ce mercredi 3 d\u00e9cembre 2025. Il s&rsquo;est exprim\u00e9 au sujet de l&rsquo;appel \u00e0 manifester devant l&rsquo;agence r\u00e9gionale de sant\u00e9 pour d\u00e9noncer les mesures pr\u00e9vues dans le projet de loi sur le budget de la S\u00e9curit\u00e9 sociale.<\/p>\n<p>Aujourd&rsquo;hui \u00e0 08h10 | Dur\u00e9e : 9:00<\/p>\n","protected":false},"excerpt":{"rendered":"Jean-S\u00e9bastien Nizou, infirmier lib\u00e9ral, repr\u00e9sentant du syndicat \u00ab\u00a0Convergence Infirmi\u00e8re\u00a0\u00bb, \u00e9tait l&rsquo;invit\u00e9 de Bonjour Marseille ce mercredi 3 d\u00e9cembre&hellip;\n","protected":false},"author":2,"featured_media":574907,"comment_status":"","ping_status":"","sticky":false,"template":"","format":"standard","meta":{"footnotes":""},"categories":[2814],"tags":[1111,11,1777,674,1011,27,884,12,882,25],"class_list":{"0":"post-574906","1":"post","2":"type-post","3":"status-publish","4":"format-standard","5":"has-post-thumbnail","7":"category-marseille","8":"tag-actu","9":"tag-actualites","10":"tag-eu","11":"tag-europe","12":"tag-fr","13":"tag-france","14":"tag-marseille","15":"tag-news","16":"tag-provence-alpes-cote-dazur","17":"tag-republique-francaise"},"share_on_mastodon":{"url":"https:\/\/pubeurope.com\/@fr\/115654535078049879","error":""},"_links":{"self":[{"href":"https:\/\/www.europesays.com\/fr\/wp-json\/wp\/v2\/posts\/574906","targetHints":{"allow":["GET"]}}],"collection":[{"href":"https:\/\/www.europesays.com\/fr\/wp-json\/wp\/v2\/posts"}],"about":[{"href":"https:\/\/www.europesays.com\/fr\/wp-json\/wp\/v2\/types\/post"}],"author":[{"embeddable":true,"href":"https:\/\/www.europesays.com\/fr\/wp-json\/wp\/v2\/users\/2"}],"replies":[{"embeddable":true,"href":"https:\/\/www.europesays.com\/fr\/wp-json\/wp\/v2\/comments?post=574906"}],"version-history":[{"count":0,"href":"https:\/\/www.europesays.com\/fr\/wp-json\/wp\/v2\/posts\/574906\/revisions"}],"wp:featuredmedia":[{"embeddable":true,"href":"https:\/\/www.europesays.com\/fr\/wp-json\/wp\/v2\/media\/574907"}],"wp:attachment":[{"href":"https:\/\/www.europesays.com\/fr\/wp-json\/wp\/v2\/media?parent=574906"}],"wp:term":[{"taxonomy":"category","embeddable":true,"href":"https:\/\/www.europesays.com\/fr\/wp-json\/wp\/v2\/categories?post=574906"},{"taxonomy":"post_tag","embeddable":true,"href":"https:\/\/www.europesays.com\/fr\/wp-json\/wp\/v2\/tags?post=574906"}],"curies":[{"name":"wp","href":"https:\/\/api.w.org\/{rel}","templated":true}]}}