{"id":574909,"date":"2025-12-03T07:49:27","date_gmt":"2025-12-03T07:49:27","guid":{"rendered":"https:\/\/www.europesays.com\/fr\/574909\/"},"modified":"2025-12-03T07:49:27","modified_gmt":"2025-12-03T07:49:27","slug":"attention-a-la-pluie-ce-matin-un-accident-signale-sur-la89-en-direction-de-lyon","status":"publish","type":"post","link":"https:\/\/www.europesays.com\/fr\/574909\/","title":{"rendered":"attention \u00e0 la pluie ce matin, un accident signal\u00e9 sur l&rsquo;A89 en direction de Lyon"},"content":{"rendered":"<p>Les temps de parcours sont rallong\u00e9s.\u00a0<\/p>\n<p>\ud83d\ude97 C&rsquo;est encore charg\u00e9 \u00e0 Givors, sur l&rsquo;<strong>A47<\/strong>, en direction de Lyon<\/p>\n<p>\ud83d\ude97 Sur l&rsquo;<strong>A46<\/strong>, contournement est de Lyon, le trafic est tr\u00e8s compliqu\u00e9 sur 9 kilom\u00e8tres, et 25 minutes de ralentissements, en direction de Paris<\/p>\n<p>\ud83d\ude97 Circulation dense \u00e9galement le long du Rh\u00f4ne en direction du tunnel de Fourvi\u00e8re et de part et d&rsquo;autre de l&rsquo;ouvrage sur les <strong>M6\/M7<\/strong>.<\/p>\n<p>D&rsquo;apr\u00e8s l&rsquo;index Tomtom, il vous faut \u00e0 cette heure 25 minutes pour parcourir\u00a010 kilom\u00e8tres, soit 3 minutes et 40 secondes de plus qu&rsquo;en temps normal.<\/p>\n","protected":false},"excerpt":{"rendered":"Les temps de parcours sont rallong\u00e9s.\u00a0 \ud83d\ude97 C&rsquo;est encore charg\u00e9 \u00e0 Givors, sur l&rsquo;A47, en direction de Lyon&hellip;\n","protected":false},"author":2,"featured_media":574910,"comment_status":"","ping_status":"","sticky":false,"template":"","format":"standard","meta":{"footnotes":""},"categories":[1889],"tags":[1111,11,2430,3542,3152,2757,3153,3154,3155,3156,1777,674,107,1011,27,2428,12,25,2429,2803],"class_list":{"0":"post-574909","1":"post","2":"type-post","3":"status-publish","4":"format-standard","5":"has-post-thumbnail","7":"category-lyon","8":"tag-actu","9":"tag-actualites","10":"tag-auvergne-rhone-alpes","11":"tag-circulation","12":"tag-edition-est-lyonnais","13":"tag-edition-lyon-villeurbanne","14":"tag-edition-ouest-lyonnais","15":"tag-edition-sud-lyonnais","16":"tag-edition-tarare","17":"tag-edition-villefranche","18":"tag-eu","19":"tag-europe","20":"tag-fil-info","21":"tag-fr","22":"tag-france","23":"tag-lyon","24":"tag-news","25":"tag-republique-francaise","26":"tag-rhone","27":"tag-transport"},"share_on_mastodon":{"url":"https:\/\/pubeurope.com\/@fr\/115654542164694366","error":""},"_links":{"self":[{"href":"https:\/\/www.europesays.com\/fr\/wp-json\/wp\/v2\/posts\/574909","targetHints":{"allow":["GET"]}}],"collection":[{"href":"https:\/\/www.europesays.com\/fr\/wp-json\/wp\/v2\/posts"}],"about":[{"href":"https:\/\/www.europesays.com\/fr\/wp-json\/wp\/v2\/types\/post"}],"author":[{"embeddable":true,"href":"https:\/\/www.europesays.com\/fr\/wp-json\/wp\/v2\/users\/2"}],"replies":[{"embeddable":true,"href":"https:\/\/www.europesays.com\/fr\/wp-json\/wp\/v2\/comments?post=574909"}],"version-history":[{"count":0,"href":"https:\/\/www.europesays.com\/fr\/wp-json\/wp\/v2\/posts\/574909\/revisions"}],"wp:featuredmedia":[{"embeddable":true,"href":"https:\/\/www.europesays.com\/fr\/wp-json\/wp\/v2\/media\/574910"}],"wp:attachment":[{"href":"https:\/\/www.europesays.com\/fr\/wp-json\/wp\/v2\/media?parent=574909"}],"wp:term":[{"taxonomy":"category","embeddable":true,"href":"https:\/\/www.europesays.com\/fr\/wp-json\/wp\/v2\/categories?post=574909"},{"taxonomy":"post_tag","embeddable":true,"href":"https:\/\/www.europesays.com\/fr\/wp-json\/wp\/v2\/tags?post=574909"}],"curies":[{"name":"wp","href":"https:\/\/api.w.org\/{rel}","templated":true}]}}