{"id":574913,"date":"2025-12-03T07:52:12","date_gmt":"2025-12-03T07:52:12","guid":{"rendered":"https:\/\/www.europesays.com\/fr\/574913\/"},"modified":"2025-12-03T07:52:12","modified_gmt":"2025-12-03T07:52:12","slug":"poutine-inflexible-encore-des-deboires-pour-airbus-et-labelisation-des-medias","status":"publish","type":"post","link":"https:\/\/www.europesays.com\/fr\/574913\/","title":{"rendered":"Poutine inflexible, encore des d\u00e9boires pour Airbus et lab\u00e9lisation des m\u00e9dias"},"content":{"rendered":"<p>Vous avez manqu\u00e9 les infos de ce d\u00e9but de matin\u00e9e\u00a0? On vous a concoct\u00e9 un r\u00e9cap pour vous aider \u00e0 y voir plus clair et briller \u00e0 la machine \u00e0 caf\u00e9.<\/p>\n<p>M\u00eame si le chef de la diplomatie am\u00e9ricaine <a href=\"https:\/\/www.20minutes.fr\/monde\/ukraine\/4189358-20251203-direct-guerre-ukraine-marco-rubio-voit-quelques-progres-negociations-moscou\" target=\"_blank\" class=\"c-link c-link--is-underlined\" rel=\"noopener\">Marco Rubio fait \u00e9tat de \u00ab\u00a0quelques progr\u00e8s\u00a0\u00bb avec la Russie<\/a>, les n\u00e9gociations pour mettre un terme \u00e0 la guerre en Ukraine demeurent tr\u00e8s difficiles. Il faut dire que Vladimir Poutine reste inflexible. Sa rencontre pr\u00e8s de cinq heures mardi \u00e0 Moscou avec <a href=\"https:\/\/www.20minutes.fr\/monde\/ukraine\/4189203-20251202-guerre-ukraine-roule-steve-witkoff-emissaire-americain-donald-trump-russie\" target=\"_blank\" class=\"c-link c-link--is-underlined\" rel=\"noopener\">l\u2019\u00e9missaire am\u00e9ricain Steve Witkoff<\/a> n\u2019a en effet pas permis de faire changer, ou tout du moins amender, la position du ma\u00eetre du Kremlin sur la tr\u00e8s sensible question des territoires occup\u00e9s par la Russie en Ukraine. \u00ab\u00a0Aucune solution de compromis (sur les territoires) n\u2019a encore \u00e9t\u00e9 choisie, mais certaines propositions am\u00e9ricaines peuvent \u00eatre discut\u00e9es\u00a0\u00bb, a indiqu\u00e9 \u00e0 l\u2019issue d\u2019une rencontre Iouri Ouchakov, conseiller diplomatique du Kremlin. Selon lui, la discussion a \u00e9t\u00e9 \u00ab\u00a0constructive\u00a0\u00bb, mais il \u00ab\u00a0reste encore beaucoup de travail\u00a0\u00bb pour parvenir \u00e0 un accord. Donald Trump est donc encore loin de pouvoir se targuer d\u2019avoir atteint son objectif\u00a0: celui d\u2019\u00eatre le faiseur de paix entre Moscou et Kiev.<\/p>\n<\/p>\n<p>Une nouvelle fois, Airbus se voit contraint de monter au front pour ne pas laisser s\u2019installer <a href=\"https:\/\/www.20minutes.fr\/economie\/4189019-20251201-airbus-avionneur-confirme-probleme-qualite-a320-devisse-bourse\" target=\"_blank\" class=\"c-link c-link--is-underlined\" rel=\"noopener\">des doutes sur la s\u00e9curit\u00e9 de ses avions<\/a>. Le groupe a en effet tent\u00e9 mardi de calmer les inqui\u00e9tudes autour de son best-seller l&rsquo;A320, apr\u00e8s des r\u00e9v\u00e9lations sur un nouveau \u00ab\u00a0probl\u00e8me de qualit\u00e9\u00a0\u00bb. Airbus annonce donc que jusqu\u2019\u00e0 628 appareils pourraient \u00eatre examin\u00e9s, mais insiste\u00a0: ce chiffre correspond \u00e0 un maximum th\u00e9orique, et \u00ab\u00a0le nombre total d\u2019avions potentiellement touch\u00e9s, \u00e0 la fois en production et en service, se r\u00e9duit de jour en jour avec la progression des inspections permettant d\u2019identifier ceux qui n\u00e9cessitent une action sp\u00e9cifique\u00a0\u00bb. Entr\u00e9 en service en\u00a01988, l&rsquo;A320 reste l\u2019avion commercial le plus vendu au monde, avec plus de 12.000 livraisons \u00e0 fin septembre.<\/p>\n<p>C\u2019est une id\u00e9e de l\u2019\u00c9lys\u00e9e qui divise. D\u00e9sireux de combattre les fausses informations, Emmanuel Macron envisage de mettre en place un \u00ab\u00a0label\u00a0\u00bb des m\u00e9dias. Selon lui, cette labellisation devra \u00eatre faite par des \u00ab\u00a0professionnels\u00a0\u00bb. \u00ab\u00a0Ce n\u2019est pas \u00e0 l\u2019\u00c9tat de dire, parce qu\u2019il faut faire attention, c\u2019est pas le Gouvernement ou l\u2019\u00c9tat qui peut dire, \u00ab\u00a0ceci est une information, ceci n\u2019en est pas\u00a0\u00bb\u00a0\u00bb, avait-il ainsi expliqu\u00e9 le 19\u00a0novembre. Pour le moment cette id\u00e9e, inspir\u00e9e d\u2019une initiative de Reporters sans fronti\u00e8res, soul\u00e8ve surtout de tr\u00e8s <a href=\"https:\/\/www.20minutes.fr\/arts-stars\/medias\/4189208-20251202-labellisation-medias-marine-pen-juge-arcom-devrait-surveiller-televisions-privees\" target=\"_blank\" class=\"c-link c-link--is-underlined\" rel=\"noopener\">fortes critiques de la droite et de l\u2019extr\u00eame droite<\/a>, relay\u00e9es notamment sur les plateaux de <a href=\"https:\/\/www.20minutes.fr\/arts-stars\/4188507-20251128-complement-enquete-cnews-pourquoi-equipes-coupe-sequence-dernier-moment\" target=\"_blank\" class=\"c-link c-link--is-underlined\" rel=\"noopener\">CNews<\/a>. Jordan Bardella y voit ainsi un projet \u00ab\u00a0extr\u00eamement dangereux\u00a0\u00bb, tandis que Bruno Retailleau, le pr\u00e9sident des R\u00e9publicains, d\u00e9nonce \u00ab\u00a0une d\u00e9rive inqui\u00e9tante\u00a0\u00bb et un \u00ab\u00a0minist\u00e8re de la V\u00e9rit\u00e9\u00a0\u00bb. Son parti a m\u00eame lanc\u00e9 une p\u00e9tition mardi pour pointer \u00ab\u00a0une d\u00e9rive dangereuse et scandaleuse\u00a0\u00bb.<\/p>\n","protected":false},"excerpt":{"rendered":"Vous avez manqu\u00e9 les infos de ce d\u00e9but de matin\u00e9e\u00a0? On vous a concoct\u00e9 un r\u00e9cap pour vous&hellip;\n","protected":false},"author":2,"featured_media":574914,"comment_status":"","ping_status":"","sticky":false,"template":"","format":"standard","meta":{"footnotes":""},"categories":[1888],"tags":[1111,1928,47,11,1927,36,75,1073,73,1777,674,1011,27,131,500,12,1926,626,1925,2556,25,132,104,4804,133,135],"class_list":{"0":"post-574913","1":"post","2":"type-post","3":"status-publish","4":"format-standard","5":"has-post-thumbnail","7":"category-paris","8":"tag-actu","9":"tag-actu-paris","10":"tag-actualite","11":"tag-actualites","12":"tag-actualites-paris","13":"tag-airbus","14":"tag-donald-trump","15":"tag-emmanuel-macron","16":"tag-etats-unis","17":"tag-eu","18":"tag-europe","19":"tag-fr","20":"tag-france","21":"tag-guerre-en-ukraine","22":"tag-medias","23":"tag-news","24":"tag-news-paris","25":"tag-paris","26":"tag-paris-news","27":"tag-rassemblement-national-rn","28":"tag-republique-francaise","29":"tag-russie","30":"tag-societe","31":"tag-toute-linfo-en-2-minutes","32":"tag-video","33":"tag-vladimir-poutine"},"share_on_mastodon":{"url":"https:\/\/pubeurope.com\/@fr\/115654554073970625","error":""},"_links":{"self":[{"href":"https:\/\/www.europesays.com\/fr\/wp-json\/wp\/v2\/posts\/574913","targetHints":{"allow":["GET"]}}],"collection":[{"href":"https:\/\/www.europesays.com\/fr\/wp-json\/wp\/v2\/posts"}],"about":[{"href":"https:\/\/www.europesays.com\/fr\/wp-json\/wp\/v2\/types\/post"}],"author":[{"embeddable":true,"href":"https:\/\/www.europesays.com\/fr\/wp-json\/wp\/v2\/users\/2"}],"replies":[{"embeddable":true,"href":"https:\/\/www.europesays.com\/fr\/wp-json\/wp\/v2\/comments?post=574913"}],"version-history":[{"count":0,"href":"https:\/\/www.europesays.com\/fr\/wp-json\/wp\/v2\/posts\/574913\/revisions"}],"wp:featuredmedia":[{"embeddable":true,"href":"https:\/\/www.europesays.com\/fr\/wp-json\/wp\/v2\/media\/574914"}],"wp:attachment":[{"href":"https:\/\/www.europesays.com\/fr\/wp-json\/wp\/v2\/media?parent=574913"}],"wp:term":[{"taxonomy":"category","embeddable":true,"href":"https:\/\/www.europesays.com\/fr\/wp-json\/wp\/v2\/categories?post=574913"},{"taxonomy":"post_tag","embeddable":true,"href":"https:\/\/www.europesays.com\/fr\/wp-json\/wp\/v2\/tags?post=574913"}],"curies":[{"name":"wp","href":"https:\/\/api.w.org\/{rel}","templated":true}]}}