{"id":574915,"date":"2025-12-03T07:53:12","date_gmt":"2025-12-03T07:53:12","guid":{"rendered":"https:\/\/www.europesays.com\/fr\/574915\/"},"modified":"2025-12-03T07:53:12","modified_gmt":"2025-12-03T07:53:12","slug":"trafic-interrompu-des-22h-pendant-six-mois-en-2026-a-paris","status":"publish","type":"post","link":"https:\/\/www.europesays.com\/fr\/574915\/","title":{"rendered":"trafic interrompu d\u00e8s 22h pendant six mois en 2026 \u00e0 Paris"},"content":{"rendered":"<p>ParisSelectBook &#8211; M\u00e9tro Ligne 12: trafic interrompu d\u00e8s 22h pendant six mois en 2026 \u00e0 Paris &#8211; Cr\u00e9dit photo \u00a9 Paris Select Book<\/p>\n<p>Le m\u00e9tro Ligne 12 va conna\u00eetre des soir\u00e9es sans trains en <a href=\"https:\/\/www.parisselectbook.com\/2025\/12\/02\/pass-navigo-ce-qui-change-en-janvier-2026-pour-tarifs-et-tickets-metro-train-en-ile-de-france\/\" target=\"_blank\" rel=\"noopener\"><strong>2026<\/strong><\/a>. Selon le calendrier d\u00e9voil\u00e9, des interruptions sont pr\u00e9vues pendant environ <strong>six mois<\/strong>. Les voyageurs devront donc adapter leurs habitudes, surtout en fin de journ\u00e9e.<\/p>\n<p>Ce qui change pour les voyageurs en 2026<\/p>\n<p>Le principe est simple, mais impactant\u2009: la circulation sera coup\u00e9e <a href=\"https:\/\/www.parisselectbook.com\/2025\/12\/01\/les-5-plus-belles-bulles-dhiver-a-paris-nos-adresses-feeriques-pour-la-saison-2025\" target=\"_blank\" rel=\"noopener\"><strong>en soir\u00e9e<\/strong><\/a> sur une partie ou la totalit\u00e9 de la ligne, pendant une p\u00e9riode d\u2019environ six mois. Cette mesure vise \u00e0 concentrer les chantiers lorsque l\u2019affluence baisse. Ainsi, le m\u00e9tro Ligne 12 restera ouvert en journ\u00e9e, puis fermera plus t\u00f4t le soir. Le d\u00e9tail pr\u00e9cis des horaires sera communiqu\u00e9 \u00e0 l\u2019approche des travaux.<\/p>\n<p>Ce calendrier est pr\u00e9sent\u00e9 comme <strong>pr\u00e9visionnel<\/strong>, car les op\u00e9rations techniques restent sensibles. Par cons\u00e9quent, des ajustements sont possibles selon l\u2019avanc\u00e9e des chantiers. De plus, la RATP et <a href=\"https:\/\/www.parisselectbook.com\/2025\/12\/02\/la-greve-des-transports-les-2-et-3-decembre-perturbe-le-trafic-a-paris-et-en-ile-de-france\/\" target=\"_blank\" rel=\"noopener\">\u00cele-de-France Mobilit\u00e9s<\/a> disent vouloir limiter les coupures prolong\u00e9es. L\u2019objectif demeure clair\u2009: s\u00e9curiser les interventions et r\u00e9duire les nuisances.<\/p>\n<p>Pourquoi ces interruptions en soir\u00e9e\u2009?<\/p>\n<p>Les fermetures permettent d\u2019intervenir sur des <a href=\"https:\/\/www.parisselectbook.com\/2025\/12\/02\/noel-2025-cadeaux-high-tech-pour-collectionneurs-de-gadgets-la-selection-pour-tous-les-budgets\/\" target=\"_blank\" rel=\"noopener\">\u00e9quipements essentiels<\/a>, hors des pointes. Ainsi, les travaux peuvent concerner la signalisation, les voies, l\u2019alimentation \u00e9lectrique et la ventilation. Des r\u00e9novations de stations et des mises aux normes sont aussi probables. Le m\u00e9tro Ligne 12 a besoin d\u2019un entretien programm\u00e9 pour garantir la fiabilit\u00e9.<\/p>\n<blockquote>\n<p>\u00ab Les coupures cibl\u00e9es en soir\u00e9e acc\u00e9l\u00e8rent les chantiers et am\u00e9liorent la s\u00e9curit\u00e9 des \u00e9quipes comme des voyageurs. \u00bb<\/p>\n<\/blockquote>\n<p>Ces op\u00e9rations s\u2019inscrivent dans une trajectoire de modernisation du r\u00e9seau. Aussi, la coordination avec d\u2019autres lignes limitera les effets domino sur les correspondances. En revanche, des ralentissements ponctuels restent possibles \u00e0 proximit\u00e9 des chantiers. L\u2019information voyageurs sera renforc\u00e9e durant la p\u00e9riode.<\/p>\n<p>Selon les premiers \u00e9l\u00e9ments, le p\u00e9rim\u00e8tre pr\u00e9cis sera confirm\u00e9 en amont. Par cons\u00e9quent, certaines soir\u00e9es pourraient voir un service partiel entre deux terminus. De plus, un renfort des itin\u00e9raires alternatifs est \u00e0 l\u2019\u00e9tude. Le m\u00e9tro Ligne 12 restera n\u00e9anmoins la colonne nord-sud de nombreux trajets quotidiens.<\/p>\n<ul>\n<li>Rep\u00e9rez d\u00e8s maintenant vos correspondances cl\u00e9s et un plan B.<\/li>\n<li>Anticipez 10 \u00e0 20 minutes d\u2019allongement en fin de journ\u00e9e.<\/li>\n<li>V\u00e9rifiez l\u2019\u00e9tat du trafic le matin pour le soir m\u00eame.<\/li>\n<li>Pr\u00e9parez des itin\u00e9raires \u00e0 pied entre stations proches.<\/li>\n<li>Gardez une marge si vous avez un train ou un vol.<\/li>\n<\/ul>\n<p>Itin\u00e9raires de contournement et alternatives<\/p>\n<p>Plusieurs correspondances facilitent le report de trajets. Depuis Saint-Lazare, les lignes 3, 9 et 14 offrent des options rapides. Ainsi, une liaison vers Concorde ou Madeleine reste fluide via d\u2019autres axes. Le m\u00e9tro Ligne 12 garde l\u2019avantage du direct, mais d\u2019autres lignes absorberont une partie des flux.<\/p>\n<p>Au nord, l\u2019\u00e9change avec la ligne 4 \u00e0 Marcadet \u2013 Poissonniers peut d\u00e9panner. De plus, la ligne 2 \u00e0 Pigalle propose une boucle pratique vers l\u2019est et l\u2019ouest. En revanche, il faut pr\u00e9voir une marche en station pour changer de quai. Par cons\u00e9quent, partez un peu plus t\u00f4t lors des soir\u00e9es de fermeture.<\/p>\n<p>Au sud, Montparnasse-Bienven\u00fce ouvre de nombreuses solutions de report. Ainsi, les lignes 4, 6 et 13 reconnectent vers la rive droite ou la banlieue. Aussi, Pasteur et S\u00e8vres \u2013 Babylone offrent des bifurcations utiles selon votre destination. Le m\u00e9tro Ligne 12 reste le fil conducteur, mais le maillage permet des d\u00e9tours courts.<\/p>\n<p>Le bus compl\u00e8te les parcours du dernier kilom\u00e8tre. Par cons\u00e9quent, gardez \u00e0 l\u2019esprit des lignes structurantes le long de l\u2019axe nord-sud. De plus, les trajets \u00e0 pied entre stations proches gagnent du temps en soir\u00e9e. Une marge de s\u00e9curit\u00e9 \u00e9vite le stress sur les correspondances.<\/p>\n<p>Quels impacts selon les quartiers\u2009?<\/p>\n<p>Autour de Saint-Lazare et Madeleine, l\u2019offre de report est riche. Ainsi, l\u2019acc\u00e8s aux p\u00f4les commerciaux et tertiaires reste soutenu, m\u00eame en soir\u00e9e. En revanche, la proximit\u00e9 des chantiers peut ralentir l\u2019entr\u00e9e en station. Le m\u00e9tro Ligne 12 demeurera indiqu\u00e9 pour la journ\u00e9e, puis \u00e0 \u00e9viter en fin de service.<\/p>\n<p>Entre Montmartre et la Chapelle, la continuit\u00e9 passe par les lignes 2 et 4. De plus, des trajets courts \u00e0 pied relient plusieurs stations proches. Par cons\u00e9quent, cartographiez vos options selon l\u2019heure et votre destination. Les riverains gagneront \u00e0 ajuster les habitudes de d\u00e9part.<\/p>\n<p>Conseils pratiques et calendrier \u00e0 suivre<\/p>\n<p>Commencez par ancrer trois r\u00e9flexes simples. D\u2019abord, v\u00e9rifiez chaque matin si la soir\u00e9e est concern\u00e9e. Ensuite, pr\u00e9parez deux itin\u00e9raires de repli par grands p\u00f4les de correspondance. Enfin, tenez compte des rendez-vous sensibles en adaptant votre marge.<\/p>\n<p>Pendant les six mois annonc\u00e9s, la circulation restera normale en journ\u00e9e. Ainsi, planifiez vos retours plus t\u00f4t quand c\u2019est possible. De plus, privil\u00e9giez les gares majeures pour changer de ligne en toute clart\u00e9. Le m\u00e9tro Ligne 12 sera plus pr\u00e9visible avant le cr\u00e9neau de fermeture.<\/p>\n<p>Les informations seront mises \u00e0 jour au fil des chantiers. Par cons\u00e9quent, les affichages en station deviendront vos meilleurs alli\u00e9s. Aussi, les annonces sonores pr\u00e9ciseront les terminus provisoires, si besoin. Restez attentif aux sch\u00e9mas de circulation communiqu\u00e9s par la RATP.<\/p>\n<p>En bref, pr\u00e9parez votre routine de soir\u00e9e pour passer ce cap sereinement. Ainsi, vous limiterez les retards malgr\u00e9 les travaux indispensables \u00e0 la performance. De plus, vous soutiendrez un service plus fiable \u00e0 long terme. Le m\u00e9tro Ligne 12 reviendra ensuite \u00e0 un rythme habituel, avec des infrastructures modernis\u00e9es.<\/p>\n","protected":false},"excerpt":{"rendered":"ParisSelectBook &#8211; M\u00e9tro Ligne 12: trafic interrompu d\u00e8s 22h pendant six mois en 2026 \u00e0 Paris &#8211; Cr\u00e9dit&hellip;\n","protected":false},"author":2,"featured_media":574916,"comment_status":"","ping_status":"","sticky":false,"template":"","format":"standard","meta":{"footnotes":""},"categories":[1888],"tags":[1111,1928,11,1927,1777,674,1011,27,68924,12,1926,626,1925,25],"class_list":{"0":"post-574915","1":"post","2":"type-post","3":"status-publish","4":"format-standard","5":"has-post-thumbnail","7":"category-paris","8":"tag-actu","9":"tag-actu-paris","10":"tag-actualites","11":"tag-actualites-paris","12":"tag-eu","13":"tag-europe","14":"tag-fr","15":"tag-france","16":"tag-metro-ligne-12","17":"tag-news","18":"tag-news-paris","19":"tag-paris","20":"tag-paris-news","21":"tag-republique-francaise"},"share_on_mastodon":{"url":"https:\/\/pubeurope.com\/@fr\/115654558046990941","error":""},"_links":{"self":[{"href":"https:\/\/www.europesays.com\/fr\/wp-json\/wp\/v2\/posts\/574915","targetHints":{"allow":["GET"]}}],"collection":[{"href":"https:\/\/www.europesays.com\/fr\/wp-json\/wp\/v2\/posts"}],"about":[{"href":"https:\/\/www.europesays.com\/fr\/wp-json\/wp\/v2\/types\/post"}],"author":[{"embeddable":true,"href":"https:\/\/www.europesays.com\/fr\/wp-json\/wp\/v2\/users\/2"}],"replies":[{"embeddable":true,"href":"https:\/\/www.europesays.com\/fr\/wp-json\/wp\/v2\/comments?post=574915"}],"version-history":[{"count":0,"href":"https:\/\/www.europesays.com\/fr\/wp-json\/wp\/v2\/posts\/574915\/revisions"}],"wp:featuredmedia":[{"embeddable":true,"href":"https:\/\/www.europesays.com\/fr\/wp-json\/wp\/v2\/media\/574916"}],"wp:attachment":[{"href":"https:\/\/www.europesays.com\/fr\/wp-json\/wp\/v2\/media?parent=574915"}],"wp:term":[{"taxonomy":"category","embeddable":true,"href":"https:\/\/www.europesays.com\/fr\/wp-json\/wp\/v2\/categories?post=574915"},{"taxonomy":"post_tag","embeddable":true,"href":"https:\/\/www.europesays.com\/fr\/wp-json\/wp\/v2\/tags?post=574915"}],"curies":[{"name":"wp","href":"https:\/\/api.w.org\/{rel}","templated":true}]}}