{"id":574917,"date":"2025-12-03T07:54:10","date_gmt":"2025-12-03T07:54:10","guid":{"rendered":"https:\/\/www.europesays.com\/fr\/574917\/"},"modified":"2025-12-03T07:54:10","modified_gmt":"2025-12-03T07:54:10","slug":"le-rappeur-booba-a-nouveau-devant-la-justice-pour-injures-discriminatoires-et-harcelement","status":"publish","type":"post","link":"https:\/\/www.europesays.com\/fr\/574917\/","title":{"rendered":"le rappeur Booba \u00e0 nouveau devant la justice pour injures discriminatoires et harc\u00e8lement"},"content":{"rendered":"<p>                    Par<br \/>\n        <strong><br \/>\n            <a href=\"https:\/\/actu.fr\/auteur\/redaction-paris\" title=\"Consulter tous les articles de R\u00e9daction Paris\" target=\"_blank\" rel=\"noopener\">R\u00e9daction Paris<\/a><br \/>\n                    <\/strong><\/p>\n<p>        Publi\u00e9 le<\/p>\n<p>            3 d\u00e9c. 2025 \u00e0 8h42        <\/p>\n<p>Apr\u00e8s <a href=\"https:\/\/actu.fr\/ile-de-france\/paris_75056\/paris-booba-accusait-berdah-de-diffamation-le-rappeur-sous-le-coup-d-une-sanction-rare-et-severe_62641692.html\" target=\"_blank\" rel=\"noopener\">Magali Berdah<\/a> et <a href=\"https:\/\/actu.fr\/ile-de-france\/paris_75056\/paris-le-rappeur-booba-mis-en-examen-pour-harcelement-aggrave-sur-la-compagne-de-gims_63317186.html\" target=\"_blank\" rel=\"noopener\">Demdem<\/a>, le duc de Boulogne est de retour devant la justice pour deux nouveaux cas d\u2019harc\u00e8lement. Ce mercredi 3\u00a0d\u00e9cembre 2025, <a href=\"https:\/\/actu.fr\/tag\/booba\" target=\"_blank\" rel=\"noopener\">Booba<\/a> doit \u00eatre jug\u00e9 par le tribunal correctionnel de Paris pour <strong>injures discriminatoires<\/strong> et cyberharc\u00e8lement envers Linh-Lan Dao, journaliste de France T\u00e9l\u00e9visions et Tristan Mend\u00e8s France, essayiste. Selon plusieurs sources, le rappeur ne devrait pas \u00eatre pr\u00e9sent \u00e0 l\u2019audience, le dossier pourrait donc \u00eatre report\u00e9 \u00e0 une date ult\u00e9rieure.<\/p>\n<p>Cyberharc\u00e8lement aggrav\u00e9<\/p>\n<p class=\" wall-content\">Booba est principalement poursuivi pour cyberharc\u00e8lement aggrav\u00e9 et injures publiques discriminatoires envers la journaliste, apr\u00e8s des propos publi\u00e9s sur X en janvier\u00a02024. L\u2019avocate de Linh-Lan Dao, Me Ilana Soskin, a consid\u00e9r\u00e9 aupr\u00e8s de l\u2019AFP que \u00ab\u2009le harc\u00e8lement qu\u2019elle a subi et les <strong>injures \u00e0 raison de son origine<\/strong> qui ont \u00e9t\u00e9 prof\u00e9r\u00e9es par Booba, suivies et relay\u00e9es par des centaines d\u2019internautes, ne peuvent rester impunis, d\u2019autant qu\u2019elle n\u2019a fait que son m\u00e9tier\u2009: informer\u2009\u00bb.<\/p>\n<p class=\" wall-content\">S\u2019agissant de l\u2019essayiste Tristan Mend\u00e8s France, sp\u00e9cialiste des cultures num\u00e9riques \u00e0 l\u2019universit\u00e9 Paris-Cit\u00e9, Booba devra r\u00e9pondre de messages sur X en janvier\u00a02024 dans lesquels il avait \u00e9crit \u00e0 son sujet\u2009: <strong>\u00ab\u2009Il est nez avant la honte\u2009\u00bb<\/strong>, accompagn\u00e9 d\u2019une photographie de la victime accol\u00e9e \u00e0 une autre du tueur en s\u00e9rie Francis Heaulme, ou encore d\u2019avoir \u00e9crit \u00ab\u2009nezfaste\u2009\u00bb.<\/p>\n<p>\u00ab\u2009Un flot spectaculaire de commentaires antis\u00e9mites\u2009\u00bb<\/p>\n<p class=\" wall-content\">En septembre, apr\u00e8s la pr\u00e9sentation de Booba devant un juge, lequel lui avait remis une <strong>convocation<\/strong> \u00e0 une audience au tribunal et plac\u00e9 sous contr\u00f4le judiciaire, l\u2019universitaire avait pr\u00e9cis\u00e9 \u00e0 l\u2019AFP ne pas \u00eatre \u00e0 l\u2019origine de la proc\u00e9dure, ni avoir l\u2019intention de se porter partie civile dans ce dossier.<\/p>\n<p class=\" wall-content\">\u00ab\u2009Avec son empreinte sur X, ses messages ont d\u00e9clench\u00e9 un flot spectaculaire de commentaires antis\u00e9mites\u2009\u00bb, avait pr\u00e9cis\u00e9 celui qui est par ailleurs sp\u00e9cialiste de la \u00ab\u2009complosph\u00e8re\u2009\u00bb. \u00ab\u2009Il faut avoir une culture historique lamentable pour ne pas se rappeler des attaques antis\u00e9mites contre <strong>le nom Mend\u00e8s France<\/strong> et particuli\u00e8rement Pierre Mend\u00e8s France\u2009\u00bb, l\u2019ancien chef du gouvernement (1954-1955) dont il est le petit-fils, et \u00ab\u2009dont l\u2019effigie avait \u00e9t\u00e9 brandie lors de l\u2019exposition p\u00e9tainiste sur les Juifs\u2009\u00bb, avait-il rappel\u00e9.<\/p>\n<p class=\" wall-content\">Booba, de son vrai nom <strong>Elie Yaffa<\/strong>, est par ailleurs mis en examen dans deux autres dossiers de harc\u00e8lement moral en ligne\u2009: depuis octobre\u00a02023 contre <a href=\"https:\/\/actu.fr\/ile-de-france\/paris_75056\/paris-booba-jette-l-eponge-dans-son-bras-de-fer-judiciaire-avec-l-ex-reine-de-influenceurs-magali-berdah_62333069.html\" target=\"_blank\" rel=\"noopener\">l\u2019ex-reine des influenceurs Magali Berdah<\/a> et, depuis octobre, contre Demdem, un temps la compagne de son rival et autre <a href=\"https:\/\/actu.fr\/ile-de-france\/paris_75056\/paris-le-rappeur-booba-en-garde-a-vue-apres-une-plainte-pour-harcelement-de-gims_63308373.html\" target=\"_blank\" rel=\"noopener\">poids lourd du rap fran\u00e7ais, Gims<\/a>.<\/p>\n<p class=\" wall-content\">Avec AFP.<\/p>\n<p class=\" wall-content\">Personnalisez votre actualit\u00e9 en ajoutant vos villes et m\u00e9dias en favori avec <a href=\"https:\/\/moncompte.actu.fr\" title=\"D\u00e9couvez Mon Actu\" rel=\"nofollow noopener\" data-trk=\"{&quot;cta&quot;:{&quot;action&quot;:&quot;https:\\\/\\\/moncompte.actu.fr&quot;,&quot;category&quot;:&quot;mon compte&quot;,&quot;from&quot;:&quot;article footer&quot;,&quot;name&quot;:&quot;Mon actu&quot;,&quot;type&quot;:&quot;cta&quot;}}\" target=\"_blank\">Mon Actu<\/a>.<\/p>\n","protected":false},"excerpt":{"rendered":"Par R\u00e9daction Paris Publi\u00e9 le 3 d\u00e9c. 2025 \u00e0 8h42 Apr\u00e8s Magali Berdah et Demdem, le duc de&hellip;\n","protected":false},"author":2,"featured_media":574918,"comment_status":"","ping_status":"","sticky":false,"template":"","format":"standard","meta":{"footnotes":""},"categories":[1888],"tags":[11,3646,1777,674,118,1011,27,303,12,626,25],"class_list":{"0":"post-574917","1":"post","2":"type-post","3":"status-publish","4":"format-standard","5":"has-post-thumbnail","7":"category-paris","8":"tag-actualites","9":"tag-booba","10":"tag-eu","11":"tag-europe","12":"tag-faits-divers","13":"tag-fr","14":"tag-france","15":"tag-justice","16":"tag-news","17":"tag-paris","18":"tag-republique-francaise"},"share_on_mastodon":{"url":"https:\/\/pubeurope.com\/@fr\/115654561951858094","error":""},"_links":{"self":[{"href":"https:\/\/www.europesays.com\/fr\/wp-json\/wp\/v2\/posts\/574917","targetHints":{"allow":["GET"]}}],"collection":[{"href":"https:\/\/www.europesays.com\/fr\/wp-json\/wp\/v2\/posts"}],"about":[{"href":"https:\/\/www.europesays.com\/fr\/wp-json\/wp\/v2\/types\/post"}],"author":[{"embeddable":true,"href":"https:\/\/www.europesays.com\/fr\/wp-json\/wp\/v2\/users\/2"}],"replies":[{"embeddable":true,"href":"https:\/\/www.europesays.com\/fr\/wp-json\/wp\/v2\/comments?post=574917"}],"version-history":[{"count":0,"href":"https:\/\/www.europesays.com\/fr\/wp-json\/wp\/v2\/posts\/574917\/revisions"}],"wp:featuredmedia":[{"embeddable":true,"href":"https:\/\/www.europesays.com\/fr\/wp-json\/wp\/v2\/media\/574918"}],"wp:attachment":[{"href":"https:\/\/www.europesays.com\/fr\/wp-json\/wp\/v2\/media?parent=574917"}],"wp:term":[{"taxonomy":"category","embeddable":true,"href":"https:\/\/www.europesays.com\/fr\/wp-json\/wp\/v2\/categories?post=574917"},{"taxonomy":"post_tag","embeddable":true,"href":"https:\/\/www.europesays.com\/fr\/wp-json\/wp\/v2\/tags?post=574917"}],"curies":[{"name":"wp","href":"https:\/\/api.w.org\/{rel}","templated":true}]}}