{"id":574921,"date":"2025-12-03T07:56:15","date_gmt":"2025-12-03T07:56:15","guid":{"rendered":"https:\/\/www.europesays.com\/fr\/574921\/"},"modified":"2025-12-03T07:56:15","modified_gmt":"2025-12-03T07:56:15","slug":"un-plan-secret-de-larmee-allemande-fuite-dans-la-presse","status":"publish","type":"post","link":"https:\/\/www.europesays.com\/fr\/574921\/","title":{"rendered":"un plan secret de l&rsquo;arm\u00e9e allemande fuite dans la presse"},"content":{"rendered":"<p>Un conflit arm\u00e9 avec la <a href=\"https:\/\/www.lejdd.fr\/russie\" target=\"_blank\" rel=\"noopener\">Russie<\/a> se profile-t-il\u00a0? Ce 2\u00a0d\u00e9cembre, Vladimir Poutine s\u2019est en tout cas dit \u00ab\u00a0pr\u00eat\u00a0\u00bb \u00e0 une telle possibilit\u00e9 <a href=\"https:\/\/www.lejdd.fr\/International\/escalade-russie-occident-si-leurope-souhaite-la-guerre-nous-sommes-prets-previent-vladimir-poutine-164613\" target=\"_blank\" rel=\"noopener\">\u00ab\u00a0si l\u2019Europe souhaite la guerre\u00a0\u00bb<\/a>. Le ministre allemand de la D\u00e9fense, Boris Pistorius, a r\u00e9cemment confi\u00e9 au journal <a href=\"https:\/\/www.faz.net\/aktuell\/politik\/inland\/boris-pistorius-ueber-bedrohung-aus-russland-die-nato-kann-sich-wehren-accg-110781217.html\" target=\"_blank\" rel=\"noopener\">Frankfurter Allgemeine Zeitung<\/a> qu\u2019une attaque russe contre l\u2019Otan pourrait se produire d\u00e8s 2029, voire plus t\u00f4t. \u00ab\u00a0Certains experts sugg\u00e8rent que cela pourrait arriver d\u00e8s 2028, et quelques historiens militaires avancent m\u00eame que l\u2019\u00e9t\u00e9 dernier \u00e9tait peut-\u00eatre le dernier \u00e9t\u00e9 de paix\u00a0\u00bb, a-t-il pr\u00e9venu.<\/p>\n<p>Un plan pour d\u00e9ployer 800\u00a0000 soldats<\/p>\n<p>Face \u00e0 l\u2019\u00e9ventualit\u00e9 d\u2019une guerre contre la Russie, l\u2019Allemagne se pr\u00e9pare. D\u2019apr\u00e8s un document de la Bundeswehr d\u00e9voil\u00e9 par le Wall Street Journal, Berlin a \u00e9labor\u00e9 un vaste plan pour d\u00e9fendre l\u2019Otan. Con\u00e7u il y a environ deux ans et demi, le Plan Op\u00e9rationnel Allemagne (OPLAN DEU) pr\u00e9voit notamment le d\u00e9ploiement de jusqu\u2019\u00e0 800\u00a0000 soldats de l\u2019Otan sur son territoire. Il doit garantir des prises de d\u00e9cisions politiques rapides et adapter l\u2019\u00e9tat de pr\u00e9paration au combat.<\/p>\n<p>    La suite apr\u00e8s cette publicit\u00e9<\/p>\n<p>Cette strat\u00e9gie reprend quelque peu celle men\u00e9e lors de la Guerre froide tout en l\u2019adaptant aux probl\u00e9matiques actuelles, comme les lourdeurs bureaucratiques, le manque de personnel ou le vieillissement des infrastructures.<\/p>\n<p>    La suite apr\u00e8s cette publicit\u00e9<\/p>\n<p>\u00c0 la fin du mois de septembre, l\u2019exercice \u00ab\u00a0Red Storm Bravo\u00a0\u00bb, men\u00e9 par le commandement r\u00e9gional de Hambourg, incluait une simulation de l\u2019arriv\u00e9e de forces de l\u2019Otan progressant en colonne vers l\u2019est, selon un porte-parole interrog\u00e9 par Euronews. Ce convoi d\u2019entra\u00eenement n\u2019a toutefois parcouru que dix kilom\u00e8tres en deux heures en raison de la mise en place de larges intervalles entre les v\u00e9hicules, de la pr\u00e9sence d\u2019un drone simul\u00e9 et de la mise en sc\u00e8ne d\u2019une manifestation.<\/p>\n<p>Implication des entreprises priv\u00e9es<\/p>\n<p>Les entreprises priv\u00e9es ont un r\u00f4le crucial \u00e0 jouer dans le d\u00e9ploiement de ce plan. C\u2019est le cas par exemple de Rheinmetall, charg\u00e9 d\u2019approvisionner les troupes et de fournir les camps militaires temporaires en infrastructures\u00a0: douches, cuisines, stations-service\u2026<\/p>\n<p>    La suite apr\u00e8s cette publicit\u00e9<\/p>\n<p>    La suite apr\u00e8s cette publicit\u00e9<\/p>\n<p>Face \u00e0 de possibles actes de sabotage, en particulier sur les ports, les voies ferr\u00e9es et les routes, des drones seront d\u00e9ploy\u00e9s afin de les rep\u00e9rer. Ces appareils devront \u00eatre \u00e9quip\u00e9s de feux de position et auront pour interdiction de survoler les habitations.<\/p>\n","protected":false},"excerpt":{"rendered":"Un conflit arm\u00e9 avec la Russie se profile-t-il\u00a0? Ce 2\u00a0d\u00e9cembre, Vladimir Poutine s\u2019est en tout cas dit \u00ab\u00a0pr\u00eat\u00a0\u00bb&hellip;\n","protected":false},"author":2,"featured_media":574922,"comment_status":"","ping_status":"","sticky":false,"template":"","format":"standard","meta":{"footnotes":""},"categories":[1591],"tags":[11,1887,12,1885,1886,132],"class_list":{"0":"post-574921","1":"post","2":"type-post","3":"status-publish","4":"format-standard","5":"has-post-thumbnail","7":"category-russie","8":"tag-actualites","9":"tag-federation-de-russie","10":"tag-news","11":"tag-russia","12":"tag-russian-federation","13":"tag-russie"},"share_on_mastodon":{"url":"https:\/\/pubeurope.com\/@fr\/115654569950604484","error":""},"_links":{"self":[{"href":"https:\/\/www.europesays.com\/fr\/wp-json\/wp\/v2\/posts\/574921","targetHints":{"allow":["GET"]}}],"collection":[{"href":"https:\/\/www.europesays.com\/fr\/wp-json\/wp\/v2\/posts"}],"about":[{"href":"https:\/\/www.europesays.com\/fr\/wp-json\/wp\/v2\/types\/post"}],"author":[{"embeddable":true,"href":"https:\/\/www.europesays.com\/fr\/wp-json\/wp\/v2\/users\/2"}],"replies":[{"embeddable":true,"href":"https:\/\/www.europesays.com\/fr\/wp-json\/wp\/v2\/comments?post=574921"}],"version-history":[{"count":0,"href":"https:\/\/www.europesays.com\/fr\/wp-json\/wp\/v2\/posts\/574921\/revisions"}],"wp:featuredmedia":[{"embeddable":true,"href":"https:\/\/www.europesays.com\/fr\/wp-json\/wp\/v2\/media\/574922"}],"wp:attachment":[{"href":"https:\/\/www.europesays.com\/fr\/wp-json\/wp\/v2\/media?parent=574921"}],"wp:term":[{"taxonomy":"category","embeddable":true,"href":"https:\/\/www.europesays.com\/fr\/wp-json\/wp\/v2\/categories?post=574921"},{"taxonomy":"post_tag","embeddable":true,"href":"https:\/\/www.europesays.com\/fr\/wp-json\/wp\/v2\/tags?post=574921"}],"curies":[{"name":"wp","href":"https:\/\/api.w.org\/{rel}","templated":true}]}}