{"id":574923,"date":"2025-12-03T07:57:11","date_gmt":"2025-12-03T07:57:11","guid":{"rendered":"https:\/\/www.europesays.com\/fr\/574923\/"},"modified":"2025-12-03T07:57:11","modified_gmt":"2025-12-03T07:57:11","slug":"ukraine-commerce-ces-nombreux-dossiers-au-menu-de-la-visite-demmanuel-macron-en-chine-lexpress","status":"publish","type":"post","link":"https:\/\/www.europesays.com\/fr\/574923\/","title":{"rendered":"Ukraine, commerce\u2026 Ces nombreux dossiers au menu de la visite d\u2019Emmanuel Macron en Chine \u2013 L&rsquo;Express"},"content":{"rendered":"<p class=\"paragraph article-body-paragraph article__item   article-body-paragraph--first \">C\u2019est sa quatri\u00e8me visite d\u2019\u00c9tat en <a href=\"https:\/\/www.lexpress.fr\/monde\/asie\/chine-le-geant-de-l-asie_1112446.html\" target=\"_self\" rel=\"noopener\" title=\"https:\/\/www.lexpress.fr\/monde\/asie\/chine-le-geant-de-l-asie_1112446.html\">Chine<\/a> : Emmanuel Macron entame ce mercredi 3 d\u00e9cembre un voyage de trois jours \u00e0 P\u00e9kin afin de d\u00e9fendre les int\u00e9r\u00eats fran\u00e7ais et europ\u00e9ens, de l\u2019Ukraine aux \u00e9changes commerciaux, sur fond de contentieux croissants avec le g\u00e9ant asiatique.<\/p>\n<p class=\"paragraph article-body-paragraph article__item   \">Le pr\u00e9sident fran\u00e7ais, attendu vers 17h00 locales (10h00 heure fran\u00e7aise) dans la capitale chinoise, entrera dans le vif du sujet jeudi avec son homologue <a href=\"https:\/\/www.lexpress.fr\/idees-et-debats\/james-kynge-si-elle-le-decidait-la-chine-pourrait-impacter-comme-jamais-le-mode-de-vie-des-K3OGRUIUMRG35ERRO6YDW43BMU\/\" target=\"_self\" rel=\"noopener\" title=\"https:\/\/www.lexpress.fr\/idees-et-debats\/james-kynge-si-elle-le-decidait-la-chine-pourrait-impacter-comme-jamais-le-mode-de-vie-des-K3OGRUIUMRG35ERRO6YDW43BMU\/\">Xi Jinping<\/a>, apr\u00e8s une s\u00e9quence priv\u00e9e, la visite des jardins de Qianlong \u00e0 la Cit\u00e9 interdite, \u00e0 son arriv\u00e9e. Les deux dirigeants se retrouveront aussi vendredi \u00e0 Chengdu, dans la province du Sichuan (centre), berceau des pandas g\u00e9ants devenus des ambassadeurs de la Chine<b> <\/b>\u00e0 travers le monde, pour une rencontre plus informelle.<\/p>\n<p><strong class=\"article-body-link-list__item text-gray-800 article-body-link-list__item--one-item\">LIRE AUSSI : <a class=\"article-body-link-list__item-link\" href=\"https:\/\/www.lexpress.fr\/idees-et-debats\/james-kynge-si-elle-le-decidait-la-chine-pourrait-impacter-comme-jamais-le-mode-de-vie-des-K3OGRUIUMRG35ERRO6YDW43BMU\/\" target=\"_blank\" rel=\"noopener\">James Kynge : \u00ab\u00a0Si elle le d\u00e9cidait, la Chine pourrait impacter comme jamais le mode de vie des Occidentaux\u00a0\u00bb<\/a><\/strong><\/p>\n<p class=\"paragraph article-body-paragraph article__item   \"><a href=\"https:\/\/www.lexpress.fr\/politique\/labellisation-des-medias-le-projet-demmanuel-macron-a-lorigine-dune-passe-darmes-avec-cnews-TLSGCMFJTFB7RNBSEMET53NFTI\/\" target=\"_self\" rel=\"noopener\" title=\"https:\/\/www.lexpress.fr\/politique\/labellisation-des-medias-le-projet-demmanuel-macron-a-lorigine-dune-passe-darmes-avec-cnews-TLSGCMFJTFB7RNBSEMET53NFTI\/\">Emmanuel Macron<\/a> est accompagn\u00e9 de son \u00e9pouse Brigitte, de six ministres (Affaires \u00e9trang\u00e8res, Economie, Agriculture, Environnement, Enseignement sup\u00e9rieur, Culture) et 35 patrons de grands groupes (Airbus, EDF, Danone..) ou d\u2019entreprises plus familiales, du luxe \u00e0 l\u2019agroalimentaire.<\/p>\n<p class=\"paragraph article-body-paragraph article__item   \">\u00ab\u00a0Nous voulons, et ce sera l\u2019objet de la conversation strat\u00e9gique avec le pr\u00e9sident Xi Jinping, que l\u2019Europe soit respect\u00e9e comme un grand partenaire de la Chine\u00a0\u00bb, a insist\u00e9 l\u2019Elys\u00e9e \u00e0 la veille de la visite.<\/p>\n<p>Guerre en Ukraine<\/p>\n<p class=\"paragraph article-body-paragraph article__item   \">Sujet prioritaire, <a href=\"https:\/\/www.lexpress.fr\/monde\/europe\/l-ukraine-hesite-entre-est-et-ouest_1302698.html\" target=\"_self\" rel=\"noopener\" title=\"https:\/\/www.lexpress.fr\/monde\/europe\/l-ukraine-hesite-entre-est-et-ouest_1302698.html\">la guerre en Ukraine<\/a> et par ricochet la s\u00e9curit\u00e9 du Vieux continent, alors que les discussions s\u2019intensifient pour tenter de mettre fin aux hostilit\u00e9s. Emmanuel Macron va appeler une nouvelle fois Xi Jinping \u00e0 \u00ab\u00a0peser\u00a0\u00bb sur la Russie, <a href=\"https:\/\/www.lexpress.fr\/idees-et-debats\/alexander-j-motyl-avec-vladimir-poutine-la-russie-est-devenue-un-etat-vassal-de-la-chine-GCECENAFMVCH7BQDWTIEQUD4F4\/\" target=\"_self\" rel=\"noopener\" title=\"https:\/\/www.lexpress.fr\/idees-et-debats\/alexander-j-motyl-avec-vladimir-poutine-la-russie-est-devenue-un-etat-vassal-de-la-chine-GCECENAFMVCH7BQDWTIEQUD4F4\/\">partenaire strat\u00e9gique de la Chine<\/a>, pour la \u00ab\u00a0convaincre\u00a0\u00bb d\u2019accepter un cessez-le-feu.<\/p>\n<p class=\"paragraph article-body-paragraph article__item   \">Si elle appelle r\u00e9guli\u00e8rement \u00e0 des pourparlers de paix, la Chine n\u2019a toutefois jamais condamn\u00e9 Moscou pour l\u2019invasion de l\u2019Ukraine et revendique une neutralit\u00e9 dans ce dossier. Elle est aussi accus\u00e9e par les Occidentaux de <a href=\"https:\/\/www.lexpress.fr\/monde\/la-chine-profite-des-sanctions-contre-la-russie-pour-lui-vendre-au-prix-fort-ses-fournitures-de-DYE77I7FPFFLFLY57CUNWMFP6E\/\" target=\"_self\" rel=\"noopener\" title=\"https:\/\/www.lexpress.fr\/monde\/la-chine-profite-des-sanctions-contre-la-russie-pour-lui-vendre-au-prix-fort-ses-fournitures-de-DYE77I7FPFFLFLY57CUNWMFP6E\/\">soutenir l\u2019effort de guerre de la Russie<\/a> en lui livrant notamment des composants pour son industrie de d\u00e9fense.<\/p>\n<p class=\"paragraph article-body-paragraph article__item   \">\u00ab\u00a0Nous comptons sur la Chine, membre permanent comme nous, du Conseil de s\u00e9curit\u00e9 (..) pour peser sur la Russie, pour que la Russie et Vladimir Poutine, en particulier, puissent enfin se r\u00e9soudre \u00e0 un cessez-le-feu\u00a0\u00bb, a d\u00e9clar\u00e9 lundi le chef de la diplomatie fran\u00e7aise, Jean-No\u00ebl Barrot, alors que les n\u00e9gociations s\u2019intensifient vers une sortie de crise. \u00ab\u00a0La Chine peut exercer un r\u00f4le essentiel pour amener la Russie de Vladimir Poutine \u00e0 prendre la bonne d\u00e9cision\u00a0\u00bb, a-t-il insist\u00e9 sur la radio France Culture.<\/p>\n<p>D\u00e9ficit commercial<\/p>\n<p class=\"paragraph article-body-paragraph article__item   \">Autre enjeu cl\u00e9 de la visite, le d\u00e9ficit commercial abyssal entre la France et la Chine, qui a doubl\u00e9 en dix ans pour atteindre 47 milliards d\u2019euros en 2024. La Chine compense des \u00ab\u00a0surcapacit\u00e9s\u00a0\u00bb de production par une hausse de ses exportations, ce qui emporte un certain nombre de \u00ab\u00a0risques g\u00e9opolitiques\u00a0\u00bb, de la \u00ab\u00a0fermeture de march\u00e9s\u00a0\u00bb \u00e0 la \u00ab\u00a0r\u00e9cession\u00a0\u00bb, a averti mardi un conseiller du pr\u00e9sident Macron.<\/p>\n<p><strong class=\"article-body-link-list__item text-gray-800 article-body-link-list__item--one-item\">LIRE AUSSI : <a class=\"article-body-link-list__item-link\" href=\"https:\/\/www.lexpress.fr\/economie\/premier-fabricant-de-drones-et-de-clous-comment-la-chine-est-devenue-lempire-du-productivisme-CF5GHTPAHJHYXAQEET4DQOUSRU\/\" target=\"_blank\" rel=\"noopener\">Premier fabricant de drones\u2026 et de clous : comment la Chine est devenue l\u2019empire du productivisme<\/a><\/strong><\/p>\n<p class=\"paragraph article-body-paragraph article__item   \">Dans ce contexte, Paris souhaite que les entreprises chinoises investissent plus en France et partagent les innovations qu\u2019elles ma\u00eetrisent dans les \u00ab\u00a0mobilit\u00e9s durables, les batteries ou le photovolta\u00efque\u00a0\u00bb. Le g\u00e9ant fran\u00e7ais du combustible nucl\u00e9aire Orano s\u2019est ainsi associ\u00e9 au chinois XTC New Energy pour la production de mat\u00e9riaux critiques \u00e0 Dunkerque, dans le nord de la France. De la m\u00eame mani\u00e8re, une filiale du chinois Envision fabrique des batteries de voitures \u00e9lectriques pour le groupe Renault \u00e0 Douai (nord).<\/p>\n<p class=\"paragraph article-body-paragraph article__item   \">La Chine est aussi accus\u00e9e de \u00ab\u00a0concurrence d\u00e9loyale\u00a0\u00bb vis-\u00e0-vis de l\u2019Europe en subventionnant massivement son industrie. La France se retrouve ainsi dans le viseur de P\u00e9kin, avec une s\u00e9rie d\u2019enqu\u00eates visant ses exportations (<a href=\"https:\/\/www.lexpress.fr\/economie\/la-chine-va-taxer-les-importations-de-cognac-francais-certains-producteurs-exemptes-I6PHPM2JU5DTLEWY5NI3RDE5SI\/\" target=\"_self\" rel=\"noopener\" title=\"https:\/\/www.lexpress.fr\/economie\/la-chine-va-taxer-les-importations-de-cognac-francais-certains-producteurs-exemptes-I6PHPM2JU5DTLEWY5NI3RDE5SI\/\">cognac<\/a>, produits laitiers, viande porcine etc..) et des surtaxes potentielles \u00e0 la cl\u00e9, pour avoir soutenu une hausse des droits de douane europ\u00e9ens sur les voitures \u00e9lectriques en provenance de Chine. \u00ab\u00a0Ces questions-l\u00e0 feront l\u2019objet de discussions au plus haut niveau\u00a0\u00bb durant la visite, promet la pr\u00e9sidence fran\u00e7aise, jugeant ces enqu\u00eates \u00ab\u00a0inacceptables\u00a0\u00bb.<\/p>\n<p>Shein et droits humains<\/p>\n<p class=\"paragraph article-body-paragraph article__item   \">Le sujet des <a href=\"https:\/\/www.lexpress.fr\/monde\/europe\/terres-rares-lunion-europeenne-veut-rompre-sa-dependance-vis-a-vis-de-la-chine-UQ5OBY4TZBCWNNSSPSNFUCPBFQ\/\" target=\"_self\" rel=\"noopener\" title=\"https:\/\/www.lexpress.fr\/monde\/europe\/terres-rares-lunion-europeenne-veut-rompre-sa-dependance-vis-a-vis-de-la-chine-UQ5OBY4TZBCWNNSSPSNFUCPBFQ\/\">terres rares<\/a> sera aussi \u00ab\u00a0certainement abord\u00e9\u00a0\u00bb par les deux pr\u00e9sidents, ajoute-t-elle alors que la Chine, qui domine la production mondiale en la mati\u00e8re, encadre s\u00e9v\u00e8rement ses exportations. Les terres rares sont des m\u00e9taux et minerais essentiels pour des pans entiers de l\u2019\u00e9conomie, en particulier l\u2019industrie automobile, les \u00e9nergies renouvelables ou la d\u00e9fense.<\/p>\n<p><strong class=\"article-body-link-list__item text-gray-800 article-body-link-list__item--one-item\">LIRE AUSSI : <a class=\"article-body-link-list__item-link\" href=\"https:\/\/www.lexpress.fr\/environnement\/la-chine-ecrase-tout-comment-pekin-fait-main-basse-sur-les-mines-du-monde-entier-YZHYJMU55FF6VOBDMK773TSAUI\/\" target=\"_blank\" rel=\"noopener\">\u00ab\u00a0La Chine \u00e9crase tout\u00a0\u00bb : comment P\u00e9kin fait main basse sur les mines du monde entier<\/a><\/strong><\/p>\n<p class=\"paragraph article-body-paragraph article__item   \">A l\u2019inverse, le g\u00e9ant du e-commerce chinois <a href=\"https:\/\/www.lexpress.fr\/societe\/apres-shein-le-gouvernement-signale-six-nouvelles-plateformes-a-la-justice-YU5J7WUJLVHLXEE4UAZB3I34VM\/\" target=\"_self\" rel=\"noopener\" title=\"https:\/\/www.lexpress.fr\/societe\/apres-shein-le-gouvernement-signale-six-nouvelles-plateformes-a-la-justice-YU5J7WUJLVHLXEE4UAZB3I34VM\/\">Shein<\/a> est dans le collimateur de la France &#8211; et de l\u2019UE &#8211; apr\u00e8s la vente de produits ill\u00e9gaux dont des poup\u00e9es p\u00e9dopornographiques. Paris r\u00e9clame la suspension pour trois mois minimum du site en France.<\/p>\n<p class=\"paragraph article-body-paragraph article__item   \">Signe toutefois que la relation \u00e9conomique reste fluide, plusieurs accords seront sign\u00e9s durant la visite, rel\u00e8ve l\u2019\u00c9lys\u00e9e qui rappelle, sans plus de pr\u00e9cisions, la \u00ab\u00a0profondeur des \u00e9changes en mati\u00e8re a\u00e9ronautique, \u00e9nerg\u00e9tique ou agroalimentaire\u00a0\u00bb.<\/p>\n<p class=\"paragraph article-body-paragraph article__item    article__text__endpicto\">Emmanuel Macron abordera aussi la question des droits humains en Chine, assure la pr\u00e9sidence. \u00ab\u00a0Toutes les questions seront trait\u00e9es dans le cadre du dialogue entre les deux pr\u00e9sidents\u00a0\u00bb, promet-on \u00e0 Paris. L\u2019organisation International Campaign for Tibet (ICT) l\u2019exhorte \u00e0 \u00ab\u00a0demander la lib\u00e9ration imm\u00e9diate et inconditionnelle\u00a0\u00bb de Zhang Yadi, une d\u00e9fenseuse des droits des Tib\u00e9tains arr\u00eat\u00e9e en Chine en juillet et qui risque jusqu\u2019\u00e0 15 ans de prison pour \u00ab\u00a0incitation au s\u00e9paratisme\u00a0\u00bb.<\/p>\n","protected":false},"excerpt":{"rendered":"C\u2019est sa quatri\u00e8me visite d\u2019\u00c9tat en Chine : Emmanuel Macron entame ce mercredi 3 d\u00e9cembre un voyage de&hellip;\n","protected":false},"author":2,"featured_media":574924,"comment_status":"","ping_status":"","sticky":false,"template":"","format":"standard","meta":{"footnotes":""},"categories":[1590],"tags":[11,1328,1777,674,74,12,220],"class_list":{"0":"post-574923","1":"post","2":"type-post","3":"status-publish","4":"format-standard","5":"has-post-thumbnail","7":"category-ukraine","8":"tag-actualites","9":"tag-asie-pacifique","10":"tag-eu","11":"tag-europe","12":"tag-monde","13":"tag-news","14":"tag-ukraine"},"share_on_mastodon":{"url":"https:\/\/pubeurope.com\/@fr\/115654573744554130","error":""},"_links":{"self":[{"href":"https:\/\/www.europesays.com\/fr\/wp-json\/wp\/v2\/posts\/574923","targetHints":{"allow":["GET"]}}],"collection":[{"href":"https:\/\/www.europesays.com\/fr\/wp-json\/wp\/v2\/posts"}],"about":[{"href":"https:\/\/www.europesays.com\/fr\/wp-json\/wp\/v2\/types\/post"}],"author":[{"embeddable":true,"href":"https:\/\/www.europesays.com\/fr\/wp-json\/wp\/v2\/users\/2"}],"replies":[{"embeddable":true,"href":"https:\/\/www.europesays.com\/fr\/wp-json\/wp\/v2\/comments?post=574923"}],"version-history":[{"count":0,"href":"https:\/\/www.europesays.com\/fr\/wp-json\/wp\/v2\/posts\/574923\/revisions"}],"wp:featuredmedia":[{"embeddable":true,"href":"https:\/\/www.europesays.com\/fr\/wp-json\/wp\/v2\/media\/574924"}],"wp:attachment":[{"href":"https:\/\/www.europesays.com\/fr\/wp-json\/wp\/v2\/media?parent=574923"}],"wp:term":[{"taxonomy":"category","embeddable":true,"href":"https:\/\/www.europesays.com\/fr\/wp-json\/wp\/v2\/categories?post=574923"},{"taxonomy":"post_tag","embeddable":true,"href":"https:\/\/www.europesays.com\/fr\/wp-json\/wp\/v2\/tags?post=574923"}],"curies":[{"name":"wp","href":"https:\/\/api.w.org\/{rel}","templated":true}]}}