{"id":574929,"date":"2025-12-03T08:00:30","date_gmt":"2025-12-03T08:00:30","guid":{"rendered":"https:\/\/www.europesays.com\/fr\/574929\/"},"modified":"2025-12-03T08:00:30","modified_gmt":"2025-12-03T08:00:30","slug":"parc-asterix-en-allemagne-pourquoi-nos-parcs-dattractions-seduisent-nos-voisins-actualites","status":"publish","type":"post","link":"https:\/\/www.europesays.com\/fr\/574929\/","title":{"rendered":"Parc Ast\u00e9rix en Allemagne: pourquoi nos parcs d&rsquo;attractions s\u00e9duisent nos voisins ? : Actualit\u00e9s"},"content":{"rendered":"<p class=\"a__paragraph text-gray3 \" id=\"atm-video-summary-text\">\n                    Le secteur des parcs \u00e0 th\u00e8me conna\u00eet une expansion mondiale remarquable, avec des acteurs majeurs comme Disney, Lego et le Puy du Fou. Ce dernier, c\u00e9l\u00e8bre pour ses concepts historiques adapt\u00e9s \u00e0 chaque pays, s&rsquo;implante en Chine, aux \u00c9tats-Unis et en Europe. Les parcs offrent des marges attractives, avec un retour sur investissement rapide, entre 2 et 4 ans.\u00a0\u00a0Retrouvez tous nos contenus exclusifs sur la cha\u00eene BFMTV : abonnez-vous et pour ne rien manquer.\u00a0Retrouvez-nous aussi sur :\u00a0\u25ba bfmtv.com : https:\/\/www.bfmtv.com\/\u25ba Facebook : https:\/\/www.facebook.com\/BFMTV\/\u25ba Instagram : https:\/\/www.instagram.com\/bfmtv\/\u25ba Twitter : https:\/\/x.com\/BFMTV\/\n            <\/p>\n<p>                <script async src=\"\/\/www.instagram.com\/embed.js\"><\/script><\/p>\n","protected":false},"excerpt":{"rendered":"Le secteur des parcs \u00e0 th\u00e8me conna\u00eet une expansion mondiale remarquable, avec des acteurs majeurs comme Disney, Lego&hellip;\n","protected":false},"author":2,"featured_media":574930,"comment_status":"","ping_status":"","sticky":false,"template":"","format":"standard","meta":{"footnotes":""},"categories":[1587],"tags":[11,672,1804,1805,1803,1777,674,1801,12,1802],"class_list":{"0":"post-574929","1":"post","2":"type-post","3":"status-publish","4":"format-standard","5":"has-post-thumbnail","7":"category-allemagne","8":"tag-actualites","9":"tag-allemagne","10":"tag-bundesrepublik-deutschland","11":"tag-de","12":"tag-deutschland","13":"tag-eu","14":"tag-europe","15":"tag-germany","16":"tag-news","17":"tag-republique-federale-dallemagne"},"share_on_mastodon":{"url":"https:\/\/pubeurope.com\/@fr\/115654585411985242","error":""},"_links":{"self":[{"href":"https:\/\/www.europesays.com\/fr\/wp-json\/wp\/v2\/posts\/574929","targetHints":{"allow":["GET"]}}],"collection":[{"href":"https:\/\/www.europesays.com\/fr\/wp-json\/wp\/v2\/posts"}],"about":[{"href":"https:\/\/www.europesays.com\/fr\/wp-json\/wp\/v2\/types\/post"}],"author":[{"embeddable":true,"href":"https:\/\/www.europesays.com\/fr\/wp-json\/wp\/v2\/users\/2"}],"replies":[{"embeddable":true,"href":"https:\/\/www.europesays.com\/fr\/wp-json\/wp\/v2\/comments?post=574929"}],"version-history":[{"count":0,"href":"https:\/\/www.europesays.com\/fr\/wp-json\/wp\/v2\/posts\/574929\/revisions"}],"wp:featuredmedia":[{"embeddable":true,"href":"https:\/\/www.europesays.com\/fr\/wp-json\/wp\/v2\/media\/574930"}],"wp:attachment":[{"href":"https:\/\/www.europesays.com\/fr\/wp-json\/wp\/v2\/media?parent=574929"}],"wp:term":[{"taxonomy":"category","embeddable":true,"href":"https:\/\/www.europesays.com\/fr\/wp-json\/wp\/v2\/categories?post=574929"},{"taxonomy":"post_tag","embeddable":true,"href":"https:\/\/www.europesays.com\/fr\/wp-json\/wp\/v2\/tags?post=574929"}],"curies":[{"name":"wp","href":"https:\/\/api.w.org\/{rel}","templated":true}]}}