{"id":574933,"date":"2025-12-03T08:03:20","date_gmt":"2025-12-03T08:03:20","guid":{"rendered":"https:\/\/www.europesays.com\/fr\/574933\/"},"modified":"2025-12-03T08:03:20","modified_gmt":"2025-12-03T08:03:20","slug":"soupcons-de-fraude-aux-fonds-europeens-federica-mogherini-et-deux-autres-personnes-inculpees-pour-soupcons-de-fraude-aux-fonds-de-lue","status":"publish","type":"post","link":"https:\/\/www.europesays.com\/fr\/574933\/","title":{"rendered":"Soup\u00e7ons de fraude aux fonds europ\u00e9ens : Federica Mogherini et deux autres personnes inculp\u00e9es pour soup\u00e7ons de fraude aux fonds de l&rsquo;UE"},"content":{"rendered":"<p class=\"ap-StoryElement ap-StoryElement--mb ap-StoryText\">La rectrice du Coll\u00e8ge d&rsquo;Europe, un autre cadre de l&rsquo;\u00e9tablissement et un haut cadre de la Commission europ\u00e9enne ont \u00e9t\u00e9 entendus mardi par la PJF de Flandre occidentale.<\/p>\n<p class=\"ap-StoryElement ap-StoryElement--mb ap-StoryText\">L&rsquo;enqu\u00eate cible des soup\u00e7ons de favoritisme et une possible concurrence d\u00e9loyale dans l&rsquo;attribution par l&rsquo;EEAS au prestigieux Coll\u00e8ge d&rsquo;Europe d&rsquo;un programme de formation de neuf mois destin\u00e9 aux futurs diplomates europ\u00e9ens.<\/p>\n","protected":false},"excerpt":{"rendered":"La rectrice du Coll\u00e8ge d&rsquo;Europe, un autre cadre de l&rsquo;\u00e9tablissement et un haut cadre de la Commission europ\u00e9enne&hellip;\n","protected":false},"author":2,"featured_media":574934,"comment_status":"","ping_status":"","sticky":false,"template":"","format":"standard","meta":{"footnotes":""},"categories":[1586],"tags":[11,1777,674,1779,1011,27,1227,12,25,1778,364],"class_list":{"0":"post-574933","1":"post","2":"type-post","3":"status-publish","4":"format-standard","5":"has-post-thumbnail","7":"category-europe","8":"tag-actualites","9":"tag-eu","10":"tag-europe","11":"tag-european-union","12":"tag-fr","13":"tag-france","14":"tag-horizontal","15":"tag-news","16":"tag-republique-francaise","17":"tag-ue","18":"tag-union-europeenne"},"share_on_mastodon":{"url":"https:\/\/pubeurope.com\/@fr\/115654597354403110","error":""},"_links":{"self":[{"href":"https:\/\/www.europesays.com\/fr\/wp-json\/wp\/v2\/posts\/574933","targetHints":{"allow":["GET"]}}],"collection":[{"href":"https:\/\/www.europesays.com\/fr\/wp-json\/wp\/v2\/posts"}],"about":[{"href":"https:\/\/www.europesays.com\/fr\/wp-json\/wp\/v2\/types\/post"}],"author":[{"embeddable":true,"href":"https:\/\/www.europesays.com\/fr\/wp-json\/wp\/v2\/users\/2"}],"replies":[{"embeddable":true,"href":"https:\/\/www.europesays.com\/fr\/wp-json\/wp\/v2\/comments?post=574933"}],"version-history":[{"count":0,"href":"https:\/\/www.europesays.com\/fr\/wp-json\/wp\/v2\/posts\/574933\/revisions"}],"wp:featuredmedia":[{"embeddable":true,"href":"https:\/\/www.europesays.com\/fr\/wp-json\/wp\/v2\/media\/574934"}],"wp:attachment":[{"href":"https:\/\/www.europesays.com\/fr\/wp-json\/wp\/v2\/media?parent=574933"}],"wp:term":[{"taxonomy":"category","embeddable":true,"href":"https:\/\/www.europesays.com\/fr\/wp-json\/wp\/v2\/categories?post=574933"},{"taxonomy":"post_tag","embeddable":true,"href":"https:\/\/www.europesays.com\/fr\/wp-json\/wp\/v2\/tags?post=574933"}],"curies":[{"name":"wp","href":"https:\/\/api.w.org\/{rel}","templated":true}]}}