{"id":574935,"date":"2025-12-03T08:04:12","date_gmt":"2025-12-03T08:04:12","guid":{"rendered":"https:\/\/www.europesays.com\/fr\/574935\/"},"modified":"2025-12-03T08:04:12","modified_gmt":"2025-12-03T08:04:12","slug":"le-cas-non-retenu-de-louane-7-ans-fait-irruption-au-proces-pechier-liberation","status":"publish","type":"post","link":"https:\/\/www.europesays.com\/fr\/574935\/","title":{"rendered":"le cas non retenu de Louane, 7 ans, fait irruption au proc\u00e8s P\u00e9chier \u2013 Lib\u00e9ration"},"content":{"rendered":"<p class=\"sc-cPiKLX AiZTS text-element\">A peine arriv\u00e9e \u00e0 la barre, S\u00e9verine Teneba s\u2019est effondr\u00e9e. Au milieu du d\u00e9fil\u00e9 de t\u00e9moins cit\u00e9s pour \u00e9clairer la personnalit\u00e9 complexe du Dr P\u00e9chier, tant\u00f4t d\u00e9peint comme \u00abextr\u00eamement brillant\u00bb, \u00abbeau parleur\u00bb ou \u00abmanipulateur\u00bb, la d\u00e9tresse d\u2019une m\u00e8re a fait irruption devant la cour d\u2019assises du Doubs, ce mardi 2 d\u00e9cembre. \u00abJe suis la maman de Louane Teneba, qui a subi une op\u00e9ration des amygdales, le 10 avril\u2026\u00bb Submerg\u00e9e par les sanglots, la silhouette filiforme s\u2019interrompt. L\u2019huissier lui offre un verre d\u2019eau. La t\u00e9moin cherche l\u2019air. \u00abReprenez votre souffle, tout va bien\u00bb, l\u2019encourage d\u2019une voix douce la pr\u00e9sidente Delphine Thibierge.<\/p>\n<p class=\"sc-cPiKLX AiZTS text-element\">Au matin du 10 avril 2013, donc, sa fille de 7 ans a subi un arr\u00eat cardiaque inexpliqu\u00e9 lors d\u2019une intervention chirurgicale \u00e0 la clinique Saint-Vincent de Besan\u00e7on. L\u2019enfant venait d\u2019\u00eatre op\u00e9r\u00e9e d\u2019une banale ablation des amygdales. Il a fallu six chocs \u00e9lectriques pour la ramener \u00e0 la vie. Parmi les 30 empoisonnements reproch\u00e9s \u00e0 l\u2019ancien anesth\u00e9siste, <a href=\"https:\/\/www.liberation.fr\/societe\/police-justice\/proces-pechier-le-mystere-total-de-larret-cardiaque-du-petit-tedy-4-ans-nen-est-plus-un-pour-personne-20251121_7AA6NWHEFRDGXELB5YCZ2YRI54\/\" target=\"_blank\" rel=\"noreferrer noopener\" title=\"https:\/\/www.liberation.fr\/societe\/police-justice\/proces-pechier-le-mystere-total-de-larret-cardiaque-du-petit-tedy-4-ans-nen-est-plus-un-pour-personne-20251121_7AA6NWHEFRDGXELB5YCZ2YRI54\/\">celui du petit Tedy Hoerter-Tarby,<\/a><\/p>\n","protected":false},"excerpt":{"rendered":"A peine arriv\u00e9e \u00e0 la barre, S\u00e9verine Teneba s\u2019est effondr\u00e9e. Au milieu du d\u00e9fil\u00e9 de t\u00e9moins cit\u00e9s pour&hellip;\n","protected":false},"author":2,"featured_media":574936,"comment_status":"","ping_status":"","sticky":false,"template":"","format":"standard","meta":{"footnotes":""},"categories":[2],"tags":[11,10112,1011,27,51056,12,25],"class_list":{"0":"post-574935","1":"post","2":"type-post","3":"status-publish","4":"format-standard","5":"has-post-thumbnail","7":"category-actualites","8":"tag-actualites","9":"tag-besancon","10":"tag-fr","11":"tag-france","12":"tag-frederic-pechier","13":"tag-news","14":"tag-republique-francaise"},"share_on_mastodon":{"url":"https:\/\/pubeurope.com\/@fr\/115654601289043618","error":""},"_links":{"self":[{"href":"https:\/\/www.europesays.com\/fr\/wp-json\/wp\/v2\/posts\/574935","targetHints":{"allow":["GET"]}}],"collection":[{"href":"https:\/\/www.europesays.com\/fr\/wp-json\/wp\/v2\/posts"}],"about":[{"href":"https:\/\/www.europesays.com\/fr\/wp-json\/wp\/v2\/types\/post"}],"author":[{"embeddable":true,"href":"https:\/\/www.europesays.com\/fr\/wp-json\/wp\/v2\/users\/2"}],"replies":[{"embeddable":true,"href":"https:\/\/www.europesays.com\/fr\/wp-json\/wp\/v2\/comments?post=574935"}],"version-history":[{"count":0,"href":"https:\/\/www.europesays.com\/fr\/wp-json\/wp\/v2\/posts\/574935\/revisions"}],"wp:featuredmedia":[{"embeddable":true,"href":"https:\/\/www.europesays.com\/fr\/wp-json\/wp\/v2\/media\/574936"}],"wp:attachment":[{"href":"https:\/\/www.europesays.com\/fr\/wp-json\/wp\/v2\/media?parent=574935"}],"wp:term":[{"taxonomy":"category","embeddable":true,"href":"https:\/\/www.europesays.com\/fr\/wp-json\/wp\/v2\/categories?post=574935"},{"taxonomy":"post_tag","embeddable":true,"href":"https:\/\/www.europesays.com\/fr\/wp-json\/wp\/v2\/tags?post=574935"}],"curies":[{"name":"wp","href":"https:\/\/api.w.org\/{rel}","templated":true}]}}