{"id":574945,"date":"2025-12-03T08:14:16","date_gmt":"2025-12-03T08:14:16","guid":{"rendered":"https:\/\/www.europesays.com\/fr\/574945\/"},"modified":"2025-12-03T08:14:16","modified_gmt":"2025-12-03T08:14:16","slug":"cc-coupe-du-monde-elite-hommes-terralba-les-engages-directvelo","status":"publish","type":"post","link":"https:\/\/www.europesays.com\/fr\/574945\/","title":{"rendered":"CC &#8211; Coupe du Monde &#8211; \u00c9lite Hommes &#8211; Terralba : Les engag\u00e9s &#8211; DirectVelo"},"content":{"rendered":"<ol>\n<li><a href=\"https:\/\/news.google.com\/rss\/articles\/CBMimwFBVV95cUxQaU5QVVdYSHRvV21RdkV5VkpkNWhNM3RmZVVhNXB3TVkyZnoxWkFPX2NsaGl0c3h3M09wdzFySWFwLTZQYXZ3ckNUV2RGazFVclZsUmgzWTNHc3UwSWRZaklEejlhV2xiQ3k3MDYyRWdod1RaOEdnWGV5dE5KcmEwcjlQclEyVFBzbk5iQkxfbnY2YmEwWjFUU2swRQ?oc=5\" target=\"_blank\" rel=\"noopener\">CC &#8211; Coupe du Monde &#8211; \u00c9lite Hommes &#8211; Terralba : Les engag\u00e9s<\/a>&nbsp;&nbsp;DirectVelo<\/li>\n<li><a href=\"https:\/\/news.google.com\/rss\/articles\/CBMikgJBVV95cUxON01wcjh2M1JvUWo1azZNUUdrNWRDZGFOeEZxeEcyM2pKblc5Nm5ZY1dmMFRodFlDMmltd0JzRkd5LXRvNm5wS2dfTGFHZjhFdHBINWIzemRsZkd1aktzLVV6VmtmbzlnSTFKRWR4Rm5MLTBIMVVwUGJRSGtURGpURGthN3JFdUlOdU1iVUpPWWt3WmZwQm0tbktzTG5BNm9uUTctQzFZcWtzS0hMOEFEdno1V1VFUldXMzYzNTVSdE9faFNzUnVIOVY1Vzd5ZXBwaUx2eUg3Q0k3U2s4aVY0T3JNbGd0WXhpS2MwYVYtSjNFQ3piZE5YQjdCVkpIaTlSR0V5NjZqb3hhblVDMWJwajB3?oc=5\" target=\"_blank\" rel=\"noopener\">Coupe du monde de cyclocross &#8211; Toon Aerts et Marion Norbert Riberolle renoncent \u00e0 la 3e manche \u00e0 Terralba<\/a>&nbsp;&nbsp;La Libre.be<\/li>\n<li><a href=\"https:\/\/news.google.com\/rss\/articles\/CBMixAFBVV95cUxPaDlmcXRJWDk0TDFrMkZBaGRCd3BjVlMzQUhMUUxWVDZhdzhGZWVLU1hxcUVJVVNVb1ExY3N1N2tyVUdGMEdWejJWMUI2RlRZeTl1Z2k1dE1OT0o1dXlkT1dhZVNMNXpBUjVUYVRUQnBIWWZZMHd3M00tcG5KWDhJXzhuNWFDd1FzbGxwTFpLTklTMmxnanN6SXR0X3ZLS1c0aDNmN1FNVjdBNjhxenJIeEFKTG14UHZvUG54MjFxN1JWTlpo?oc=5\" target=\"_blank\" rel=\"noopener\">CDM Cyclocross, dimanche 7 d\u00e9cembre l\u2019\u00e9tape italienne : Terralba sera le lieu de rendez-vous<\/a>&nbsp;&nbsp;| CyclingPro.Net<\/li>\n<li><a href=\"https:\/\/news.google.com\/rss\/articles\/CBMiiAFBVV95cUxNaXdxQTJyOW1rck5RQUxmN21wc0NwZnUxdEs0YzlJNy1LUGRFY0JlZnNqRFhLdkpmemk4RVRoTWh6MERRblA0bndFcGhVaWhfZWR0TkhiZkZzaUwzdTZORktnSEJzNTgtdmRFV2J3ZktSNFBnZGlXUlZMM3BBRFkxT01ia3FKeldI?oc=5\" target=\"_blank\" rel=\"noopener\">Coupe du Monde de cyclo-cross \u00e0 Terralba : Les \u00c9lites belges engag\u00e9s<\/a>&nbsp;&nbsp;DirectVelo<\/li>\n<li><a href=\"https:\/\/news.google.com\/rss\/articles\/CBMinAFBVV95cUxPUG5Kb0YtOGJVcjhlVGdKbGlpVUdlNXI1WEQ1SUxKUUdDOWs3ckQ5eGstaGVqSUJTTVRWWVdOdmpHdFB3YWgxR2xxdVBHdmtCb3lUNkxwSGN6SHZoM01nTDhNdWFucTdjd2xnQ1NyWTdSMzZYZmthT3lib0NDdExpWDA0d3BfY3FLTm9HXzU3Q1lvVGwzRWlPNFRrTUw?oc=5\" target=\"_blank\" rel=\"noopener\">CC &#8211; Coupe du Monde &#8211; \u00c9lite Femmes &#8211; Terralba : Les engag\u00e9es<\/a>&nbsp;&nbsp;DirectVelo<\/li>\n<\/ol>\n","protected":false},"excerpt":{"rendered":"CC &#8211; Coupe du Monde &#8211; \u00c9lite Hommes &#8211; Terralba : Les engag\u00e9s&nbsp;&nbsp;DirectVelo Coupe du monde de cyclocross&hellip;\n","protected":false},"author":2,"featured_media":574946,"comment_status":"","ping_status":"","sticky":false,"template":"","format":"standard","meta":{"footnotes":""},"categories":[1411],"tags":[834,828,836,829,837,827,83,826,824,823,1154,207,814,817,815,816,822,821,832,211,839,1011,27,820,818,819,835,831,830,833,838,60,212,208,825],"class_list":{"0":"post-574945","1":"post","2":"type-post","3":"status-publish","4":"format-standard","5":"has-post-thumbnail","7":"category-cyclisme","8":"tag-attaque","9":"tag-belgique","10":"tag-braquet","11":"tag-bretagne","12":"tag-chute","13":"tag-competition","14":"tag-coupe-de-france","15":"tag-coureur","16":"tag-course-cyclisme","17":"tag-course-cycliste","18":"tag-cycling","19":"tag-cyclisme","20":"tag-direct","21":"tag-direct-velo","22":"tag-directvelo","23":"tag-directvelo-com","24":"tag-epreuve","25":"tag-epreuve-cycliste","26":"tag-federation-francaise-de-cyclisme","27":"tag-ffc","28":"tag-flandres","29":"tag-fr","30":"tag-france","31":"tag-live","32":"tag-live-course","33":"tag-live-epreuve","34":"tag-peloton","35":"tag-radio-peloton","36":"tag-radio-tour","37":"tag-ravitaillement","38":"tag-relance","39":"tag-sports","40":"tag-uci","41":"tag-velo","42":"tag-velos"},"share_on_mastodon":{"url":"https:\/\/pubeurope.com\/@fr\/115654640593419020","error":""},"_links":{"self":[{"href":"https:\/\/www.europesays.com\/fr\/wp-json\/wp\/v2\/posts\/574945","targetHints":{"allow":["GET"]}}],"collection":[{"href":"https:\/\/www.europesays.com\/fr\/wp-json\/wp\/v2\/posts"}],"about":[{"href":"https:\/\/www.europesays.com\/fr\/wp-json\/wp\/v2\/types\/post"}],"author":[{"embeddable":true,"href":"https:\/\/www.europesays.com\/fr\/wp-json\/wp\/v2\/users\/2"}],"replies":[{"embeddable":true,"href":"https:\/\/www.europesays.com\/fr\/wp-json\/wp\/v2\/comments?post=574945"}],"version-history":[{"count":0,"href":"https:\/\/www.europesays.com\/fr\/wp-json\/wp\/v2\/posts\/574945\/revisions"}],"wp:featuredmedia":[{"embeddable":true,"href":"https:\/\/www.europesays.com\/fr\/wp-json\/wp\/v2\/media\/574946"}],"wp:attachment":[{"href":"https:\/\/www.europesays.com\/fr\/wp-json\/wp\/v2\/media?parent=574945"}],"wp:term":[{"taxonomy":"category","embeddable":true,"href":"https:\/\/www.europesays.com\/fr\/wp-json\/wp\/v2\/categories?post=574945"},{"taxonomy":"post_tag","embeddable":true,"href":"https:\/\/www.europesays.com\/fr\/wp-json\/wp\/v2\/tags?post=574945"}],"curies":[{"name":"wp","href":"https:\/\/api.w.org\/{rel}","templated":true}]}}