{"id":574947,"date":"2025-12-03T08:15:19","date_gmt":"2025-12-03T08:15:19","guid":{"rendered":"https:\/\/www.europesays.com\/fr\/574947\/"},"modified":"2025-12-03T08:15:19","modified_gmt":"2025-12-03T08:15:19","slug":"un-accord-trouve-avec-la-direction-pour-un-depart-denvergure","status":"publish","type":"post","link":"https:\/\/www.europesays.com\/fr\/574947\/","title":{"rendered":"Un accord trouv\u00e9 avec la direction pour un d\u00e9part d&rsquo;envergure"},"content":{"rendered":"<p>                                            Publi\u00e9 le 03\/12\/2025 \u00e0 07h01<br \/>\n                                                                                3 minutes de lecture\n                                                                    <\/p>\n<p>F\u00e9ru de sport et plus particuli\u00e8rement de ballon rond depuis ma plus tendre enfance.<\/p>\n<p>                                            Lire la suite<\/p>\n<p>L\u00a0\u00bbaventure de <strong>Franck Haise<\/strong> \u00e0 l&rsquo;OGC Nice touche \u00e0 sa fin dans des circonstances particuli\u00e8rement tumultueuses. Selon les r\u00e9v\u00e9lations de <strong>Nice-Matin<\/strong>, l&rsquo;entra\u00eeneur s&rsquo;appr\u00eate \u00e0 officialiser son d\u00e9part demain aupr\u00e8s de son vestiaire, marquant ainsi l&rsquo;\u00e9pilogue d&rsquo;une relation qui s&rsquo;est progressivement d\u00e9grad\u00e9e. Cette d\u00e9cision intervient apr\u00e8s les \u00e9v\u00e9nements dramatiques survenus lors du retour de <strong>Lorient dimanche soir<\/strong>, o\u00f9 des incidents graves ont \u00e9clat\u00e9 entre supporters et joueurs. L&rsquo;ancien technicien de Lens, qui avait accord\u00e9 deux jours de repos \u00e0 ses joueurs suite \u00e0 ces \u00e9v\u00e9nements, semble avoir d\u00e9finitivement tranch\u00e9 sur son avenir azur\u00e9en. Cette situation illustre parfaitement les difficult\u00e9s rencontr\u00e9es par le club ni\u00e7ois cette saison, tant sur le plan sportif qu&rsquo;extra-sportif, et confirme que <strong>Haise ne se consid\u00e8re plus comme l&rsquo;homme de la situation<\/strong> pour redresser la barre dans ces conditions.<\/p>\n<p>                                <img decoding=\"async\" src=\"https:\/\/www.europesays.com\/fr\/wp-content\/uploads\/2025\/04\/1744123449_543_logo.png\" alt=\"Logo\"\/><\/p>\n<p>100\u20ac offerts sur ton 1er pari !<\/p>\n<p>                            <a href=\"https:\/\/www.score.fr\/redirection\/1\/\" class=\"headband-button\" target=\"_blank\" rel=\"noopener\">J&rsquo;en profite<\/a><\/p>\n<p>                                                                <img loading=\"lazy\" decoding=\"async\" src=\"https:\/\/www.europesays.com\/fr\/wp-content\/uploads\/2025\/12\/mercato-nice-un-accord-trouve-avec-la-direction-pour-un-depart-d-envergure.jpg\" alt=\"Illustration : &quot;Mercato Nice : Un accord trouv\u00e9 avec la direction pour un d\u00e9part d'envergure&quot;\" class=\"figure-img img-fluid\" width=\"780\" height=\"478\"\/><\/p>\n<p>                                    \u00a9 site officiel de l&rsquo;OGC Nice                                 <\/p>\n<p>Des incidents traumatisants qui pr\u00e9cipitent la rupture<\/p>\n<p>Les \u00e9v\u00e9nements survenus dimanche soir \u00e0 Lorient ont constitu\u00e9 le point de non-retour dans la relation entre <strong>Franck Haise<\/strong> et l&rsquo;OGC Nice. L&rsquo;entra\u00eeneur a \u00e9t\u00e9 profond\u00e9ment marqu\u00e9 par l&rsquo;altercation violente qui a oppos\u00e9 des supporters \u00e0 ses joueurs, durant laquelle <strong>Terem Moffi et J\u00e9r\u00e9mie Boga ont \u00e9t\u00e9 physiquement agress\u00e9s<\/strong>. Ces incidents d&rsquo;une gravit\u00e9 exceptionnelle ont pouss\u00e9 les deux joueurs, soutenus par leur club, \u00e0 porter plainte contre X, tandis que la justice a imm\u00e9diatement ouvert une enqu\u00eate pour faire la lumi\u00e8re sur ces violences. Cette escalade de la tension t\u00e9moigne de l&rsquo;ampleur du malaise qui r\u00e8gne autour de l&rsquo;\u00e9quipe ni\u00e7oise et de la pression insoutenable qui p\u00e8se sur l&rsquo;encadrement technique. Pour Haise, ces d\u00e9bordements repr\u00e9sentent un franchissement de ligne rouge inacceptable, d&rsquo;autant plus qu&rsquo;ils touchent directement l&rsquo;int\u00e9grit\u00e9 physique de ses joueurs. Cette situation explosive contraste dramatiquement avec l&rsquo;ambiance qui pr\u00e9valait lors de sa prolongation de contrat en septembre dernier jusqu&rsquo;en <strong>2029<\/strong>, r\u00e9v\u00e9lant l&rsquo;ampleur de la d\u00e9gradation des relations.<\/p>\n<p>N\u00e9gociations financi\u00e8res et changement de cap de la direction<\/p>\n<p>Contrairement \u00e0 la pr\u00e9c\u00e9dente tentative de d\u00e9part apr\u00e8s la d\u00e9faite \u00e0 <strong>Porto<\/strong>, o\u00f9 la direction avait refus\u00e9 de licencier Haise malgr\u00e9 sa proposition, la donne a cette fois radicalement chang\u00e9. Un accord financier devrait rapidement \u00eatre trouv\u00e9 entre <strong>Fabrice Boquet<\/strong> et son entra\u00eeneur, malgr\u00e9 les relations tendues qui caract\u00e9risent leurs rapports depuis plusieurs semaines. Cette \u00e9volution marque un tournant significatif dans la strat\u00e9gie du club, qui semble d\u00e9sormais pr\u00eat \u00e0 assumer les cons\u00e9quences financi\u00e8res d&rsquo;une s\u00e9paration anticip\u00e9e. Le point d&rsquo;achoppement principal reste n\u00e9anmoins l&rsquo;aspect \u00e9conomique, le club ni\u00e7ois n&rsquo;\u00e9tant <strong>pas en grande sant\u00e9 financi\u00e8re<\/strong> et devant consentir \u00e0 verser un ch\u00e8que cons\u00e9quent pour lib\u00e9rer son technicien. Cette contrainte budg\u00e9taire avait d&rsquo;ailleurs constitu\u00e9 l&rsquo;obstacle majeur lors des discussions de jeudi dernier, mais les r\u00e9cents \u00e9v\u00e9nements ont manifestement fait \u00e9voluer les priorit\u00e9s de la direction. L&rsquo;urgence de la situation et la n\u00e9cessit\u00e9 de retrouver une certaine s\u00e9r\u00e9nit\u00e9 semblent d\u00e9sormais primer sur les consid\u00e9rations purement financi\u00e8res.<\/p>\n<p>Pr\u00e9paration de l&rsquo;apr\u00e8s-Haise et solution d&rsquo;int\u00e9rim<\/p>\n<p>Les grandes man\u0153uvres pour pr\u00e9parer l&rsquo;avenir ont d&rsquo;ores et d\u00e9j\u00e0 commenc\u00e9, comme en t\u00e9moigne la pr\u00e9sence de <strong>Jean-Claude Blanc<\/strong>, le CEO d&rsquo;Ineos Sport, au club ce mardi. Cette visite strat\u00e9gique confirme l&rsquo;implication directe de la direction dans la gestion de cette transition d\u00e9licate et la recherche de solutions pour l&rsquo;avenir. Selon les informations de Nice-Matin, <strong>Julien Sabl\u00e9<\/strong> devrait assurer l&rsquo;int\u00e9rim en attendant qu&rsquo;une solution p\u00e9renne soit trouv\u00e9e. L&rsquo;ancien milieu de terrain du Gym, qui a \u00e9volu\u00e9 sous les couleurs azur\u00e9ennes entre <strong>2009 et 2012<\/strong>, conna\u00eet parfaitement la maison et dispose de l&rsquo;exp\u00e9rience n\u00e9cessaire pour g\u00e9rer cette p\u00e9riode de transition. Son profil d&rsquo;actuel directeur du centre de formation, coupl\u00e9 \u00e0 son pass\u00e9 d&rsquo;adjoint de <strong>Didier Digard<\/strong> lors de la prise en main de l&rsquo;\u00e9quipe premi\u00e8re en 2023, en fait un candidat naturel pour stabiliser temporairement la situation et permettre au club de retrouver une certaine qui\u00e9tude.<\/p>\n","protected":false},"excerpt":{"rendered":"Publi\u00e9 le 03\/12\/2025 \u00e0 07h01 3 minutes de lecture F\u00e9ru de sport et plus particuli\u00e8rement de ballon rond&hellip;\n","protected":false},"author":2,"featured_media":574948,"comment_status":"","ping_status":"","sticky":false,"template":"","format":"standard","meta":{"footnotes":""},"categories":[1410],"tags":[63,1011,27,60],"class_list":{"0":"post-574947","1":"post","2":"type-post","3":"status-publish","4":"format-standard","5":"has-post-thumbnail","7":"category-football","8":"tag-football","9":"tag-fr","10":"tag-france","11":"tag-sports"},"share_on_mastodon":{"url":"https:\/\/pubeurope.com\/@fr\/115654645370529980","error":""},"_links":{"self":[{"href":"https:\/\/www.europesays.com\/fr\/wp-json\/wp\/v2\/posts\/574947","targetHints":{"allow":["GET"]}}],"collection":[{"href":"https:\/\/www.europesays.com\/fr\/wp-json\/wp\/v2\/posts"}],"about":[{"href":"https:\/\/www.europesays.com\/fr\/wp-json\/wp\/v2\/types\/post"}],"author":[{"embeddable":true,"href":"https:\/\/www.europesays.com\/fr\/wp-json\/wp\/v2\/users\/2"}],"replies":[{"embeddable":true,"href":"https:\/\/www.europesays.com\/fr\/wp-json\/wp\/v2\/comments?post=574947"}],"version-history":[{"count":0,"href":"https:\/\/www.europesays.com\/fr\/wp-json\/wp\/v2\/posts\/574947\/revisions"}],"wp:featuredmedia":[{"embeddable":true,"href":"https:\/\/www.europesays.com\/fr\/wp-json\/wp\/v2\/media\/574948"}],"wp:attachment":[{"href":"https:\/\/www.europesays.com\/fr\/wp-json\/wp\/v2\/media?parent=574947"}],"wp:term":[{"taxonomy":"category","embeddable":true,"href":"https:\/\/www.europesays.com\/fr\/wp-json\/wp\/v2\/categories?post=574947"},{"taxonomy":"post_tag","embeddable":true,"href":"https:\/\/www.europesays.com\/fr\/wp-json\/wp\/v2\/tags?post=574947"}],"curies":[{"name":"wp","href":"https:\/\/api.w.org\/{rel}","templated":true}]}}