{"id":574951,"date":"2025-12-03T08:17:27","date_gmt":"2025-12-03T08:17:27","guid":{"rendered":"https:\/\/www.europesays.com\/fr\/574951\/"},"modified":"2025-12-03T08:17:27","modified_gmt":"2025-12-03T08:17:27","slug":"le-sculpteur-se-dit-presque-flatte","status":"publish","type":"post","link":"https:\/\/www.europesays.com\/fr\/574951\/","title":{"rendered":"le sculpteur se dit \u00ab\u00a0presque flatt\u00e9\u00a0\u00bb"},"content":{"rendered":"<p>Ces grandes sculptures en pin ravissent chaque ann\u00e9e le grand public\u00a0: depuis 2012, la cr\u00e8che r\u00e9alis\u00e9e par le sculpteur sur bois Adrien Meneau, aujourd\u2019hui install\u00e9 en Moselle pr\u00e8s de Metz, est expos\u00e9e au c\u0153ur du march\u00e9 de No\u00ebl de Haguenau. En 2024, elle avait pris place \u00e0 l\u2019intersection entre la rue Saint-Georges et la Grand-rue, en plein c\u0153ur de la zone pi\u00e9tonne. Cette ann\u00e9e, elle a \u00e9t\u00e9 dispos\u00e9e juste devant l\u2019office de tourisme du Pays de Haguenau, donnant la possibilit\u00e9 aux visiteurs d\u2019admirer en m\u00eame temps <a href=\"https:\/\/www.dna.fr\/videos\/haguenau-katia-lagrasta-restaure-la-fresque-centrale-de-l-office-de-tourisme-xzf0r03\" target=\"_blank\" rel=\"noopener\">la fa\u00e7ade rouge de l\u2019ancienne chancellerie<\/a>.<\/p>\n<p>Mais dans la nuit pr\u00e9c\u00e9dant <a href=\"https:\/\/www.dna.fr\/culture-loisirs\/2025\/11\/21\/les-illuminations-feeriques-de-noel-lancees-en-fanfare-au-centre-ville-de-haguenau\" target=\"_blank\" rel=\"noopener\">l\u2019ouverture du march\u00e9, pr\u00e9vue le vendredi 21\u00a0novembre<\/a> , <a href=\"https:\/\/www.dna.fr\/faits-divers-justice\/2025\/11\/25\/deux-statues-d-une-creche-volees-place-joseph-thierry\" target=\"_blank\" rel=\"noopener\">deux de ses sujets ont \u00e9t\u00e9 vol\u00e9s vers trois heures du matin<\/a> \u00a0: un berger et un b\u00e9lier, qui p\u00e8sent chacun une quarantaine de kilos et mesurent un m\u00e8tre de haut pour le berger, 60 centim\u00e8tres environ pour le b\u00e9lier, ont disparu.<\/p>\n<p>Propri\u00e9t\u00e9 de la Maison des associations (contact\u00e9s, ses repr\u00e9sentants n\u2019ont pas souhait\u00e9 commenter), cette cr\u00e8che \u00e9tait n\u00e9e des mains d\u2019Adrien Meneau. Celui-ci se rappelle les conditions dans lesquelles il avait r\u00e9alis\u00e9 la douzaine de sujets, comprenant les figures de Marie, Joseph, J\u00e9sus, le b\u0153uf, l\u2019\u00e2ne, les trois rois mages, \u00ab\u00a0un ou deux bergers, des moutons\u2026\u00a0\u00bb\u00a0: \u00ab\u00a0J\u2019avais travaill\u00e9 quatre samedis sur place, en direct devant un public\u00a0\u00bb, avec plusieurs tron\u00e7onneuses, se souvient-il.<\/p>\n<p>Le pin utilis\u00e9 pour ces \u0153uvres avait \u00e9t\u00e9 coup\u00e9 en for\u00eat de Haguenau, ajoute-t-il\u00a0; les sculptures avaient ensuite \u00e9t\u00e9 huil\u00e9es pour assurer leur bonne conservation et leur r\u00e9sistance aux intemp\u00e9ries.<\/p>\n<p><a href=\"https:\/\/www.dna.fr\/edition-de-haguenau\/2011\/10\/30\/du-bois-dont-on-fait-les-legendes\" target=\"_blank\" rel=\"noopener\">En 20 ans de carri\u00e8re<\/a> , c\u2019est bien la premi\u00e8re fois qu\u2019un de ses sujets (il en r\u00e9alise r\u00e9guli\u00e8rement <a href=\"https:\/\/www.dna.fr\/edition-de-haguenau\/2015\/12\/15\/une-creche-en-bois-en-plein-air\" target=\"_blank\" rel=\"noopener\">pour des collectivit\u00e9s)<\/a> , est subtilis\u00e9. L\u2019artiste prend la nouvelle avec philosophie\u00a0: \u00ab\u00a0Il y a d\u00e9j\u00e0 eu de la casse sur certaines sculptures car le bois pourrit parfois. Mais un vol, c\u2019est une premi\u00e8re. Je suis presque flatt\u00e9\u00a0\u00bb, glisse-t-il, ajoutant que si la Maison des associations, propri\u00e9taire de la cr\u00e8che, l\u2019appelait pour remplacer les deux sujets vol\u00e9s, il s\u2019ex\u00e9cuterait\u2026 mais sans la pr\u00e9sence du public cette fois.<\/p>\n<p>  La police toujours \u00e0 la recherche des auteurs du larcin<\/p>\n<p>Du c\u00f4t\u00e9 du commissariat de police de Haguenau, l\u2019enqu\u00eate se poursuit pour retrouver les individus ayant commis le vol\u00a0: plusieurs personnes, qui \u00e9taient masqu\u00e9es et cagoul\u00e9es au moment des faits, sont recherch\u00e9es. Les images capt\u00e9es par les cam\u00e9ras de vid\u00e9osurveillance situ\u00e9es au centre-ville sont au c\u0153ur de l\u2019enqu\u00eate.<\/p>\n","protected":false},"excerpt":{"rendered":"Ces grandes sculptures en pin ravissent chaque ann\u00e9e le grand public\u00a0: depuis 2012, la cr\u00e8che r\u00e9alis\u00e9e par le&hellip;\n","protected":false},"author":2,"featured_media":574952,"comment_status":"","ping_status":"","sticky":false,"template":"","format":"standard","meta":{"footnotes":""},"categories":[1358],"tags":[1348,1384,1385,271,272,1386,58,4877,59,274,107,1011,27,11642,11643],"class_list":{"0":"post-574951","1":"post","2":"type-post","3":"status-publish","4":"format-standard","5":"has-post-thumbnail","7":"category-arts-et-design","8":"tag-arts","9":"tag-arts-and-design","10":"tag-arts-et-design","11":"tag-crime","12":"tag-delit-et-contravention","13":"tag-design","14":"tag-divertissement","15":"tag-edition-haguenau-wissembourg","16":"tag-entertainment","17":"tag-faits-divers-justice","18":"tag-fil-info","19":"tag-fr","20":"tag-france","21":"tag-haguenau","22":"tag-secteur-de-haguenau"},"share_on_mastodon":{"url":"https:\/\/pubeurope.com\/@fr\/115654652266611345","error":""},"_links":{"self":[{"href":"https:\/\/www.europesays.com\/fr\/wp-json\/wp\/v2\/posts\/574951","targetHints":{"allow":["GET"]}}],"collection":[{"href":"https:\/\/www.europesays.com\/fr\/wp-json\/wp\/v2\/posts"}],"about":[{"href":"https:\/\/www.europesays.com\/fr\/wp-json\/wp\/v2\/types\/post"}],"author":[{"embeddable":true,"href":"https:\/\/www.europesays.com\/fr\/wp-json\/wp\/v2\/users\/2"}],"replies":[{"embeddable":true,"href":"https:\/\/www.europesays.com\/fr\/wp-json\/wp\/v2\/comments?post=574951"}],"version-history":[{"count":0,"href":"https:\/\/www.europesays.com\/fr\/wp-json\/wp\/v2\/posts\/574951\/revisions"}],"wp:featuredmedia":[{"embeddable":true,"href":"https:\/\/www.europesays.com\/fr\/wp-json\/wp\/v2\/media\/574952"}],"wp:attachment":[{"href":"https:\/\/www.europesays.com\/fr\/wp-json\/wp\/v2\/media?parent=574951"}],"wp:term":[{"taxonomy":"category","embeddable":true,"href":"https:\/\/www.europesays.com\/fr\/wp-json\/wp\/v2\/categories?post=574951"},{"taxonomy":"post_tag","embeddable":true,"href":"https:\/\/www.europesays.com\/fr\/wp-json\/wp\/v2\/tags?post=574951"}],"curies":[{"name":"wp","href":"https:\/\/api.w.org\/{rel}","templated":true}]}}