{"id":574953,"date":"2025-12-03T08:19:17","date_gmt":"2025-12-03T08:19:17","guid":{"rendered":"https:\/\/www.europesays.com\/fr\/574953\/"},"modified":"2025-12-03T08:19:17","modified_gmt":"2025-12-03T08:19:17","slug":"le-depart-de-francois-hante-encore-alain-quand-pedro-son-autre-fils-debarque-demain-nous-appartient-spoilers-22-au-26-decembre-2025","status":"publish","type":"post","link":"https:\/\/www.europesays.com\/fr\/574953\/","title":{"rendered":"Le d\u00e9part de Fran\u00e7ois hante encore Alain\u2026 quand Pedro, son autre fils, d\u00e9barque ! &#8211; Demain nous appartient (spoilers) 22 au 26 d\u00e9cembre 2025"},"content":{"rendered":"<p>\tD\u00e9couvrez les spoilers de Demain nous appartient du 22 au 26  d\u00e9cembre 2025 : La vie d\u2019Alain est en train de basculer apr\u00e8s le d\u00e9part de Fran\u00e7ois (Emmanuel Moire) avec Pedro. Voici les r\u00e9sum\u00e9s courts de DNA \u00e0 trois semaines d\u2019avance.<br \/>\n<img fetchpriority=\"high\" decoding=\"async\" aria-describedby=\"caption-attachment-330503\" src=\"https:\/\/www.europesays.com\/fr\/wp-content\/uploads\/2025\/12\/francois-pedro-alain-dna.jpg\" alt=\"francois dna\" width=\"1280\" height=\"720\" class=\"size-full wp-image-330503\"  \/><\/p>\n<p id=\"caption-attachment-330503\" class=\"wp-caption-text\">Fran\u00e7ois (Emmanuel Moire) remplac\u00e9 par Pedro dans Demain nous appartient en attendant son retour ! La vie d\u2019Alain bascule \u2026<\/p>\n<p>Les spoilers<a href=\"https:\/\/www.nouveautes-tele.com\/62784-resume-demain-nous-appartient-tf1-en-avance-spoilers-devoiles.html\" target=\"_blank\" rel=\"noopener\"><strong> Demain nous appartient (voir r\u00e9sum\u00e9s en avance) <\/strong><\/a> des \u00e9pisodes 3 semaines en avance du 22 au 26 d\u00e9cembre 2025.<\/p>\n<p>\ud83d\udd25 Le pass\u00e9 d\u2019Alain ressurgit brutalement : alors que le d\u00e9part de Fran\u00e7ois plane encore, Pedro d\u00e9barque avec ses zones d\u2019ombre. Les \u00e9pisodes du 22 au 26 d\u00e9cembre s\u2019annoncent prometteurs pour no\u00ebl  !<\/p>\n<p><\/p>\n<p>Avec les \u00e9pisodes 2100 \u00e0 2105  en attendant les r\u00e9sum\u00e9s complets et les r\u00e9caps vid\u00e9o sur notre <a href=\"https:\/\/www.youtube.com\/@nouveautesteleoff\/videos\" target=\"_blank\" rel=\"noopener\"><strong>cha\u00eene YouTube<\/strong><\/a>, les premi\u00e8res indiscr\u00e9tions se d\u00e9voilent. <\/p>\n<p><strong>Les acteurs en guests au casting <\/strong>: No\u00e9mie Pontreau (Sofia Daunier-Jacob), Ambroise Michel (Arthur Verges), Robinson Stevenin (Cl\u00e9ment Dumas), Kamel Isker (Th\u00e9ophile Cavalier), Joan Payet (Pedro Perez Arango) \u2026<\/p>\n<p>\ud83c\udfac Bonne nouvelle, rattrapage du retard de Demain nous appartient avec <strong>2 \u00e9pisodes diffus\u00e9s<\/strong> le mardi 23 d\u00e9cembre avec l\u2019un \u00e0 18H35 et l\u2019autre \u00e0 19H10. <\/p>\n<p>Demain nous appartient en avance du lundi 22 d\u00e9cembre 2025 (spoilers) <\/p>\n<p>Dans <strong>DNA \u00e9pisode 2100<\/strong> : Samuel (Axel Kiener) est pr\u00e9venu par Ellie : Sofia a un comportement inqui\u00e9tant. Adam tra\u00eene des pieds quand il s\u2019agit de donner un coup de main \u00e0 son grand-p\u00e8re Alain. Quant \u00e0 Marguerite, elle a droit \u00e0 une belle surprise : ses \u00e9l\u00e8ves lui ont organis\u00e9 une f\u00eate.<\/p>\n<p>Demain nous appartient en avance du mardi 23 d\u00e9cembre 2025  (spoilers)<\/p>\n<p>Dans <strong>DNA \u00e9pisode 2101<\/strong> : Soizic (Charlie Nune) tombe sur une information surprenante concernant Orso, le b\u00e9b\u00e9 de Sofia. Une enqu\u00eate est lanc\u00e9e autour du P\u00e8re No\u00ebl. Romain se lance dans une nouvelle exp\u00e9rience pour c\u00e9l\u00e9brer les f\u00eates.<\/p>\n<p>Dans <strong>DNA \u00e9pisode 2102<\/strong> :  L\u2019\u00e9tat de sant\u00e9 d\u2019Orso devient source d\u2019inqui\u00e9tude. Jordan s\u2019interroge au sujet de son p\u00e8re. Pour le Secret Santa, Marceau (David Mousset) opte pour un choix qui surprend tout le monde.<\/p>\n<p>Demain nous appartient en avance du mercredi 24 d\u00e9cembre 2025  (spoilers) <\/p>\n<p>Dans <strong>DNA \u00e9pisode 2103<\/strong> :  Ellie (Carla Roturier) se retrouve confront\u00e9e \u00e0 une d\u00e9cision d\u00e9licate. Nina voit son v\u0153u exauc\u00e9. De son c\u00f4t\u00e9, Violette re\u00e7oit un cadeau qu\u2019elle n\u2019attendait pas.<\/p>\n<p><img loading=\"lazy\" decoding=\"async\" aria-describedby=\"caption-attachment-324547\" src=\"data:image\/svg+xml,%3Csvg%20xmlns=\" http:=\"\" alt=\"Samuel et Ellie DNA\" width=\"1200\" height=\"614\" class=\"size-full wp-image-324547\" data-lazy- data-lazy- data-lazy-src=\"https:\/\/www.europesays.com\/fr\/wp-content\/uploads\/2025\/11\/dna-2067b.jpg\"\/><\/p>\n<p id=\"caption-attachment-324547\" class=\"wp-caption-text\">Samuel  et Ellie voient leur vie basculer avec Sofia et Orso<\/p>\n<p>Demain nous appartient en avance du jeudi 25 d\u00e9cembre 2025  (spoilers) <\/p>\n<p>Dans <strong>DNA \u00e9pisode 2104<\/strong> : Un visage du pass\u00e9 refait surface dans la vie d\u2019Alain (Christian Vadim). Les Roussel c\u00e9l\u00e8brent No\u00ebl d\u2019une mani\u00e8re inhabituelle cette ann\u00e9e. Alex ne cache plus son envie de voir Chlo\u00e9 partir.<\/p>\n<p>Demain nous appartient en avance du vendredi 26 d\u00e9cembre 2025  (spoilers) <\/p>\n<p>Dans <strong>DNA \u00e9pisode 2105<\/strong> : Pedro, le fils d\u2019Alain, adopte une attitude \u00e9trange. Kevin (Gabin Visona) vole au secours de Valentine. Erica (Shirley Bousquet) remet la main sur un objet auquel elle tient beaucoup.<\/p>\n<p>\ud83d\udcac Dites-nous en commentaires ce que vous pensez des spoilers DNA \u00e0 3 semaines. Vous pouvez r\u00e9agir aussi <strong><a href=\"https:\/\/www.nouveautes-tele.com\/51124-forum-demain-nous-appartient-tf1.html\" target=\"_blank\" rel=\"noopener\">le forum Demain nous appartient<\/a><\/strong> tr\u00e8s actif. <\/p>\n<p>&#13;<\/p>\n<p style=\"margin:0; font-size:18px;\">\ud83d\udce8 <strong>Ne manquez plus rien de vos s\u00e9ries pr\u00e9f\u00e9r\u00e9es !<\/strong><\/p>\n<p style=\"margin:8px 0 16px 0;\">Abonnez-vous \u00e0 notre \ud83d\udea8 <strong>newsletter \u00ab\u00a0Alerte S\u00e9ries\u00a0\u00bb<\/strong> d\u00e8s la publication d\u2019un nouvel article afin de recevoir les actus <strong>Nouveaut\u00e9s-T\u00e9l\u00e9<\/strong> en direct !<\/p>\n<p><\/p>\n<p>  <a href=\"https:\/\/www.nouveautes-tele.com\/alerte-nouvel-article-notification-mail\" target=\"_blank\" style=\"background-color:#00b4d8; color:#ffffff; padding:10px 26px; border-radius:6px; text-decoration:none; font-weight:bold; display:inline-flex; align-items:center; justify-content:center; font-size:16px; line-height:1; vertical-align:middle;\" rel=\"noopener\">&#13;<br \/>\n     \u2709\ufe0f Je m\u2019abonne \u00e0 la newsletter&#13;<br \/>\n  <\/a><br \/>\n&#13;<br \/>\n<br \/>&#13;<\/p>\n<p>                          <img loading=\"lazy\" decoding=\"async\" width=\"512\" height=\"512\" src=\"data:image\/svg+xml,%3Csvg%20xmlns=\" http:=\"\" alt=\"Logo de Nouveaut\u00e9 t\u00e9l\u00e9\" data-lazy-src=\"https:\/\/www.europesays.com\/fr\/wp-content\/uploads\/2025\/06\/nt-logo.png\"\/><\/p>\n<p>\t\t\t  Isabelle Corteilles<\/p>\n<p>Titou, fondatrice de Nouveaut\u00e9s T\u00e9l\u00e9 en 2014, passionn\u00e9e de m\u00e9dias et incollable sur l\u2019actualit\u00e9 des s\u00e9ries t\u00e9l\u00e9. De la g\u00e9n\u00e9ration Dawson\u2019s Creek et Sous le Soleil, je navigue aujourd\u2019hui entre le Spoon de DNA, les marais salants d\u2019ITC, le Mistral de PBLV et les Sauvages d\u2019Un Si Grand Soleil, pour ne rien rater des derni\u00e8res intrigues et des indiscr\u00e9tions.<\/p>\n","protected":false},"excerpt":{"rendered":"D\u00e9couvrez les spoilers de Demain nous appartient du 22 au 26 d\u00e9cembre 2025 : La vie d\u2019Alain est&hellip;\n","protected":false},"author":2,"featured_media":574954,"comment_status":"","ping_status":"","sticky":false,"template":"","format":"standard","meta":{"footnotes":""},"categories":[1356],"tags":[58,59,1011,27,252,1364],"class_list":{"0":"post-574953","1":"post","2":"type-post","3":"status-publish","4":"format-standard","5":"has-post-thumbnail","7":"category-television","8":"tag-divertissement","9":"tag-entertainment","10":"tag-fr","11":"tag-france","12":"tag-television","13":"tag-tv"},"share_on_mastodon":{"url":"https:\/\/pubeurope.com\/@fr\/115654660983671441","error":""},"_links":{"self":[{"href":"https:\/\/www.europesays.com\/fr\/wp-json\/wp\/v2\/posts\/574953","targetHints":{"allow":["GET"]}}],"collection":[{"href":"https:\/\/www.europesays.com\/fr\/wp-json\/wp\/v2\/posts"}],"about":[{"href":"https:\/\/www.europesays.com\/fr\/wp-json\/wp\/v2\/types\/post"}],"author":[{"embeddable":true,"href":"https:\/\/www.europesays.com\/fr\/wp-json\/wp\/v2\/users\/2"}],"replies":[{"embeddable":true,"href":"https:\/\/www.europesays.com\/fr\/wp-json\/wp\/v2\/comments?post=574953"}],"version-history":[{"count":0,"href":"https:\/\/www.europesays.com\/fr\/wp-json\/wp\/v2\/posts\/574953\/revisions"}],"wp:featuredmedia":[{"embeddable":true,"href":"https:\/\/www.europesays.com\/fr\/wp-json\/wp\/v2\/media\/574954"}],"wp:attachment":[{"href":"https:\/\/www.europesays.com\/fr\/wp-json\/wp\/v2\/media?parent=574953"}],"wp:term":[{"taxonomy":"category","embeddable":true,"href":"https:\/\/www.europesays.com\/fr\/wp-json\/wp\/v2\/categories?post=574953"},{"taxonomy":"post_tag","embeddable":true,"href":"https:\/\/www.europesays.com\/fr\/wp-json\/wp\/v2\/tags?post=574953"}],"curies":[{"name":"wp","href":"https:\/\/api.w.org\/{rel}","templated":true}]}}