{"id":574955,"date":"2025-12-03T08:20:13","date_gmt":"2025-12-03T08:20:13","guid":{"rendered":"https:\/\/www.europesays.com\/fr\/574955\/"},"modified":"2025-12-03T08:20:13","modified_gmt":"2025-12-03T08:20:13","slug":"mariah-carey-combien-gagne-t-elle-chaque-annee-pour-all-i-want-for-christmas-is-you","status":"publish","type":"post","link":"https:\/\/www.europesays.com\/fr\/574955\/","title":{"rendered":"Mariah Carey : combien gagne-t-elle chaque ann\u00e9e pour All I want for Christmas is You ?"},"content":{"rendered":"<p>Aucune playlist de No\u00ebl n\u2019est compl\u00e8te sans <strong>All I<br \/>\nWant For Christmas Is You<\/strong>. Pourtant, \u00e0 sa sortie en<br \/>\n1994, ce morceau de Mariah Carey, issu de son quatri\u00e8me album<br \/>\nstudio d\u00e9di\u00e9 aux f\u00eates, n\u2019avait rencontr\u00e9 qu\u2019un succ\u00e8s discret et<br \/>\nn\u2019avait m\u00eame pas atteint le top 10 du Billboard am\u00e9ricain. L\u2019hiver<br \/>\nsuivant, la chanson aurait pu tomber dans l\u2019oubli. Mais au fil des<br \/>\nann\u00e9es, les clochettes ont continu\u00e9 de r\u00e9sonner et,<br \/>\nprogressivement, le titre est devenu un incontournable des f\u00eates,<br \/>\nrevenant chaque d\u00e9cembre en t\u00eate des \u00e9coutes sur les plateformes de<br \/>\nstreaming.<\/p>\n<p data-start=\"179\" data-end=\"504\">All I Want for Christmas Is You de <strong>Mariah<br \/>\nCarey<\/strong> continue d\u2019inspirer de nombreux artistes qui<br \/>\nl\u2019int\u00e8grent \u00e0 leurs albums de No\u00ebl. Apr\u00e8s Shania Twain et <a href=\"https:\/\/www.closermag.fr\/people\/kylie-jenner-son-manoir-rachete-a-miley-cyrus-en-pleine-renovation-voici-ou-en-sont-les-travaux-photos-3582453\" target=\"_blank\" rel=\"noopener\"><br \/>\nMiley Cyrus<\/a>, Michael Bubl\u00e9 a propos\u00e9 sa version dans son disque<br \/>\nChristmas! sorti en 2011,<br \/>\nd\u00e9crochant d\u00e8s sa sortie la premi\u00e8re place du US Billboard Adult<br \/>\nContemporary. R\u00e9cemment, Natasha St-Pier a souhait\u00e9 apporter sa<br \/>\ntouche personnelle \u00e0 ce tube dans son dernier Christmas Album, paru le 10 novembre. Une<br \/>\nnouvelle preuve que ce classique n\u2019a pas fini de rythmer les f\u00eates<br \/>\net d\u2019envahir les ondes.<\/p>\n<p>Mariah Carey : le hit de No\u00ebl<br \/>\nqui traverse les d\u00e9cennies<\/p>\n<p data-start=\"235\" data-end=\"793\">Depuis 1994, <a href=\"https:\/\/www.closermag.fr\/people\/all-i-want-for-christmas-is-you-comment-est-ne-le-tube-de-noel-de-mariah-carey-914007\" target=\"_blank\" rel=\"noopener\"><br \/>\nAll I Want For Christmas Is<br \/>\nYou<\/a> s\u2019est impos\u00e9e comme un incontournable des f\u00eates.<br \/>\nExtraite de l\u2019album Merry<br \/>\nChristmas, cette chanson m\u00eale paroles <strong>romantiques,<br \/>\nm\u00e9lodie entra\u00eenante et voix de diva<\/strong>, et continue de<br \/>\ns\u00e9duire des g\u00e9n\u00e9rations enti\u00e8res.<\/p>\n<p data-start=\"235\" data-end=\"793\">Popularis\u00e9e dans <strong>les<br \/>\nann\u00e9es 90 et 2000<\/strong>, elle a connu un regain d\u2019int\u00e9r\u00eat gr\u00e2ce<br \/>\n\u00e0 sa pr\u00e9sence dans la bande originale de Love Actually. Trente ans plus tard, la<br \/>\nchanteuse am\u00e9ricaine r\u00e9invente chaque saison ce tube plan\u00e9taire et<br \/>\ncontinue de battre tous les records.<\/p>\n<p>Un<br \/>\nbusiness de No\u00ebl qui rapporte gros<\/p>\n<p data-start=\"843\" data-end=\"1719\" data-is-last-node=\"\" data-is-only-node=\"\">Au-del\u00e0 des streams, la maman de <a href=\"https:\/\/www.closermag.fr\/people\/les-jumeaux-de-mariah-carey-lui-volent-la-vedette-sur-le-walk-of-fame-de-hollywood-photos-546174\" target=\"_blank\" rel=\"noopener\"><br \/>\nMonroe et Moroccan<\/a> tire un revenu impressionnant de son succ\u00e8s<br \/>\n: selon The Economist,<br \/>\nrelay\u00e9 par Le Figaro le 9<br \/>\nd\u00e9cembre 2022, elle toucherait environ <strong>2,5 millions de<br \/>\ndollars chaque ann\u00e9e<\/strong> pour la diffusion de ce titre,<br \/>\ncumulant pr\u00e8s de <strong>70 millions de dollars depuis sa<br \/>\nsortie<\/strong>. Mais l\u2019exploitation ne s\u2019arr\u00eate pas l\u00e0 : la diva a<br \/>\nd\u00e9clin\u00e9 son hit en dessin anim\u00e9 pour Amazon, show pour Apple TV,<br \/>\npyjamas \u00e0 140 dollars et livre pour enfants.<\/p>\n<p data-start=\"843\" data-end=\"1719\" data-is-last-node=\"\" data-is-only-node=\"\">Marc Jahjah, chercheur en m\u00e9dias \u00e0<br \/>\nl\u2019universit\u00e9 de Nantes, souligne que \u00ab\u00a0ce morceau est devenu<br \/>\npour une certaine partie du monde un \u00e9l\u00e9ment figuratif et<br \/>\n<strong>st\u00e9r\u00e9otyp\u00e9 de No\u00ebl<\/strong> au m\u00eame titre que les sapins et<br \/>\nle chocolat chaud\u00a0\u00bb. La chanteuse, parfaitement consciente de<br \/>\nl\u2019impact de sa chanson, annonce d\u00e8s octobre le retour de son<br \/>\nind\u00e9tr\u00f4nable tube sur ses r\u00e9seaux sociaux, marquant le d\u00e9but<br \/>\nofficiel de la saison festive.<\/p>\n","protected":false},"excerpt":{"rendered":"Aucune playlist de No\u00ebl n\u2019est compl\u00e8te sans All I Want For Christmas Is You. Pourtant, \u00e0 sa sortie&hellip;\n","protected":false},"author":2,"featured_media":574956,"comment_status":"","ping_status":"","sticky":false,"template":"","format":"standard","meta":{"footnotes":""},"categories":[1355],"tags":[58,59,1011,27,34115,1361,873],"class_list":{"0":"post-574955","1":"post","2":"type-post","3":"status-publish","4":"format-standard","5":"has-post-thumbnail","7":"category-musique","8":"tag-divertissement","9":"tag-entertainment","10":"tag-fr","11":"tag-france","12":"tag-mariah-carey","13":"tag-music","14":"tag-musique"},"share_on_mastodon":{"url":"https:\/\/pubeurope.com\/@fr\/115654664386255322","error":""},"_links":{"self":[{"href":"https:\/\/www.europesays.com\/fr\/wp-json\/wp\/v2\/posts\/574955","targetHints":{"allow":["GET"]}}],"collection":[{"href":"https:\/\/www.europesays.com\/fr\/wp-json\/wp\/v2\/posts"}],"about":[{"href":"https:\/\/www.europesays.com\/fr\/wp-json\/wp\/v2\/types\/post"}],"author":[{"embeddable":true,"href":"https:\/\/www.europesays.com\/fr\/wp-json\/wp\/v2\/users\/2"}],"replies":[{"embeddable":true,"href":"https:\/\/www.europesays.com\/fr\/wp-json\/wp\/v2\/comments?post=574955"}],"version-history":[{"count":0,"href":"https:\/\/www.europesays.com\/fr\/wp-json\/wp\/v2\/posts\/574955\/revisions"}],"wp:featuredmedia":[{"embeddable":true,"href":"https:\/\/www.europesays.com\/fr\/wp-json\/wp\/v2\/media\/574956"}],"wp:attachment":[{"href":"https:\/\/www.europesays.com\/fr\/wp-json\/wp\/v2\/media?parent=574955"}],"wp:term":[{"taxonomy":"category","embeddable":true,"href":"https:\/\/www.europesays.com\/fr\/wp-json\/wp\/v2\/categories?post=574955"},{"taxonomy":"post_tag","embeddable":true,"href":"https:\/\/www.europesays.com\/fr\/wp-json\/wp\/v2\/tags?post=574955"}],"curies":[{"name":"wp","href":"https:\/\/api.w.org\/{rel}","templated":true}]}}