{"id":574957,"date":"2025-12-03T08:21:13","date_gmt":"2025-12-03T08:21:13","guid":{"rendered":"https:\/\/www.europesays.com\/fr\/574957\/"},"modified":"2025-12-03T08:21:13","modified_gmt":"2025-12-03T08:21:13","slug":"canto-due-loeuf-de-lange-the-shadows-edge-nos-critiques-des-sorties-cinema-de-la-semaine-liberation","status":"publish","type":"post","link":"https:\/\/www.europesays.com\/fr\/574957\/","title":{"rendered":"Canto Due\u00bb, \u00abl\u2019\u0152uf de l\u2019ange\u00bb, \u00abThe Shadow\u2019s Edge\u00bb\u2026 Nos critiques des sorties cin\u00e9ma de la semaine \u2013 Lib\u00e9ration"},"content":{"rendered":"<p class=\"sc-cPiKLX AiZTS text-element\">Pour aider nos lecteurs \u00e0 s\u2019y retrouver dans une offre culturelle foisonnante, les journalistes du service Culture de Lib\u00e9 vous d\u00e9blaient le terrain dans l\u2019actualit\u00e9 des sorties de films, d\u2019albums, de spectacles, de s\u00e9ries et d\u2019expositions. <a href=\"https:\/\/www.liberation.fr\/selections-culture\/\" rel=\"noopener\" title=\"https:\/\/www.liberation.fr\/selections-culture\/\" target=\"_blank\">Retrouvez l\u2019ensemble de nos s\u00e9lections<\/a>.<\/p>\n<p class=\"sc-cPiKLX AiZTS text-element\">Pr\u00e8s de dix ans apr\u00e8s le d\u00e9but de son tournage, arrive en salles le nouveau film de la trilogie maudite du cin\u00e9aste, prolongeant l\u2019\u00e9t\u00e9 sans fin. Une r\u00e9ponse troublante aux scandales, offrant \u00e0 ses personnages un tour de piste cr\u00e9pusculaire. <a href=\"https:\/\/www.liberation.fr\/culture\/cinema\/mektoub-my-love-canto-due-dabdellatif-kechiche-radieux-reveil-20251202_SCUALFGT7FCVZKRXOO6D4SHPAY\/\" target=\"_blank\" rel=\"noreferrer noopener\" title=\"https:\/\/www.liberation.fr\/culture\/cinema\/mektoub-my-love-canto-due-dabdellatif-kechiche-radieux-reveil-20251202_SCUALFGT7FCVZKRXOO6D4SHPAY\/\">Lire notre critique<\/a>.<\/p>\n<\/p>\n<p class=\"sc-cPiKLX AiZTS text-element\">Chef-d\u2019\u0153uvre exp\u00e9rimental, le long m\u00e9trage d\u2019animation \u00e0 l\u2019influence majeure ressort en salles en version remast\u00e9ris\u00e9e sign\u00e9e de l\u2019auteur du mirifique Ghost in the Shell. <a href=\"https:\/\/www.liberation.fr\/culture\/cinema\/loeuf-de-lange-lenvoutante-epopee-de-mamoru-oshii-20251203_TUNN3VFR2ZC5NCF7JJCRUSH4CQ\/\" target=\"_blank\" rel=\"noreferrer noopener\" title=\"https:\/\/www.liberation.fr\/culture\/cinema\/loeuf-de-lange-lenvoutante-epopee-de-mamoru-oshii-20251203_TUNN3VFR2ZC5NCF7JJCRUSH4CQ\/\">Lire notre critique<\/a>.<\/p>\n<\/p>\n<p class=\"sc-cPiKLX AiZTS text-element\">Le film nous permet de renouer avec le plaisir de sc\u00e8nes d\u2019actions s\u2019encha\u00eenant sans rel\u00e2che et le talent pour la baston de la star Jackie Chan, 71 ans, subit ici un vrai coup de boost. <a href=\"https:\/\/www.liberation.fr\/culture\/cinema\/the-shadows-edge-jackie-chan-frappe-fort-20251202_HMAGWQEM7RDW7BKER6JWOLB2XY\/\" target=\"_blank\" rel=\"noreferrer noopener\" title=\"https:\/\/www.liberation.fr\/culture\/cinema\/the-shadows-edge-jackie-chan-frappe-fort-20251202_HMAGWQEM7RDW7BKER6JWOLB2XY\/\">Lire notre critique<\/a>.<\/p>\n<\/p>\n<p class=\"sc-cPiKLX AiZTS text-element\">Ce documentaire retrace le parcours personnel de la cin\u00e9aste, depuis la d\u00e9couverte de sa s\u00e9ropositivit\u00e9 dans les ann\u00e9es 80. <a href=\"https:\/\/www.liberation.fr\/culture\/cinema\/il-a-suffi-dune-nuit-recit-dune-traversee-intime-et-de-la-lutte-contre-le-sida-20251203_RRK273HJLNGOBF2GNSLYPE4N4M\/\" target=\"_blank\" rel=\"noreferrer noopener\" title=\"https:\/\/www.liberation.fr\/culture\/cinema\/il-a-suffi-dune-nuit-recit-dune-traversee-intime-et-de-la-lutte-contre-le-sida-20251203_RRK273HJLNGOBF2GNSLYPE4N4M\/\">Lire notre critique<\/a>.<\/p>\n<\/p>\n<p class=\"sc-cPiKLX AiZTS text-element\">Dans son deuxi\u00e8me long m\u00e9trage, le romancier, auteur notamment du Bastion des larmes, campe deux post-adolescents homosexuels qui attendent d\u00e9sesp\u00e9r\u00e9ment leur \u00eatre aim\u00e9 dans une villa au Maroc. <a href=\"https:\/\/www.liberation.fr\/culture\/cinema\/cabo-negro-chacun-cherche-son-cap-20251202_JKJ7IR6EMRFJBGSUIQI4SP7CKM\/\" target=\"_blank\" rel=\"noreferrer noopener\" title=\"https:\/\/www.liberation.fr\/culture\/cinema\/cabo-negro-chacun-cherche-son-cap-20251202_JKJ7IR6EMRFJBGSUIQI4SP7CKM\/\">Lire notre critique<\/a>.<\/p>\n<\/p>\n<p class=\"sc-cPiKLX AiZTS text-element\">Autobiographiques l\u2019un comme l\u2019autre, le film est n\u00e9 de la lecture du livre de Cl\u00e9mentine Autain, Dites-lui que je l\u2019aime, o\u00f9 la femme politique revient sur une figure maternelle d\u00e9faillante, l\u2019actrice Dominique Laffin, retrouv\u00e9e morte dans sa baignoire \u00e0 33 ans et laissant donc sa petite fille orpheline. <a href=\"https:\/\/www.liberation.fr\/culture\/cinema\/vite-vus-dites-lui-que-je-laime-de-romane-bohringer-et-reedland-de-sven-bresser-20251202_WSQDS66DIZDYTAPM56OU4BP6OU\/\" target=\"_blank\" rel=\"noreferrer noopener\" title=\"https:\/\/www.liberation.fr\/culture\/cinema\/vite-vus-dites-lui-que-je-laime-de-romane-bohringer-et-reedland-de-sven-bresser-20251202_WSQDS66DIZDYTAPM56OU4BP6OU\/\">Lire notre critique<\/a>.<\/p>\n<\/p>\n<p class=\"sc-cPiKLX AiZTS text-element\">Confinant \u00e0 la carte postale, le portrait de Goliarda Sapienza, l\u2019autrice de l\u2019Art de la joie, apr\u00e8s ses ann\u00e9es d\u2019incarc\u00e9ration, met l\u2019accent sur la sororit\u00e9. <a href=\"https:\/\/www.liberation.fr\/culture\/cinema\/dans-fuori-goliarda-sapienza-a-loeuvre-20251202_O63HU2SFPBGXNI4XBMWCGDSJ5M\/\" target=\"_blank\" rel=\"noreferrer noopener\" title=\"https:\/\/www.liberation.fr\/culture\/cinema\/dans-fuori-goliarda-sapienza-a-loeuvre-20251202_O63HU2SFPBGXNI4XBMWCGDSJ5M\/\">Lire notre critique<\/a>.<\/p>\n<\/p>\n<p class=\"sc-cPiKLX AiZTS text-element\">Le film de la cin\u00e9aste mac\u00e9donienne dresse un portrait clair-obscur de la c\u00e9l\u00e8bre religieuse \u00e0 la t\u00eate de la congr\u00e9gation des Missionnaires de la Charit\u00e9 \u00e0 Calcutta \u00e0 qui l\u2019actrice pr\u00eate ses traits fascinants. <a href=\"https:\/\/www.liberation.fr\/culture\/cinema\/dans-teresa-noomi-rapace-branchee-sur-couvent-alternatif-20251202_KEKLBAXJ2BFNXJEYJGHHQ6QLNE\/\" target=\"_blank\" rel=\"noreferrer noopener\" title=\"https:\/\/www.liberation.fr\/culture\/cinema\/dans-teresa-noomi-rapace-branchee-sur-couvent-alternatif-20251202_KEKLBAXJ2BFNXJEYJGHHQ6QLNE\/\">Lire notre critique<\/a>.<\/p>\n<\/p>\n<p class=\"sc-cPiKLX AiZTS text-element\">Port\u00e9 par une actrice principale exceptionnelle, Maria Wr\u00f3bel, ce deuxi\u00e8me long m\u00e9trage de la r\u00e9alisatrice d\u00e9roule un programme d\u2019horreur flou et se perd dans la surench\u00e8re. <a href=\"https:\/\/www.liberation.fr\/culture\/cinema\/que-ma-volonte-soit-faite-que-son-regne-craigne-20251203_RHHE4BBHWBEOPFYAE3DKD36HHU\/\" target=\"_blank\" rel=\"noreferrer noopener\" title=\"https:\/\/www.liberation.fr\/culture\/cinema\/que-ma-volonte-soit-faite-que-son-regne-craigne-20251203_RHHE4BBHWBEOPFYAE3DKD36HHU\/\">Lire notre critique<\/a>.<\/p>\n<\/p>\n<p class=\"sc-cPiKLX AiZTS text-element\">Traque m\u00e9taphysique, \u00e9tude sensorielle sur les bocages du nord, thriller hant\u00e9 par les chuchotements des roseaux, Reedland est un peu tout \u00e7a, pos\u00e9 dans l\u2019aube laiteuse d\u2019une ferme non loin de laquelle Johan, grand-p\u00e8re et paysan sto\u00efque, d\u00e9couvrira le cadavre d\u2019une jeune femme viol\u00e9e. <a href=\"https:\/\/www.liberation.fr\/culture\/cinema\/vite-vus-dites-lui-que-je-laime-de-romane-bohringer-et-reedland-de-sven-bresser-20251202_WSQDS66DIZDYTAPM56OU4BP6OU\/\" target=\"_blank\" rel=\"noreferrer noopener\" title=\"https:\/\/www.liberation.fr\/culture\/cinema\/vite-vus-dites-lui-que-je-laime-de-romane-bohringer-et-reedland-de-sven-bresser-20251202_WSQDS66DIZDYTAPM56OU4BP6OU\/\">Lire notre critique<\/a>.<\/p>\n<\/p>\n<p class=\"sc-cPiKLX AiZTS text-element\"><b>Chaque jour, retrouvez les choix du service Culture de <\/b><b>Lib\u00e9 <\/b><b>: expositions le lundi, th\u00e9\u00e2tre, danse et op\u00e9ra le mardi, sorties cin\u00e9 le mercredi, musique et s\u00e9ries le vendredi. Tout ce qui nous a plu (et parfois d\u00e9plu) dans l\u2019actualit\u00e9 de la culture.<\/b><\/p>\n","protected":false},"excerpt":{"rendered":"Pour aider nos lecteurs \u00e0 s\u2019y retrouver dans une offre culturelle foisonnante, les journalistes du service Culture de&hellip;\n","protected":false},"author":2,"featured_media":574958,"comment_status":"","ping_status":"","sticky":false,"template":"","format":"standard","meta":{"footnotes":""},"categories":[1354],"tags":[58,59,1346,1011,27,1360,6517],"class_list":{"0":"post-574957","1":"post","2":"type-post","3":"status-publish","4":"format-standard","5":"has-post-thumbnail","7":"category-films","8":"tag-divertissement","9":"tag-entertainment","10":"tag-films","11":"tag-fr","12":"tag-france","13":"tag-movies","14":"tag-sorties-cinema"},"share_on_mastodon":{"url":"https:\/\/pubeurope.com\/@fr\/115654668131271189","error":""},"_links":{"self":[{"href":"https:\/\/www.europesays.com\/fr\/wp-json\/wp\/v2\/posts\/574957","targetHints":{"allow":["GET"]}}],"collection":[{"href":"https:\/\/www.europesays.com\/fr\/wp-json\/wp\/v2\/posts"}],"about":[{"href":"https:\/\/www.europesays.com\/fr\/wp-json\/wp\/v2\/types\/post"}],"author":[{"embeddable":true,"href":"https:\/\/www.europesays.com\/fr\/wp-json\/wp\/v2\/users\/2"}],"replies":[{"embeddable":true,"href":"https:\/\/www.europesays.com\/fr\/wp-json\/wp\/v2\/comments?post=574957"}],"version-history":[{"count":0,"href":"https:\/\/www.europesays.com\/fr\/wp-json\/wp\/v2\/posts\/574957\/revisions"}],"wp:featuredmedia":[{"embeddable":true,"href":"https:\/\/www.europesays.com\/fr\/wp-json\/wp\/v2\/media\/574958"}],"wp:attachment":[{"href":"https:\/\/www.europesays.com\/fr\/wp-json\/wp\/v2\/media?parent=574957"}],"wp:term":[{"taxonomy":"category","embeddable":true,"href":"https:\/\/www.europesays.com\/fr\/wp-json\/wp\/v2\/categories?post=574957"},{"taxonomy":"post_tag","embeddable":true,"href":"https:\/\/www.europesays.com\/fr\/wp-json\/wp\/v2\/tags?post=574957"}],"curies":[{"name":"wp","href":"https:\/\/api.w.org\/{rel}","templated":true}]}}