{"id":574962,"date":"2025-12-03T08:24:12","date_gmt":"2025-12-03T08:24:12","guid":{"rendered":"https:\/\/www.europesays.com\/fr\/574962\/"},"modified":"2025-12-03T08:24:12","modified_gmt":"2025-12-03T08:24:12","slug":"pourquoi-booba-nest-jamais-vraiment-banni-des-reseaux-sociaux-malgre-de-multiples-suspensions","status":"publish","type":"post","link":"https:\/\/www.europesays.com\/fr\/574962\/","title":{"rendered":"Pourquoi Booba n\u2019est jamais vraiment banni des r\u00e9seaux sociaux malgr\u00e9 de multiples suspensions"},"content":{"rendered":"<p> \u00abSi les meilleurs partent les premiers, pourquoi je suis toujours en vie\u00a0?\u00a0\u00bb, se demandait <a href=\"https:\/\/www.20minutes.fr\/dossier\/booba\" class=\"c-link c-link--is-underlined\" target=\"_blank\" rel=\"noopener\">Booba<\/a> dans Les meilleurs. On peut se poser une question similaire sur la pr\u00e9sence du rappeur sur les <a href=\"https:\/\/www.20minutes.fr\/dossier\/reseaux_sociaux\" class=\"c-link c-link--is-underlined\" target=\"_blank\" rel=\"noopener\">r\u00e9seaux sociaux<\/a>. Malgr\u00e9 plusieurs incitations au harc\u00e8lement ou clashs qui virent \u00e0 l\u2019insulte, comment Elie Yaffa (de son vrai nom) continue d\u2019\u00e9chapper au bannissement permanent\u00a0? Alors que s\u2019ouvre ce mercredi son proc\u00e8s pour <a href=\"https:\/\/www.20minutes.fr\/dossier\/cyber_harcelement\" class=\"c-link c-link--is-underlined\" target=\"_blank\" rel=\"noopener\">cyberharc\u00e8lement<\/a> et injure discriminatoire envers la journaliste Linh-Lan Dao et l\u2019essayiste Tristan Mend\u00e8s France.<\/p>\n<p>Booba sait pourtant qu\u2019il flirte souvent avec les limites. En janvier\u00a02020, <a href=\"https:\/\/www.20minutes.fr\/high-tech\/instagram\/\" class=\"c-link c-link--is-underlined\" target=\"_blank\" rel=\"noopener\">Instagram<\/a> a supprim\u00e9 son compte officiel, l\u2019accusant de violer les r\u00e8gles de la communaut\u00e9 en partageant des vid\u00e9os intimes d\u2019un autre rappeur, Fianso &#8211; <a href=\"https:\/\/www.20minutes.fr\/societe\/4043172-20230627-affaire-griveaux-revenge-porn-fin-temps-ca-suit-partout\" class=\"c-link c-link--is-underlined\" target=\"_blank\" rel=\"noopener\">du revenge porn<\/a>, que Booba minimisait en \u00ab\u00a0une histoire de fesses\u00a0\u00bb. Mais son parcours sur le r\u00e9seau social de Meta ne s\u2019arr\u00eate pas l\u00e0. Il avait recr\u00e9\u00e9 son compte une premi\u00e8re fois, qui avait \u00e9t\u00e9 de nouveau ferm\u00e9 en d\u00e9cembre de la m\u00eame ann\u00e9e, apr\u00e8s des clashs avec Roff, Vitaa, Benash.<\/p>\n<\/p>\n<p>Booba s\u2019\u00e9tait alors rabattu sur d\u2019autres comptes li\u00e9s \u00e0 ses activit\u00e9s, comme celui de son label @lapiraterieofficial. Ils seront \u00e0 l\u2019heure tour <a href=\"https:\/\/www.20minutes.fr\/arts-stars\/web\/3346451-20220905-marseille-booba-conteste-fermeture-compte-instagram-proces-airs-octogone\" class=\"c-link c-link--is-underlined\" target=\"_blank\" rel=\"noopener\">ferm\u00e9 par Meta, d\u2019abord en janvier\u00a02021<\/a> apr\u00e8s une injonction en justice r\u00e9clam\u00e9e par Demdem, influenceuse et ancienne compagne du chanteur Gims. Un autre en juillet de l\u2019ann\u00e9e suivante, apr\u00e8s une d\u00e9cision de justice r\u00e9clam\u00e9e <a href=\"https:\/\/www.20minutes.fr\/justice\/4153717-20250515-magali-berdah-rappeur-booba-condamne-verser-10-000-euros-influenceuse-procedure-abusive\" class=\"c-link c-link--is-underlined\" target=\"_blank\" rel=\"noopener\">par Magali Berdah<\/a>, influenceuse issue du monde de la t\u00e9l\u00e9-r\u00e9alit\u00e9 et cible de harc\u00e8lements r\u00e9p\u00e9t\u00e9s par Booba. Le rappeur affirmait que l\u2019entreprise d\u2019\u00e9v\u00e9nementiel de Magali Berdah faisait partie d\u2019un r\u00e9seau d\u2019escroquerie. Une affaire \u00e0 laquelle on doit le terme <a href=\"https:\/\/www.20minutes.fr\/justice\/4020099-20230125-amendes-regulation-secteur-plaintes-collectives-fin-impunite-influvoleurs\" class=\"c-link c-link--is-underlined\" target=\"_blank\" rel=\"noopener\">\u00ab\u00a0influvoleurs\u00a0\u00bb<\/a>.<\/p>\n<p>L\u2019\u00e9ternel retour de Booba<\/p>\n<p>Le tribunal reconna\u00eetra par la suite que la d\u00e9cision de suspendre le compte Instagram de Booba doit \u00eatre r\u00e9tract\u00e9e, mais se d\u00e9clare incomp\u00e9tent pour faire r\u00e9tablir celui-ci. Dans les mois qui suivent, plusieurs comptes sous diff\u00e9rents alias (boobaghost, elieyaffaofficiel\u2026) reviennent sur la plate-forme, avant de finir \u00e0 leur tour bannis, souvent apr\u00e8s un clash. Aujourd\u2019hui, c\u2019est le compte @piratefinal qui a pris le relais. Sur X, son compte a d\u00e9j\u00e0 \u00e9t\u00e9 restreint, dont une fois en janvier\u00a02022, officiellement pour des \u00ab\u00a0propos violant les politiques de la plateforme\u00a0\u00bb. Mais il est toujours actif aujourd\u2019hui et rassemble 5,8\u00a0millions d\u2019abonn\u00e9s.<\/p>\n<p>Le cas Booba cristallise les difficult\u00e9s majeures des r\u00e9seaux sociaux \u00e0 r\u00e9guler les utilisateurs influents. Malgr\u00e9 l\u2019arsenal d\u2019outils avanc\u00e9s par les plateformes, ces sanctions restent souvent temporaires, partielles, ou contournables par des comptes alternatifs ou des rebrandings. Magali Berdah avait associ\u00e9 \u00e0 sa proc\u00e9dure envers Booba une plainte contre diff\u00e9rents r\u00e9seaux sociaux pour \u00ab\u00a0complicit\u00e9 de harc\u00e8lement moral aggrav\u00e9\u00a0\u00bb. D\u2019apr\u00e8s elle, les plateformes ont contribu\u00e9 \u00e0 la diffusion massive de messages haineux en maintenant l\u2019acc\u00e8s \u00e0 Booba \u00e0 ses comptes.<\/p>\n<p>Une mod\u00e9ration de moins en moins stricte sur X<\/p>\n<p>Et encore faut-il que les plateformes veuillent mod\u00e9rer. Depuis son rachat par <a href=\"https:\/\/www.20minutes.fr\/dossier\/elon_musk\" class=\"c-link c-link--is-underlined\" target=\"_blank\" rel=\"noopener\">Elon Musk<\/a> en\u00a02022, X, anciennement Twitter, a \u00e9volu\u00e9 dans sa politique de mod\u00e9ration, devenant beaucoup plus laxiste face au harc\u00e8lement, mais aussi aux propos probl\u00e9matiques en tous genres.<\/p>\n<p>Si la justice des r\u00e9seaux semble avoir tranch\u00e9 pour une forme de r\u00e9int\u00e9gration, Booba n\u2019en a pas fini avec les vrais tribunaux. En plus du proc\u00e8s de ce mercredi, il reste aussi mis en examen dans des affaires de harc\u00e8lement contre Magali Berdah, <a href=\"https:\/\/www.20minutes.fr\/justice\/4180026-20251017-booba-nouveau-mis-examen-harcelement-aggrave-fois-demdem-compagne-gims\" target=\"_blank\" class=\"c-link c-link--is-underlined\" rel=\"noopener\">mais aussi contre Demdem<\/a>. Si la piraterie n\u2019est jamais finie, les passages au tribunal non plus.<\/p>\n","protected":false},"excerpt":{"rendered":"\u00abSi les meilleurs partent les premiers, pourquoi je suis toujours en vie\u00a0?\u00a0\u00bb, se demandait Booba dans Les meilleurs.&hellip;\n","protected":false},"author":2,"featured_media":574963,"comment_status":"","ping_status":"","sticky":false,"template":"","format":"standard","meta":{"footnotes":""},"categories":[8],"tags":[3646,7904,9001,58,59,1011,27,142,2440,303,22015,2694,3616,6198,938,28259],"class_list":{"0":"post-574962","1":"post","2":"type-post","3":"status-publish","4":"format-standard","5":"has-post-thumbnail","7":"category-divertissement","8":"tag-booba","9":"tag-by-the-web","10":"tag-cyberharcelement","11":"tag-divertissement","12":"tag-entertainment","13":"tag-fr","14":"tag-france","15":"tag-high-tech","16":"tag-instagram","17":"tag-justice","18":"tag-magali-berdah","19":"tag-proces","20":"tag-rap","21":"tag-rappeur","22":"tag-reseaux-sociaux","23":"tag-twitter-x"},"share_on_mastodon":{"url":"https:\/\/pubeurope.com\/@fr\/115654679882786997","error":""},"_links":{"self":[{"href":"https:\/\/www.europesays.com\/fr\/wp-json\/wp\/v2\/posts\/574962","targetHints":{"allow":["GET"]}}],"collection":[{"href":"https:\/\/www.europesays.com\/fr\/wp-json\/wp\/v2\/posts"}],"about":[{"href":"https:\/\/www.europesays.com\/fr\/wp-json\/wp\/v2\/types\/post"}],"author":[{"embeddable":true,"href":"https:\/\/www.europesays.com\/fr\/wp-json\/wp\/v2\/users\/2"}],"replies":[{"embeddable":true,"href":"https:\/\/www.europesays.com\/fr\/wp-json\/wp\/v2\/comments?post=574962"}],"version-history":[{"count":0,"href":"https:\/\/www.europesays.com\/fr\/wp-json\/wp\/v2\/posts\/574962\/revisions"}],"wp:featuredmedia":[{"embeddable":true,"href":"https:\/\/www.europesays.com\/fr\/wp-json\/wp\/v2\/media\/574963"}],"wp:attachment":[{"href":"https:\/\/www.europesays.com\/fr\/wp-json\/wp\/v2\/media?parent=574962"}],"wp:term":[{"taxonomy":"category","embeddable":true,"href":"https:\/\/www.europesays.com\/fr\/wp-json\/wp\/v2\/categories?post=574962"},{"taxonomy":"post_tag","embeddable":true,"href":"https:\/\/www.europesays.com\/fr\/wp-json\/wp\/v2\/tags?post=574962"}],"curies":[{"name":"wp","href":"https:\/\/api.w.org\/{rel}","templated":true}]}}