{"id":574964,"date":"2025-12-03T08:25:14","date_gmt":"2025-12-03T08:25:14","guid":{"rendered":"https:\/\/www.europesays.com\/fr\/574964\/"},"modified":"2025-12-03T08:25:14","modified_gmt":"2025-12-03T08:25:14","slug":"le-13-decembre-ne-ratez-surtout-pas-le-spectacle-celeste-le-plus-fou-de-lannee","status":"publish","type":"post","link":"https:\/\/www.europesays.com\/fr\/574964\/","title":{"rendered":"le 13 d\u00e9cembre, ne ratez surtout pas le spectacle c\u00e9leste le plus fou de l&rsquo;ann\u00e9e\u00a0!"},"content":{"rendered":"<p><strong>Si vous pensiez que l\u2019ann\u00e9e 2025 avait d\u00e9j\u00e0 livr\u00e9 tous ses secrets astronomiques avec ses Super lunes et le passage remarqu\u00e9 d\u2019une com\u00e8te, d\u00e9trompez-vous. Le cosmos a gard\u00e9 le meilleur pour la fin, une v\u00e9ritable apoth\u00e9ose lumineuse qui s\u2019appr\u00eate \u00e0 d\u00e9chirer le voile obscur de nos nuits hivernales. Pr\u00e9parez vos v\u00eatements les plus chauds et vos v\u0153ux les plus chers : une pluie d\u2019\u00e9toiles filantes d\u2019une rare intensit\u00e9 s\u2019appr\u00eate \u00e0 s\u2019abattre sur la vo\u00fbte c\u00e9leste.<\/strong><\/p>\n<p><img fetchpriority=\"high\" decoding=\"async\" width=\"1024\" height=\"538\" src=\"https:\/\/www.europesays.com\/fr\/wp-content\/uploads\/2025\/12\/Normal-2025-12-01T073643.165-1024x538.jpg\" alt=\"\" class=\"wp-image-489659\"  \/>Photo : Shutterstock<\/p>\n<p><strong>Un bouquet final pour clore 2025 en beaut\u00e9<\/strong><\/p>\n<p>Le mois de d\u00e9cembre est souvent synonyme de festivit\u00e9s terrestres, mais cette ann\u00e9e, c\u2019est au-dessus de nos t\u00eates que se jouera la v\u00e9ritable c\u00e9l\u00e9bration. Un nouvel \u00e9v\u00e9nement astronomique majeur vient ponctuer cette fin d\u2019ann\u00e9e 2025, et il ne s\u2019agit pas d\u2019un ph\u00e9nom\u00e8ne mineur r\u00e9serv\u00e9 aux initi\u00e9s \u00e9quip\u00e9s de t\u00e9lescopes sophistiqu\u00e9s. Il s\u2019agit d\u2019un impressionnant spectacle d\u2019\u00e9toiles filantes, accessible \u00e0 tous, qui promet de marquer les esprits par sa brillance et son intensit\u00e9.<\/p>\n<p>Alors que les regards se tournent g\u00e9n\u00e9ralement vers le ciel en ao\u00fbt, c\u2019est bien en ce mois de d\u00e9cembre que le ciel nous offre sa repr\u00e9sentation la plus dramatique. Ce spectacle agit comme le grand final d\u2019une ann\u00e9e astronomique riche, surpassant en cadence et en luminosit\u00e9 les \u00e9v\u00e9nements pr\u00e9c\u00e9dents. C\u2019est une invitation \u00e0 braver le froid pour assister \u00e0 une danse cosmique silencieuse mais \u00e9blouissante.<\/p>\n<p><strong>G\u00e9minides vs Pers\u00e9ides : Le duel des g\u00e9ants<\/strong><\/p>\n<p>Dans l\u2019imaginaire collectif, les \u00e9toiles filantes sont indissociables des douces nuits d\u2019\u00e9t\u00e9. Les Pers\u00e9ides, cet essaim m\u00e9t\u00e9orique c\u00e9l\u00e8bre qui traverse notre atmosph\u00e8re chaque ann\u00e9e au mois d\u2019ao\u00fbt, d\u00e9tiennent le titre de \u00ab stars \u00bb de l\u2019\u00e9t\u00e9. Pourtant, les sp\u00e9cialistes sont formels : l\u2019\u00e9v\u00e9nement de d\u00e9cembre, connu sous le nom de <strong>G\u00e9minides<\/strong>, est le seul \u00e0 pouvoir rivaliser, voire d\u00e9tr\u00f4ner, les c\u00e9l\u00e8bres Pers\u00e9ides.<\/p>\n<p>Pourquoi cet engouement pour les G\u00e9minides ? La r\u00e9ponse tient en un chiffre qui donne le vertige : <strong>120<\/strong>. C\u2019est le taux z\u00e9nithal horaire, c\u2019est-\u00e0-dire le nombre de m\u00e9t\u00e9ores observables par heure, pr\u00e9vu lors du pic d\u2019activit\u00e9.<\/p>\n<p>Imaginez un instant : cela repr\u00e9sente une moyenne de deux \u00e9toiles filantes par minute ! C\u2019est un taux nettement sup\u00e9rieur \u00e0 celui habituellement en vigueur durant la p\u00e9riode hivernale, et qui place cet essaim m\u00e9t\u00e9orique parmi les plus actifs de l\u2019ann\u00e9e. L\u00e0 o\u00f9 les pluies d\u2019\u00e9toiles filantes ordinaires peuvent parfois d\u00e9cevoir par leur parcimonie, les G\u00e9minides promettent une abondance visuelle capable d\u2019\u00e9merveiller m\u00eame les observateurs les plus blas\u00e9s.<\/p>\n<p><strong>\u00c0 vos agendas : La nuit du pic d\u2019activit\u00e9<\/strong><\/p>\n<p>La question cruciale est \u00e9videmment : quand faut-il lever les yeux ? La fen\u00eatre de tir est pr\u00e9cise. Ce ph\u00e9nom\u00e8ne exceptionnel va se produire dans la nuit du <strong>samedi 13 au dimanche 14 d\u00e9cembre 2025<\/strong>. C\u2019est une aubaine pour les travailleurs et les \u00e9coliers, puisque ce pic d\u2019activit\u00e9 co\u00efncide parfaitement avec le week-end, permettant de veiller tard sans la contrainte du r\u00e9veil le lendemain matin.<\/p>\n<p>Si le ph\u00e9nom\u00e8ne sera visible une grande partie de la nuit, il y a un moment strat\u00e9gique \u00e0 privil\u00e9gier pour en prendre plein les yeux. Le spectacle atteindra son paroxysme lorsque le <strong>radiant<\/strong> \u2014 le point dans le ciel d\u2019o\u00f9 semblent provenir les m\u00e9t\u00e9ores \u2014 sera au plus haut dans le ciel. Pour les G\u00e9minides, ce radiant se situe, comme son nom l\u2019indique, au c\u0153ur de la <strong>constellation des G\u00e9meaux<\/strong>.<\/p>\n<p>Cette configuration c\u00e9leste optimale interviendra entre <strong>2 heures et 4 heures du matin<\/strong>. C\u2019est durant ce cr\u00e9neau nocturne que la g\u00e9om\u00e9trie entre la Terre et le flux de poussi\u00e8res cosmiques sera la plus favorable, offrant aux spectateurs courageux la r\u00e9compense ultime de leur veille.<\/p>\n<p>L\u2019un des aspects les plus \u00ab d\u00e9mocratiques \u00bb de cet \u00e9v\u00e9nement est sa simplicit\u00e9 d\u2019acc\u00e8s. Contrairement \u00e0 l\u2019observation de plan\u00e8tes lointaines ou de n\u00e9buleuses diffuses, <strong>aucun instrument n\u2019est n\u00e9cessaire<\/strong> pour apercevoir ces \u00e9toiles filantes. Laissez vos t\u00e9lescopes et vos paires de jumelles au placard ; ils ne feraient que restreindre votre champ de vision alors que le but est d\u2019embrasser la plus large portion de ciel possible. Votre meilleur outil reste l\u2019\u0153il nu.<\/p>\n<p>Cependant, deux facteurs environnementaux seront d\u00e9terminants pour la qualit\u00e9 de votre observation :<\/p>\n<ol>\n<li><strong>La pollution lumineuse :<\/strong> C\u2019est l\u2019ennemi num\u00e9ro un de l\u2019astronome amateur. Pour profiter pleinement du spectacle et discerner les m\u00e9t\u00e9ores les plus faibles, il faudra imp\u00e9rativement fuir les lumi\u00e8res des villes. Il est conseill\u00e9 de se rendre dans une zone d\u00e9pourvue de toute pollution lumineuse artificielle. La campagne, loin des lampadaires et des enseignes n\u00e9on, est le refuge id\u00e9al.<\/li>\n<li><strong>La m\u00e9t\u00e9o :<\/strong> C\u2019est la seule condition n\u00e9cessaire qui ne d\u00e9pend pas de nous. Il faut esp\u00e9rer que le ciel ne soit pas trop couvert en cette soir\u00e9e d\u2019hiver. La n\u00e9bulosit\u00e9 est le facteur impr\u00e9visible, et un ciel d\u00e9gag\u00e9, bien que loin d\u2019\u00eatre garanti \u00e0 cette p\u00e9riode de l\u2019ann\u00e9e, est imp\u00e9ratif.<\/li>\n<\/ol>\n<p>Fait int\u00e9ressant \u00e0 noter : pour cette observation sp\u00e9cifique, <strong>l\u2019altitude importe peu<\/strong>. Bien que l\u2019obscurit\u00e9 soit souvent plus fr\u00e9quente et plus profonde en montagne, il n\u2019est pas n\u00e9cessaire de grimper sur les sommets pour voir les G\u00e9minides, tant que vous \u00eates \u00e9loign\u00e9 des halos urbains.<\/p>\n<p>En r\u00e9sum\u00e9, cette nuit du 13 au 14 d\u00e9cembre 2025 s\u2019annonce comme un rendez-vous immanquable avec l\u2019univers. Il ne vous reste plus qu\u2019\u00e0 croiser les doigts pour que les nuages laissent place aux \u00e9toiles, vous offrant ainsi le plus beau cadeau de fin d\u2019ann\u00e9e que le ciel puisse offrir.<\/p>\n<p>Souhaitez-vous que je vous propose une liste de lieux d\u2019observation r\u00e9put\u00e9s pour leur faible pollution lumineuse en France ?<\/p>\n","protected":false},"excerpt":{"rendered":"Si vous pensiez que l\u2019ann\u00e9e 2025 avait d\u00e9j\u00e0 livr\u00e9 tous ses secrets astronomiques avec ses Super lunes et&hellip;\n","protected":false},"author":2,"featured_media":574965,"comment_status":"","ping_status":"","sticky":false,"template":"","format":"standard","meta":{"footnotes":""},"categories":[7],"tags":[1011,27,43,40,41,39,42,44],"class_list":{"0":"post-574964","1":"post","2":"type-post","3":"status-publish","4":"format-standard","5":"has-post-thumbnail","7":"category-sciences-et-technologies","8":"tag-fr","9":"tag-france","10":"tag-science","11":"tag-science-and-technology","12":"tag-sciences","13":"tag-sciences-et-technologies","14":"tag-technologies","15":"tag-technology"},"share_on_mastodon":{"url":"https:\/\/pubeurope.com\/@fr\/115654684520791813","error":""},"_links":{"self":[{"href":"https:\/\/www.europesays.com\/fr\/wp-json\/wp\/v2\/posts\/574964","targetHints":{"allow":["GET"]}}],"collection":[{"href":"https:\/\/www.europesays.com\/fr\/wp-json\/wp\/v2\/posts"}],"about":[{"href":"https:\/\/www.europesays.com\/fr\/wp-json\/wp\/v2\/types\/post"}],"author":[{"embeddable":true,"href":"https:\/\/www.europesays.com\/fr\/wp-json\/wp\/v2\/users\/2"}],"replies":[{"embeddable":true,"href":"https:\/\/www.europesays.com\/fr\/wp-json\/wp\/v2\/comments?post=574964"}],"version-history":[{"count":0,"href":"https:\/\/www.europesays.com\/fr\/wp-json\/wp\/v2\/posts\/574964\/revisions"}],"wp:featuredmedia":[{"embeddable":true,"href":"https:\/\/www.europesays.com\/fr\/wp-json\/wp\/v2\/media\/574965"}],"wp:attachment":[{"href":"https:\/\/www.europesays.com\/fr\/wp-json\/wp\/v2\/media?parent=574964"}],"wp:term":[{"taxonomy":"category","embeddable":true,"href":"https:\/\/www.europesays.com\/fr\/wp-json\/wp\/v2\/categories?post=574964"},{"taxonomy":"post_tag","embeddable":true,"href":"https:\/\/www.europesays.com\/fr\/wp-json\/wp\/v2\/tags?post=574964"}],"curies":[{"name":"wp","href":"https:\/\/api.w.org\/{rel}","templated":true}]}}