{"id":574966,"date":"2025-12-03T08:26:08","date_gmt":"2025-12-03T08:26:08","guid":{"rendered":"https:\/\/www.europesays.com\/fr\/574966\/"},"modified":"2025-12-03T08:26:08","modified_gmt":"2025-12-03T08:26:08","slug":"jusqua-628-avions-a320-concernes-par-les-problemes-de-qualite-sur-des-panneaux-metalliques-annonce-airbus-franceinfo","status":"publish","type":"post","link":"https:\/\/www.europesays.com\/fr\/574966\/","title":{"rendered":"Jusqu&#039;\u00e0 628 avions A320 concern\u00e9s par les &quot;probl\u00e8mes de qualit\u00e9&quot; sur des panneaux m\u00e9talliques, annonce Airbus &#8211; Franceinfo"},"content":{"rendered":"<ol>\n<li><a href=\"https:\/\/news.google.com\/rss\/articles\/CBMi-wFBVV95cUxNMXFSVVVtTTZQZW9iclpmelI4eExfc25VU1ZqRGlXSmdRdzY5UmxVY19zVC0yTkFuUktzcjNLMzA4ZDlPR2lxaGo0cS11LVlMZUtyZE5fbWlZRDV1bFFjRDREcElzdDctNUN1ci1HaGxRRk04YWcxbE4wMllURElpN05IZ2l5bVpaaE5fcV95eFlZcFdhZVdCb0J4eW1YWVJsUDBlVmZUSXVnNEdPUjdYNV9kSVEtUXRmd0Q5STRZSlAtMVBPYUtJWU1EMnB4NEx4QUhmUmRoT05MOHVxZzM1cEVsY25uV1BGU3hwSTc4bzZrQkdKelBEd2xjZw?oc=5\" target=\"_blank\" rel=\"noopener\">Jusqu&rsquo;\u00e0 628 avions A320 concern\u00e9s par les \u00ab\u00a0probl\u00e8mes de qualit\u00e9\u00a0\u00bb sur des panneaux m\u00e9talliques, annonce Airbus<\/a>&nbsp;&nbsp;Franceinfo<\/li>\n<li><a href=\"https:\/\/news.google.com\/rss\/articles\/CBMiigJBVV95cUxOdEZKajZxWlMwUFJxbllEQS1pSW1GUmlxNnNmUlYyWkg4TnFMUVo2MElKSnNZR01TRU85dS1ONS1xaEtWWV96eVhzOWFNS1JLakNXU2dOVlRmb0w5Y3RwdUpYYnVvQWsyWjd4b0tNTFRtY0dpbjVTVjJHRmU1c2FTQVp0bG9pWjBDWUQxR0x4YzV4UnJGc21Td0FCQUlJT0o4a2ZxeWhSVjdFYTlaNEJscWdselhzMjdLVHprbVNqYkg3YjZnLTZkZjY3MlhwdjF5RHFRa3U5OEFhNTJQMDJPNUlONGpJYkg0RDdFUlRuUWZ0UGJYUkVabFlzRHFoUHBEMzZDTWpleWM2UQ?oc=5\" target=\"_blank\" rel=\"noopener\">Airbus va inspecter plus de 600 A320 apr\u00e8s la d\u00e9couverte de \u00ab probl\u00e8mes de qualit\u00e9 \u00bb sur des panneaux m\u00e9talliques<\/a>&nbsp;&nbsp;Le Monde.fr<\/li>\n<li><a href=\"https:\/\/news.google.com\/rss\/articles\/CBMiigJBVV95cUxNQmhwajIycVJFdS1oeUpETmN5ZVo2TWtsQ0FGUGJJaF9JcDRUSTE5WnZaN3VMZzR3V1E4LXo4TjRkRFlvRnJKajZEc0dzWTJla3hHYUNPc0lvSTNZR2JNbFI5RTBUQlN4ZUtEcTBuWnBYbGtlak5RQm9JWm5vNDl3Y0E2UE9EOXB2NjUyQ2NubTVpTGpiaUZaaGd6WHprVXpqM2t0cG1fN244bkp6SFlhR3BIWkdGVVFaMzEydlNUSW44MnVmeFpZZ25jNVR3RHY2SWN2RGd4d2VqNWw2LTFYMGVGRmFtLVZGaTF1UDVMdXlfV3hCcVp1ZTBsUVdCanJ4RTFYUmtkVW1Vdw?oc=5\" target=\"_blank\" rel=\"noopener\">Probl\u00e8mes de qualit\u00e9, d\u00e9faut logiciel\u2026 Airbus veut-il aller trop vite pour livrer ses avions ?<\/a>&nbsp;&nbsp;L&rsquo;Usine Nouvelle<\/li>\n<li><a href=\"https:\/\/news.google.com\/rss\/articles\/CBMiwwFBVV95cUxNdnk1WGdUSlk4WmUyenozbmRjaEhXVElQMHRQdmhFbF9oMUdsMy1fQnMxV2x4UlQ1SmlfaU1IRy1mTXBOYU9ab2tzN1NXeFZSQkFqUElONzBxT3JQX1RNQjJvWkZWV2FLalVVWml6MjlMV1pDUWxWd1hXdjhiZ2hCT3lRRmdCTHpURDVDMW5xZGEwWi1DbVRuTmRtYkg1MEQtVVpkOEJ2eXIxY0haUDBwMlYzdUxTRmpMWXJVcHJaZWtlRTQ?oc=5\" target=\"_blank\" rel=\"noopener\">Airbus rappelle 628 avions pour les inspecter apr\u00e8s la d\u00e9couverte d\u2019un d\u00e9faut de panneaux m\u00e9talliques<\/a>&nbsp;&nbsp;20 Minutes<\/li>\n<li><a href=\"https:\/\/news.google.com\/rss\/articles\/CBMizgJBVV95cUxPWlZZWVhSVjk2Q01aVUxoVy0zTEVJLUFrVzYwX2RxMlhDZkt0aUZSd01VVWZ4VmZZal9Dc3ExU0VqaGVWQ3Yxdk1ia25rYWgtUGtVN1hYVHhFT2tUMEY5czF4aTIxMjlsaXZSN1FEYkRYS1NtNnk2dFA2UzFPWktUdzhWRTNBOUlGZFg4VTlYSkFGSUhtOW9ydlRBa1NORVAzVHd4bUZEMWVRbW9neHhyc1JfZmFIb3loNlNqOXZBeXFHNnFhWlh0RFZqakVfUVo3WHpsOExMVEptODYzVGFvY1d1TVdNNllGN2N5MlpIc1ljWjZFVjRtdlB0R0g3VWppbURwZy15NUZhTEkySk4zSUJRWnBJNDRKS3Q1UDRjNmZpM1JkVVkzczl6Z3lBczZIclpLRFFwTnJpcmJFeTA5UDRpMU1WenlOSXB0RHB3?oc=5\" target=\"_blank\" rel=\"noopener\">Airbus group : L&rsquo;action Airbus plonge de 10% lundi, quel impact financier peut avoir sur l&rsquo;avionneur la faille logicielle qui a affect\u00e9 pr\u00e8s de 6.000 avions A320?<\/a>&nbsp;&nbsp;BFM Bourse<\/li>\n<\/ol>\n","protected":false},"excerpt":{"rendered":"Jusqu&rsquo;\u00e0 628 avions A320 concern\u00e9s par les \u00ab\u00a0probl\u00e8mes de qualit\u00e9\u00a0\u00bb sur des panneaux m\u00e9talliques, annonce Airbus&nbsp;&nbsp;Franceinfo Airbus va&hellip;\n","protected":false},"author":2,"featured_media":395849,"comment_status":"","ping_status":"","sticky":false,"template":"","format":"standard","meta":{"footnotes":""},"categories":[6],"tags":[35,33,34,1011,27],"class_list":{"0":"post-574966","1":"post","2":"type-post","3":"status-publish","4":"format-standard","5":"has-post-thumbnail","7":"category-economie","8":"tag-business","9":"tag-economie","10":"tag-economy","11":"tag-fr","12":"tag-france"},"share_on_mastodon":{"url":"https:\/\/pubeurope.com\/@fr\/115654687753332138","error":""},"_links":{"self":[{"href":"https:\/\/www.europesays.com\/fr\/wp-json\/wp\/v2\/posts\/574966","targetHints":{"allow":["GET"]}}],"collection":[{"href":"https:\/\/www.europesays.com\/fr\/wp-json\/wp\/v2\/posts"}],"about":[{"href":"https:\/\/www.europesays.com\/fr\/wp-json\/wp\/v2\/types\/post"}],"author":[{"embeddable":true,"href":"https:\/\/www.europesays.com\/fr\/wp-json\/wp\/v2\/users\/2"}],"replies":[{"embeddable":true,"href":"https:\/\/www.europesays.com\/fr\/wp-json\/wp\/v2\/comments?post=574966"}],"version-history":[{"count":0,"href":"https:\/\/www.europesays.com\/fr\/wp-json\/wp\/v2\/posts\/574966\/revisions"}],"wp:featuredmedia":[{"embeddable":true,"href":"https:\/\/www.europesays.com\/fr\/wp-json\/wp\/v2\/media\/395849"}],"wp:attachment":[{"href":"https:\/\/www.europesays.com\/fr\/wp-json\/wp\/v2\/media?parent=574966"}],"wp:term":[{"taxonomy":"category","embeddable":true,"href":"https:\/\/www.europesays.com\/fr\/wp-json\/wp\/v2\/categories?post=574966"},{"taxonomy":"post_tag","embeddable":true,"href":"https:\/\/www.europesays.com\/fr\/wp-json\/wp\/v2\/tags?post=574966"}],"curies":[{"name":"wp","href":"https:\/\/api.w.org\/{rel}","templated":true}]}}