{"id":574967,"date":"2025-12-03T08:27:12","date_gmt":"2025-12-03T08:27:12","guid":{"rendered":"https:\/\/www.europesays.com\/fr\/574967\/"},"modified":"2025-12-03T08:27:12","modified_gmt":"2025-12-03T08:27:12","slug":"nous-continuons-a-accueillir-des-dechets-dans-notre-pays-donald-trump-attaque-violemment-cette-nation-quil-qualifie-de-pourrie","status":"publish","type":"post","link":"https:\/\/www.europesays.com\/fr\/574967\/","title":{"rendered":"Nous continuons \u00e0 accueillir des d\u00e9chets dans notre pays\u00a0\u00bb\u00a0: Donald Trump attaque violemment cette nation qu\u2019il qualifie de \u00ab\u00a0pourrie"},"content":{"rendered":"<p>Lors d\u2019une r\u00e9union, Donald Trump a violemment attaqu\u00e9 ce mardi 2\u00a0d\u00e9cembre\u00a0la Somalie et ses ressortissants, accusant les migrants somaliens de nuire aux \u00c9tats-Unis apr\u00e8s un scandale de fraude dans le Minnesota. Il a affirm\u00e9 ne pas vouloir \u00ab\u00a0d\u2019eux dans notre pays\u00a0\u00bb, et r\u00e9it\u00e9r\u00e9 sa volont\u00e9 de suspendre l\u2019immigration.<\/p>\n<p>\u00ab\u00a0Je n\u2019en veux pas dans notre pays\u00a0\u00bb\u00a0: <a href=\"https:\/\/www.midilibre.fr\/2025\/11\/28\/suspendre-definitivement-limmigration-en-provenance-de-tous-les-pays-du-tiers-monde-la-promesse-de-donald-trump-apres-la-fusillade-a-washington-13079033.php\" target=\"_blank\" rel=\"noopener\">le pr\u00e9sident am\u00e9ricain Donald Trump s\u2019est lanc\u00e9 mardi dans une violente diatribe<\/a> contre la Somalie, affirmant que les migrants de ce pays d\u2019Afrique ne devraient pas \u00eatre les bienvenus aux \u00c9tats-Unis.<\/p>\n<p>Il s\u2019exprimait au sujet d\u2019un scandale dans l\u2019\u00c9tat du Minnesota (nord), o\u00f9, selon la justice locale, plus d\u2019un milliard de dollars ont \u00e9t\u00e9 vers\u00e9s \u00e0 des services sociaux inexistants, principalement par le biais de fausses factures \u00e9mises par des Am\u00e9ricains d\u2019origine somalienne. En Somalie, \u00ab\u00a0ils n\u2019ont rien, ils ne font que s\u2019entre-tuer\u00a0\u00bb, a d\u00e9clar\u00e9 M. Trump lors d\u2019une r\u00e9union de son gouvernement.<\/p>\n<p>\u00ab\u00a0Leur pays ne vaut rien pour une raison ou une autre. Leur pays est pourri, et nous ne voulons pas d\u2019eux chez nous\u00a0\u00bb, a-t-il ajout\u00e9. Le pr\u00e9sident am\u00e9ricain d\u00e9nigre r\u00e9guli\u00e8rement les minorit\u00e9s et a fait de la lutte contre l\u2019immigration ill\u00e9gale son cheval de bataille, jouant sur les craintes de la majorit\u00e9 blanche de perdre son pouvoir politique et culturel.<\/p>\n<p>\u00ab\u00a0Ses amis sont des ordures\u00a0\u00bb<\/p>\n<p>\u00ab\u00a0Nous sommes \u00e0 un point de bascule\u00a0\u00bb, a-t-il encore dit en relevant que les \u00c9tats-Unis feraient \u00ab\u00a0le mauvais choix si nous continuons \u00e0 accueillir des d\u00e9chets dans notre pays\u00a0\u00bb. Soulignant que les Am\u00e9ricains d\u2019origine somalienne \u00ab\u00a0ne contribuent en rien\u00a0\u00bb, il s\u2019en est notamment pris \u00e0 une \u00e9lue d\u00e9mocrate du Minnesota, Ilhan Omar, originaire de Somalie et tr\u00e8s critique du gouvernement am\u00e9ricain.<\/p>\n<p>\u00ab\u00a0Ilhan Omar est une ordure. Ses amis sont des ordures\u00a0\u00bb, a dit M. Trump. \u00ab\u00a0Qu\u2019ils retournent d\u2019o\u00f9 ils viennent et qu\u2019ils r\u00e8glent leurs probl\u00e8mes\u00a0\u00bb. La d\u00e9mocrate, r\u00e9guli\u00e8rement vis\u00e9e par le pr\u00e9sident am\u00e9ricain, a ensuite r\u00e9pliqu\u00e9 sur X\u00a0: \u00ab\u00a0Son obsession pour moi est effrayante. J\u2019esp\u00e8re qu\u2019il va pouvoir recevoir l\u2019aide (psychologique) dont il a d\u00e9sesp\u00e9r\u00e9ment besoin.\u00a0\u00bb<\/p>\n<p><a href=\"https:\/\/www.midilibre.fr\/2025\/11\/11\/et-vous-pensez-que-les-francais-valent-mieux-donald-trump-dezingue-la-france-en-pleine-interview-13045406.php\" target=\"_blank\" rel=\"noopener\">Donald Trump a annonc\u00e9 la semaine derni\u00e8re son intention de <\/a><a href=\"https:\/\/www.midilibre.fr\/2025\/11\/11\/et-vous-pensez-que-les-francais-valent-mieux-donald-trump-dezingue-la-france-en-pleine-interview-13045406.php\" target=\"_blank\" rel=\"noopener\">\u00ab\u00a0suspendre d\u00e9finitivement l\u2019immigration<\/a> en provenance de tous les pays du tiers-monde\u00a0\u00bb, apr\u00e8s l\u2019attaque par un suspect afghan de deux membres de la Garde nationale \u00e0 Washington.<\/p>\n<p>Des interdictions d\u2019entr\u00e9e<\/p>\n<p>Le gouvernement am\u00e9ricain a d\u00e9j\u00e0 impos\u00e9 en juin dernier des interdictions d\u2019entr\u00e9e aux \u00c9tats-Unis ou des restrictions de visas aux ressortissants de 19 pays dont la Somalie.<\/p>\n<p>Pays de la Corne de l\u2019Afrique, dont 70\u00a0% de la population vit selon l\u2019ONU dans une \u00ab\u00a0pauvret\u00e9 multidimensionnelle\u00a0\u00bb, la Somalie a sombr\u00e9 dans les ann\u00e9es 1990 dans une guerre civile qui a conduit \u00e0 l\u2019effondrement de l\u2019\u00c9tat.<\/p>\n","protected":false},"excerpt":{"rendered":"Lors d\u2019une r\u00e9union, Donald Trump a violemment attaqu\u00e9 ce mardi 2\u00a0d\u00e9cembre\u00a0la Somalie et ses ressortissants, accusant les migrants&hellip;\n","protected":false},"author":2,"featured_media":574968,"comment_status":"","ping_status":"","sticky":false,"template":"","format":"standard","meta":{"footnotes":""},"categories":[5],"tags":[11,75,1011,27,14,12,68927,28],"class_list":{"0":"post-574967","1":"post","2":"type-post","3":"status-publish","4":"format-standard","5":"has-post-thumbnail","7":"category-international","8":"tag-actualites","9":"tag-donald-trump","10":"tag-fr","11":"tag-france","12":"tag-international","13":"tag-news","14":"tag-personnalitu00e9s","15":"tag-world"},"share_on_mastodon":{"url":"https:\/\/pubeurope.com\/@fr\/115654691714083151","error":""},"_links":{"self":[{"href":"https:\/\/www.europesays.com\/fr\/wp-json\/wp\/v2\/posts\/574967","targetHints":{"allow":["GET"]}}],"collection":[{"href":"https:\/\/www.europesays.com\/fr\/wp-json\/wp\/v2\/posts"}],"about":[{"href":"https:\/\/www.europesays.com\/fr\/wp-json\/wp\/v2\/types\/post"}],"author":[{"embeddable":true,"href":"https:\/\/www.europesays.com\/fr\/wp-json\/wp\/v2\/users\/2"}],"replies":[{"embeddable":true,"href":"https:\/\/www.europesays.com\/fr\/wp-json\/wp\/v2\/comments?post=574967"}],"version-history":[{"count":0,"href":"https:\/\/www.europesays.com\/fr\/wp-json\/wp\/v2\/posts\/574967\/revisions"}],"wp:featuredmedia":[{"embeddable":true,"href":"https:\/\/www.europesays.com\/fr\/wp-json\/wp\/v2\/media\/574968"}],"wp:attachment":[{"href":"https:\/\/www.europesays.com\/fr\/wp-json\/wp\/v2\/media?parent=574967"}],"wp:term":[{"taxonomy":"category","embeddable":true,"href":"https:\/\/www.europesays.com\/fr\/wp-json\/wp\/v2\/categories?post=574967"},{"taxonomy":"post_tag","embeddable":true,"href":"https:\/\/www.europesays.com\/fr\/wp-json\/wp\/v2\/tags?post=574967"}],"curies":[{"name":"wp","href":"https:\/\/api.w.org\/{rel}","templated":true}]}}