{"id":574969,"date":"2025-12-03T08:28:13","date_gmt":"2025-12-03T08:28:13","guid":{"rendered":"https:\/\/www.europesays.com\/fr\/574969\/"},"modified":"2025-12-03T08:28:13","modified_gmt":"2025-12-03T08:28:13","slug":"letat-appelle-les-jeunes-a-faire-des-enfants-pour-sauver-les-pensions-on-nest-pas-les-meres-porteuses-de-la-france","status":"publish","type":"post","link":"https:\/\/www.europesays.com\/fr\/574969\/","title":{"rendered":"l\u2019\u00c9tat appelle les jeunes \u00e0 faire des enfants pour \u00ab\u00a0sauver\u00a0\u00bb les pensions, \u00ab\u00a0on n&rsquo;est pas les m\u00e8res porteuses de la France\u00a0\u00bb"},"content":{"rendered":"<p>La France rejoint progressivement d\u2019autres <strong>pays<br \/>\nd\u00e9velopp\u00e9s confront\u00e9s \u00e0 une baisse pr\u00e9occupante des<br \/>\nnaissances<\/strong>. Avec seulement 663 000 b\u00e9b\u00e9s n\u00e9s l\u2019an dernier,<br \/>\nle nombre de naissances a diminu\u00e9 de plus de 20 % en 15 ans, et<br \/>\nl\u2019indice conjoncturel de f\u00e9condit\u00e9 s\u2019\u00e9tablit \u00e0 1,62 enfant par<br \/>\nfemme, un niveau in\u00e9dit depuis la fin de la Premi\u00e8re Guerre<br \/>\nmondiale. Cette tendance marque la fin de ce que certains<br \/>\nconsid\u00e9raient comme \u00ab\u00a0l\u2019exception d\u00e9mographique fran\u00e7aise\u00a0\u00bb<br \/>\net suscite de vives interrogations sur l\u2019avenir d\u00e9mographique du<br \/>\npays.<\/p>\n<p>Face \u00e0 cette situation, l\u2019Assembl\u00e9e nationale a lanc\u00e9 une<br \/>\nmission d\u2019information pour analyser les causes et <strong>anticiper<br \/>\nles cons\u00e9quences<\/strong>. Parmi les enjeux majeurs figure<br \/>\n<strong>l\u2019impact sur le syst\u00e8me de retraites<\/strong> par<br \/>\nr\u00e9partition, d\u00e9j\u00e0 fragilis\u00e9, qui pourrait voir ses difficult\u00e9s<br \/>\nfinanci\u00e8res s\u2019accentuer. Les autorit\u00e9s et les experts cherchent<br \/>\nainsi \u00e0 comprendre comment inverser cette tendance ou au moins en<br \/>\nlimiter les effets sur la soci\u00e9t\u00e9.<\/p>\n<p>Retraites et natalit\u00e9 : un lien toujours plus fragile<\/p>\n<p>D\u00a0\u00bbapr\u00e8s les informations de BFM TV, <strong>Renaud<br \/>\nVillard<\/strong>, directeur g\u00e9n\u00e9ral de la CNAV, a rappel\u00e9 devant<br \/>\nles d\u00e9put\u00e9s que \u00ab\u00a0le syst\u00e8me de retraites a une sensibilit\u00e9<br \/>\ninou\u00efe \u00e0 la d\u00e9mographie\u00a0\u00bb et que, jusqu\u2019\u00e0 il y a dix ans,<br \/>\n\u00ab\u00a0on n&rsquo;anticipait pas cette baisse de la natalit\u00e9\u00a0\u00bb. Avec<br \/>\nmoins de naissances, le nombre de cotisants par rapport aux<br \/>\nretrait\u00e9s va continuer de diminuer. Aujourd\u2019hui, <strong>le ratio<br \/>\nest de 1,5 cotisant pour un retrait\u00e9 dans le r\u00e9gime<br \/>\ng\u00e9n\u00e9ral<\/strong> et \u00ab\u00a0\u00e0 horizon 1970, le ratio va doucement<br \/>\ntendre vers 1. \u00c0 1, la question de la soutenabilit\u00e9 (du syst\u00e8me) se<br \/>\npose tr\u00e8s directement\u00a0\u00bb, souligne Renaud Villard.<\/p>\n<p>Le Conseil d\u2019orientation des retraites avait pourtant bas\u00e9 ses<br \/>\npr\u00e9visions sur des hypoth\u00e8ses optimistes, avec un sc\u00e9nario de<br \/>\nr\u00e9f\u00e9rence de 1,8 enfant par femme et un sc\u00e9nario bas de 1,6, proche<br \/>\ndu niveau actuel. <strong>Gilbert Cette<\/strong>, pr\u00e9sident du COR,<br \/>\nrappelle toutefois que \u00ab\u00a0Avec 1,6, on reste les champions de<br \/>\nl&rsquo;Union europ\u00e9enne. Mais personne ne sait si 1,6 est un plateau sur<br \/>\nlequel on va rester ou si nous allons rejoindre d&rsquo;autres pays:<br \/>\nl&rsquo;Italie c&rsquo;est 1,2, l&rsquo;Espagne c&rsquo;est 1,2 (&#8230;). La moyenne de l&rsquo;UE<br \/>\nest de 1,45&#8230;\u00a0\u00bb. Il pr\u00e9cise aussi que ces projections<br \/>\ns\u2019appuient sur les donn\u00e9es de l\u2019Insee de 2021 et que \u00ab\u00a0on va<br \/>\nsans doute revenir sur ces hypoth\u00e8ses dans notre prochain rapport,<br \/>\nen tout cas on en discutera\u00a0\u00bb afin de tenir compte des<br \/>\n<strong>\u00e9volutions r\u00e9centes<\/strong>.<\/p>\n<p>Un\u00a0d\u00e9ficit aggrav\u00e9<\/p>\n<p>M\u00eame si l\u2019indice de f\u00e9condit\u00e9 se stabilisait \u00e0 1,6 enfant par<br \/>\nfemme, les cons\u00e9quences sur <a href=\"https:\/\/www.melty.fr\/societe\/reforme-des-retraites-suspendue-vous-etes-des-guignols-un-futur-retraite-sindigne-face-a-letat-2275216.html\" target=\"_blank\" rel=\"noopener\"><br \/>\nle syst\u00e8me de retraites<\/a> resteraient s\u00e9v\u00e8res. Selon le COR, les<br \/>\nd\u00e9penses continueraient de cro\u00eetre avec le vieillissement de la<br \/>\npopulation tandis que le PIB progresserait moins vite \u00ab\u00a0en<br \/>\nraison d\u2019une population active moins dynamique associ\u00e9e aux<br \/>\nmoindres naissances\u00a0\u00bb. Cela ferait peser un poids croissant des<br \/>\nretraites sur la richesse nationale d\u00e8s 2040, qui serait sup\u00e9rieur<br \/>\nde <strong>0,6 point de PIB en 2070<\/strong> par rapport \u00e0 un<br \/>\nsc\u00e9nario \u00e0 1,8 enfant par femme.<\/p>\n<p><strong>Nathana\u00ebl Grave<\/strong>, sous-directeur charg\u00e9 de la<br \/>\nprospective \u00e0 la CNAV, pr\u00e9vient qu\u2019une telle \u00e9volution pourrait<br \/>\n\u00ab\u00a0d\u00e9grader le d\u00e9ficit du syst\u00e8me de 60% \u00e0 horizon 2070\u00a0\u00bb,<br \/>\nsoit pr\u00e8s de 30 milliards d\u2019euros suppl\u00e9mentaires. La diff\u00e9rence de<br \/>\nseulement 0,2 enfant par femme a donc un impact consid\u00e9rable sur la<br \/>\nsoutenabilit\u00e9 du syst\u00e8me, soulignant \u00e0 quel point la d\u00e9mographie<br \/>\nreste un facteur cl\u00e9 pour l\u2019avenir des retraites.<\/p>\n<p>Faire des enfants pour sauver le pays ?<br \/>\nYa\u00ebl Mellul s&rsquo;insurge<\/p>\n<p>L\u2019\u00c9tat incite les jeunes \u00e0 avoir des enfants pour assurer<br \/>\n<a href=\"https:\/\/www.melty.fr\/divers\/pensions-de-retraite-et-salaires-un-changement-a-venir-des-septembre-un-nouveau-prelevement-mis-en-place-2258764.html\" target=\"_blank\" rel=\"noopener\"><br \/>\nl\u2019avenir des pensions<\/a>, un message qui suscite la col\u00e8re de<br \/>\n<strong>Ya\u00ebl Mellul<\/strong>, militante fran\u00e7aise pour le droit des<br \/>\nfemmes. Au micro d\u2019Estelle Midi, l\u2019ancienne avocate<br \/>\nd\u00e9nonce la logique \u00e9conomique derri\u00e8re cet appel : \u00ab\u00a0Si on ne<br \/>\nfait pas d&rsquo;enfants aujourd&rsquo;hui, c&rsquo;est parce que les m\u00e9nages ne font<br \/>\npas d&rsquo;argent ! Quand ils ont un enfant, il ne peuvent pas en fait<br \/>\nun deuxi\u00e8me, parce que \u00e7a co\u00fbte cher !\u00a0\u00bb<\/p>\n<p>Pour elle, <strong>r\u00e9duire la natalit\u00e9 \u00e0 un enjeu financier est<br \/>\ninacceptable<\/strong>. Elle ajoute : \u00ab\u00a0Ce qui me r\u00e9volte le<br \/>\nplus, c&rsquo;est d&rsquo;appr\u00e9hender la natalit\u00e9 sous un prisme<br \/>\n\u00e9conomique.\u00a0\u00bb Elle conclut en rappelant l\u2019importance de la<br \/>\nlibert\u00e9 individuelle : \u00ab\u00a0Faire un enfant, ce n&rsquo;est pas pour la<br \/>\npatrie ! On parle de faire un enfant pour sauver les retraites&#8230;<br \/>\n\u00c7a me g\u00eane ! On n&rsquo;est pas des m\u00e8res porteuses pour le bien de<br \/>\nl&rsquo;\u00c9tat !\u00a0\u00bb<\/p>\n","protected":false},"excerpt":{"rendered":"La France rejoint progressivement d\u2019autres pays d\u00e9velopp\u00e9s confront\u00e9s \u00e0 une baisse pr\u00e9occupante des naissances. Avec seulement 663 000&hellip;\n","protected":false},"author":2,"featured_media":574970,"comment_status":"","ping_status":"","sticky":false,"template":"","format":"standard","meta":{"footnotes":""},"categories":[4],"tags":[11,1011,27,12,25,65861],"class_list":{"0":"post-574969","1":"post","2":"type-post","3":"status-publish","4":"format-standard","5":"has-post-thumbnail","7":"category-france","8":"tag-actualites","9":"tag-fr","10":"tag-france","11":"tag-news","12":"tag-republique-francaise","13":"tag-trend"},"share_on_mastodon":{"url":"https:\/\/pubeurope.com\/@fr\/115654695617659969","error":""},"_links":{"self":[{"href":"https:\/\/www.europesays.com\/fr\/wp-json\/wp\/v2\/posts\/574969","targetHints":{"allow":["GET"]}}],"collection":[{"href":"https:\/\/www.europesays.com\/fr\/wp-json\/wp\/v2\/posts"}],"about":[{"href":"https:\/\/www.europesays.com\/fr\/wp-json\/wp\/v2\/types\/post"}],"author":[{"embeddable":true,"href":"https:\/\/www.europesays.com\/fr\/wp-json\/wp\/v2\/users\/2"}],"replies":[{"embeddable":true,"href":"https:\/\/www.europesays.com\/fr\/wp-json\/wp\/v2\/comments?post=574969"}],"version-history":[{"count":0,"href":"https:\/\/www.europesays.com\/fr\/wp-json\/wp\/v2\/posts\/574969\/revisions"}],"wp:featuredmedia":[{"embeddable":true,"href":"https:\/\/www.europesays.com\/fr\/wp-json\/wp\/v2\/media\/574970"}],"wp:attachment":[{"href":"https:\/\/www.europesays.com\/fr\/wp-json\/wp\/v2\/media?parent=574969"}],"wp:term":[{"taxonomy":"category","embeddable":true,"href":"https:\/\/www.europesays.com\/fr\/wp-json\/wp\/v2\/categories?post=574969"},{"taxonomy":"post_tag","embeddable":true,"href":"https:\/\/www.europesays.com\/fr\/wp-json\/wp\/v2\/tags?post=574969"}],"curies":[{"name":"wp","href":"https:\/\/api.w.org\/{rel}","templated":true}]}}