{"id":574971,"date":"2025-12-03T08:29:12","date_gmt":"2025-12-03T08:29:12","guid":{"rendered":"https:\/\/www.europesays.com\/fr\/574971\/"},"modified":"2025-12-03T08:29:12","modified_gmt":"2025-12-03T08:29:12","slug":"en-direct-budget-2026-retailleau-appelle-lecornu-a-assumer-le-49-3-la-porte-parole-du-gouvernement-maud-bregeon-sy-oppose","status":"publish","type":"post","link":"https:\/\/www.europesays.com\/fr\/574971\/","title":{"rendered":"EN DIRECT &#8211; Budget 2026 : Retailleau appelle Lecornu \u00e0 \u00abassumer\u00bb le 49.3, la porte-parole du gouvernement Maud Bregeon s\u2019y oppose"},"content":{"rendered":"<p role=\"heading\" aria-level=\"3\">Retraites, d\u00e9ficit&#8230; Les points chauds du budget de la S\u00e9cu, de retour \u00e0 l\u2019Assembl\u00e9e<\/p>\n<p class=\"fig-paragraph\">Voici les points chauds du budget de la S\u00e9curit\u00e9 sociale pour 2026, discut\u00e9 en nouvelle lecture dans l\u2019h\u00e9micycle \u00e0 partir de mardi. L\u2019Assembl\u00e9e nationale repart du texte adopt\u00e9 au S\u00e9nat, largement remani\u00e9 par rapport \u00e0 la copie initiale du gouvernement et aux votes des d\u00e9put\u00e9s en premi\u00e8re lecture.<\/p>\n<p class=\"fig-paragraph\"><strong>D\u00e9ficit\u00a0<\/strong>: le projet de loi de financement de la\u00a0<a href=\"http:\/\/www.lefigaro.fr\/conjoncture\/budget-le-tabou-du-retour-a-l-equilibre-des-comptes-de-la-securite-sociale-20251126\" target=\"_blank\" data-fig-type=\"Article\" rel=\"noopener\" data-gtm-custom-categorie=\"navigation\" data-gtm-custom-action=\"crossclick\" data-gtm-custom-label=\"Contextuel\" data-gtm-event=\"customEventSPE\" data-fig-domain=\"LEFIGARO\">S\u00e9curit\u00e9 sociale<\/a>\u00a0(PLFSS), tel qu\u2019il sort de la chambre haute, ram\u00e8ne le d\u00e9ficit pr\u00e9visionnel de la S\u00e9cu \u00e0 17,6 milliards d\u2019euros en 2026, contre 23 milliards en 2025. Un solde tr\u00e8s proche de l\u2019objectif initial du gouvernement, fix\u00e9 \u00e0 17,5 milliards. La copie issue des travaux de l\u2019Assembl\u00e9e nationale en premi\u00e8re lecture d\u00e9gradait nettement le d\u00e9ficit, \u00e0 plus de 24 milliards d\u2019euros. Inacceptable pour le gouvernement, qui a fix\u00e9 comme ligne rouge un d\u00e9ficit sous les 20 milliards l\u2019ann\u00e9e prochaine.<\/p>\n<p class=\"fig-paragraph\"><strong>R\u00e9forme des retraites\u00a0<\/strong>: concession majeure du Premier ministre S\u00e9bastien Lecornu aux socialistes pour \u00e9viter une censure imm\u00e9diate, la suspension de la\u00a0<a href=\"http:\/\/leparticulier.lefigaro.fr\/jcms\/c_120972\/retraite\/suspension-de-la-reforme-des-retraites-plus-de-questions-que-de-certitudes-au-stade-actuel-des-discussions-parlementaires-20251129\" target=\"_blank\" data-fig-type=\"Article\" rel=\"noopener\" data-gtm-custom-categorie=\"navigation\" data-gtm-custom-action=\"crossclick\" data-gtm-custom-label=\"Contextuel\" data-gtm-event=\"customEventSPE\" data-fig-domain=\"LEPARTICULIER\">r\u00e9forme des retraites<\/a>\u00a0jusqu\u2019en 2028 a \u00e9t\u00e9 supprim\u00e9e au S\u00e9nat. Mais nul doute que l\u2019Assembl\u00e9e la r\u00e9tablira.<\/p>\n<p class=\"fig-paragraph\"><strong>\u00c0 lire aussi<\/strong>\u00a0<a href=\"http:\/\/www.lefigaro.fr\/conjoncture\/budget-2026-les-senateurs-socialistes-veulent-forcer-les-riches-a-preter-sans-interet-a-l-etat-20251126\" target=\"_blank\" data-fig-type=\"NewsFlash\" rel=\"noopener\" data-gtm-custom-categorie=\"navigation\" data-gtm-custom-action=\"crossclick\" data-gtm-custom-label=\"Contextuel\" data-gtm-event=\"customEventSPE\" data-fig-domain=\"LEFIGARO\">Budget 2026\u00a0: comment les s\u00e9nateurs socialistes veulent forcer les plus riches \u00e0 pr\u00eater sans int\u00e9r\u00eats \u00e0 l\u2019\u00c9tat\u00a0<\/a><\/p>\n<p class=\"fig-paragraph\"><strong>Gel des pensions et minimas sociaux:<\/strong>\u00a0le gouvernement proposait de les geler, une mesure inflammable mais efficace pour le r\u00e9tablissement des comptes sociaux, car elle rapporterait 3,6 milliards d\u2019euros en 2026. Impensable pour l\u2019Assembl\u00e9e, qui l\u2019a supprim\u00e9e. Envisageable en revanche pour le\u00a0<a href=\"http:\/\/www.lefigaro.fr\/politique\/le-paradoxe-du-senateur-sebastien-lecornu-mal-aime-au-senat-20251126\" target=\"_blank\" data-fig-type=\"Article\" rel=\"noopener\" data-gtm-custom-categorie=\"navigation\" data-gtm-custom-action=\"crossclick\" data-gtm-custom-label=\"Contextuel\" data-gtm-event=\"customEventSPE\" data-fig-domain=\"LEFIGARO\">S\u00e9nat<\/a>, qui l\u2019a r\u00e9tablie, pr\u00e9servant n\u00e9anmoins l\u2019allocation aux adultes handicap\u00e9s (AAH) et les retraites inf\u00e9rieures \u00e0 1.400 euros. Un compromis qui rapporterait 1,9 milliard d\u2019euros, mais qui ne devrait pas \u00eatre reconduit \u00e0 l\u2019Assembl\u00e9e.<\/p>\n<p class=\"fig-paragraph\"><strong>Franchises<\/strong>: l\u2019\u00e9largissement du p\u00e9rim\u00e8tre des franchises m\u00e9dicales propos\u00e9 par le gouvernement, a \u00e9t\u00e9 supprim\u00e9 \u00e0 l\u2019Assembl\u00e9e comme au S\u00e9nat et ne figure plus dans le texte. Mais le c\u0153ur du d\u00e9bat porte sur une autre mesure que le gouvernement envisage\u00a0: le doublement des franchises m\u00e9dicales pour les patients. Cette disposition tr\u00e8s irritante doit passer par d\u00e9cret, ind\u00e9pendamment du texte budg\u00e9taire, mais est prise en compte dans le calcul du d\u00e9ficit.<\/p>\n<p class=\"fig-paragraph\"><strong>Surtaxe sur les mutuelles:<\/strong>\u00a0beaucoup craignent qu\u2019elle ne se r\u00e9percute sur les assur\u00e9s, avait \u00e9t\u00e9 supprim\u00e9e par les d\u00e9put\u00e9s, puis r\u00e9tablie au S\u00e9nat, pour une recette d\u2019un milliard d\u2019euros.<\/p>\n<p class=\"fig-paragraph\"><strong>CSG, heures sup:\u00a0<\/strong>propos\u00e9e par la gauche mais supprim\u00e9e au S\u00e9nat, une hausse de la part de CSG &#8211; l\u2019une des sources de financement de la protection sociale &#8211; pr\u00e9lev\u00e9e sur les revenus du capital reviendra dans le d\u00e9bat. La mesure vot\u00e9e \u00e0 l\u2019Assembl\u00e9e devait rapporter 2,8 milliards d\u2019euros. Obtenue par la droite, une mesure \u00e9tendant aux entreprises de plus de 250 salari\u00e9s une d\u00e9duction de cotisations patronales sur les heures suppl\u00e9mentaires est soutenue par les deux chambres \u00e0 ce stade.<\/p>\n<p class=\"fig-paragraph\"><strong>\u00abOndam\u00bb:<\/strong>\u00a0jug\u00e9\u00a0\u00abintenable\u00bb\u00a0et insuffisant par de nombreux parlementaires des deux chambres, l\u2019objectif de d\u00e9penses de l\u2019assurance maladie pour 2026 (Ondam), en augmentation d\u20191,6% par rapport \u00e0 2025, continue de faire l\u2019objet de nombreux d\u00e9bats, malgr\u00e9 la rallonge d\u2019un milliard d\u2019euros promise par le gouvernement.<\/p>\n","protected":false},"excerpt":{"rendered":"Retraites, d\u00e9ficit&#8230; Les points chauds du budget de la S\u00e9cu, de retour \u00e0 l\u2019Assembl\u00e9e Voici les points chauds&hellip;\n","protected":false},"author":2,"featured_media":574972,"comment_status":"","ping_status":"","sticky":false,"template":"","format":"standard","meta":{"footnotes":""},"categories":[2],"tags":[339,11,340,1003,343,345,350,130,344,352,349,33,341,313,1011,27,346,342,353,351,347,12,348,11067,731,354],"class_list":{"0":"post-574971","1":"post","2":"type-post","3":"status-publish","4":"format-standard","5":"has-post-thumbnail","7":"category-actualites","8":"tag-actualite-economique","9":"tag-actualites","10":"tag-bourse","11":"tag-budget","12":"tag-cac-40","13":"tag-chef-dentreprise","14":"tag-concurrence","15":"tag-consommation","16":"tag-creation-dentreprise","17":"tag-crise","18":"tag-delocalisations","19":"tag-economie","20":"tag-emploi","21":"tag-entreprises","22":"tag-fr","23":"tag-france","24":"tag-grands-patrons","25":"tag-impots","26":"tag-licenciements","27":"tag-monopole","28":"tag-multinationales","29":"tag-news","30":"tag-privatisation","31":"tag-sebastien-lecornu","32":"tag-securite-sociale","33":"tag-unio"},"share_on_mastodon":{"url":"https:\/\/pubeurope.com\/@fr\/115654699803338262","error":""},"_links":{"self":[{"href":"https:\/\/www.europesays.com\/fr\/wp-json\/wp\/v2\/posts\/574971","targetHints":{"allow":["GET"]}}],"collection":[{"href":"https:\/\/www.europesays.com\/fr\/wp-json\/wp\/v2\/posts"}],"about":[{"href":"https:\/\/www.europesays.com\/fr\/wp-json\/wp\/v2\/types\/post"}],"author":[{"embeddable":true,"href":"https:\/\/www.europesays.com\/fr\/wp-json\/wp\/v2\/users\/2"}],"replies":[{"embeddable":true,"href":"https:\/\/www.europesays.com\/fr\/wp-json\/wp\/v2\/comments?post=574971"}],"version-history":[{"count":0,"href":"https:\/\/www.europesays.com\/fr\/wp-json\/wp\/v2\/posts\/574971\/revisions"}],"wp:featuredmedia":[{"embeddable":true,"href":"https:\/\/www.europesays.com\/fr\/wp-json\/wp\/v2\/media\/574972"}],"wp:attachment":[{"href":"https:\/\/www.europesays.com\/fr\/wp-json\/wp\/v2\/media?parent=574971"}],"wp:term":[{"taxonomy":"category","embeddable":true,"href":"https:\/\/www.europesays.com\/fr\/wp-json\/wp\/v2\/categories?post=574971"},{"taxonomy":"post_tag","embeddable":true,"href":"https:\/\/www.europesays.com\/fr\/wp-json\/wp\/v2\/tags?post=574971"}],"curies":[{"name":"wp","href":"https:\/\/api.w.org\/{rel}","templated":true}]}}