{"id":574975,"date":"2025-12-03T08:34:43","date_gmt":"2025-12-03T08:34:43","guid":{"rendered":"https:\/\/www.europesays.com\/fr\/574975\/"},"modified":"2025-12-03T08:34:43","modified_gmt":"2025-12-03T08:34:43","slug":"4-et-5-decembre-les-8es-rencontres-dhistoire-ouvriere-de-saint-etienne-se-penchent-sur-1995","status":"publish","type":"post","link":"https:\/\/www.europesays.com\/fr\/574975\/","title":{"rendered":"4 et 5\u00a0d\u00e9cembre\u00a0: les 8es\u00a0Rencontres d\u2019histoire ouvri\u00e8re de Saint-\u00c9tienne se penchent sur 1995"},"content":{"rendered":"<p>Trente ans apr\u00e8s, les 8es\u00a0Rencontres d\u2019histoire ouvri\u00e8re de Saint-\u00c9tienne, organis\u00e9es par le Groupe de recherches et d\u2019\u00e9tudes sur les m\u00e9moires du monde ouvrier st\u00e9phanois (<a href=\"https:\/\/www.gremmos.fr\/\" target=\"_blank\" rel=\"noreferrer noopener\">Gremmos<\/a>), reviennent sur ce mouvement contestataire. Trois angles sont privil\u00e9gi\u00e9s\u00a0: l\u2019ensemble des conditions sociales et politiques de cette p\u00e9riode\u00a0; l\u2019importance des mobilisations locales autour de groupes sp\u00e9cifiques \u2013\u00a0mineurs, cheminots, \u00e9tudiants, enseignants, employ\u00e9s communaux\u00a0\u2013 et m\u00e9moire actuelle de ces diff\u00e9rentes luttes. <strong>Amphith\u00e9\u00e2tre du d\u00e9partement, universit\u00e9 Jean-Monnet. Entr\u00e9e libre et gratuite, infos\u00a0<a href=\"http:\/\/www.gremmos.fr\" target=\"_blank\" rel=\"noopener\">ici<\/a>. <\/strong><\/p>\n<p>            <a href=\"https:\/\/www.politis.fr\/dossiers\/1995-30-ans-apres-lecho-dune-revolte-fondatrice\/\" target=\"_blank\" class=\" gt_sujet\" rel=\"noopener\"><\/p>\n<p>            <strong>Sur le m\u00eame sujet :<\/strong> 1995 : 30 ans apr\u00e8s, l\u2019\u00e9cho d\u2019une r\u00e9volte fondatrice<\/p>\n<p>    <\/a><\/p>\n<p>        <a href=\"https:\/\/www.politis.fr\/boutique\/\" target=\"_blank\" class=\"gt_abonnement\" rel=\"noopener\"><\/p>\n<p>            Recevez Politis chez vous chaque semaine !<\/p>\n<p>    <\/a><\/p>\n","protected":false},"excerpt":{"rendered":"Trente ans apr\u00e8s, les 8es\u00a0Rencontres d\u2019histoire ouvri\u00e8re de Saint-\u00c9tienne, organis\u00e9es par le Groupe de recherches et d\u2019\u00e9tudes sur&hellip;\n","protected":false},"author":2,"featured_media":574976,"comment_status":"","ping_status":"","sticky":false,"template":"","format":"standard","meta":{"footnotes":""},"categories":[9653],"tags":[1111,11,2430,1777,674,1011,27,6151,68933,12,25,4001],"class_list":{"0":"post-574975","1":"post","2":"type-post","3":"status-publish","4":"format-standard","5":"has-post-thumbnail","7":"category-saint-etienne","8":"tag-actu","9":"tag-actualites","10":"tag-auvergne-rhone-alpes","11":"tag-eu","12":"tag-europe","13":"tag-fr","14":"tag-france","15":"tag-greve","16":"tag-luttes-sociales","17":"tag-news","18":"tag-republique-francaise","19":"tag-saint-etienne"},"share_on_mastodon":{"url":"https:\/\/pubeurope.com\/@fr\/115654719161581783","error":""},"_links":{"self":[{"href":"https:\/\/www.europesays.com\/fr\/wp-json\/wp\/v2\/posts\/574975","targetHints":{"allow":["GET"]}}],"collection":[{"href":"https:\/\/www.europesays.com\/fr\/wp-json\/wp\/v2\/posts"}],"about":[{"href":"https:\/\/www.europesays.com\/fr\/wp-json\/wp\/v2\/types\/post"}],"author":[{"embeddable":true,"href":"https:\/\/www.europesays.com\/fr\/wp-json\/wp\/v2\/users\/2"}],"replies":[{"embeddable":true,"href":"https:\/\/www.europesays.com\/fr\/wp-json\/wp\/v2\/comments?post=574975"}],"version-history":[{"count":0,"href":"https:\/\/www.europesays.com\/fr\/wp-json\/wp\/v2\/posts\/574975\/revisions"}],"wp:featuredmedia":[{"embeddable":true,"href":"https:\/\/www.europesays.com\/fr\/wp-json\/wp\/v2\/media\/574976"}],"wp:attachment":[{"href":"https:\/\/www.europesays.com\/fr\/wp-json\/wp\/v2\/media?parent=574975"}],"wp:term":[{"taxonomy":"category","embeddable":true,"href":"https:\/\/www.europesays.com\/fr\/wp-json\/wp\/v2\/categories?post=574975"},{"taxonomy":"post_tag","embeddable":true,"href":"https:\/\/www.europesays.com\/fr\/wp-json\/wp\/v2\/tags?post=574975"}],"curies":[{"name":"wp","href":"https:\/\/api.w.org\/{rel}","templated":true}]}}