{"id":574985,"date":"2025-12-03T08:47:11","date_gmt":"2025-12-03T08:47:11","guid":{"rendered":"https:\/\/www.europesays.com\/fr\/574985\/"},"modified":"2025-12-03T08:47:11","modified_gmt":"2025-12-03T08:47:11","slug":"un-gardien-blesse-par-un-detenu","status":"publish","type":"post","link":"https:\/\/www.europesays.com\/fr\/574985\/","title":{"rendered":"un gardien bless\u00e9 par un d\u00e9tenu"},"content":{"rendered":"<p>                    Par<br \/>\n        <strong><br \/>\n            <a href=\"https:\/\/actu.fr\/auteur\/jm-aubert\" title=\"Consulter tous les articles de Jean-Marc Aubert\" target=\"_blank\" rel=\"noopener\">Jean-Marc Aubert<\/a><br \/>\n                    <\/strong><\/p>\n<p>        Publi\u00e9 le<\/p>\n<p>            3 d\u00e9c. 2025 \u00e0 8h58        <\/p>\n<p>Un gardien du <strong>centre p\u00e9nitentiaire de Villeneuve-l\u00e8s-Maguelone<\/strong>, route de S\u00e8te, au sud de Montpellier, a \u00e9t\u00e9 bless\u00e9 volontairement par un d\u00e9tenu, ce lundi 1er d\u00e9cembre 2025, lors de la distribution de tabac au rez-de-chauss\u00e9e-de-chauss\u00e9e du b\u00e2timent A.<\/p>\n<p class=\" wall-content\">Comme il est d\u2019usage, quand il a ouvert la cellule, le surveillant a v\u00e9rifi\u00e9 que le prisonnier \u00e9tait le bon en r\u00e9clamant sa carte d\u2019identit\u00e9. Mais il a alors constat\u00e9 que le document pr\u00e9sent\u00e9 ne correspondait pas au d\u00e9tenu devant recevoir le tabac\u2026<\/p>\n<p>    <a href=\"https:\/\/www.google.com\/maps\/embed?pb=!1m18!1m12!1m3!1d2803.08039580292!2d3.8255526177346186!3d43.546332913157414!2m3!1f0!2f0!3f0!3m2!1i1024!2i768!4f13.1!3m3!1m2!1s0x12b6b188c31dde45%3A0x727b5ff216c4aaa3!2sMaison%20d%27Arr%C3%AAt%20de%20Villeneuve-l%C3%A8s-Maguelone!5e0!3m2!1sfr!2sfr!4v1764748374179!5m2!1sfr!2sfr\" title=\"Ouvrie le lien\" target=\"_blank\" rel=\"noopener\">Cliquez ici pour visualiser le contenu<\/a><\/p>\n<p class=\" wall-content\">Le surveillant d\u00e9cidait d\u2019aller faire des v\u00e9rifications idoines pour r\u00e9gler ce probl\u00e8me et a voulu refermer la cellule, mais le d\u00e9tenu a violemment repouss\u00e9 la porte, lui occasionnant une blessure \u00e0 un genou, notamment \u00e0 la rotule.<\/p>\n<p class=\" wall-content\">Deux agents sont rapidement intervenus pour refiler la porte de la cellule et prendre en charge leur coll\u00e8gue. Il a \u00e9t\u00e9 plac\u00e9 en arr\u00eat de travail pour lui permettre de passer des examens compl\u00e9mentaires. Une plainte devrait \u00eatre d\u00e9pos\u00e9e aupr\u00e8s du procureur de la R\u00e9publique et une enqu\u00eate confi\u00e9e \u00e0 la compagnie de <strong>gendarmerie<\/strong> de Castelnau-le-Lez.<\/p>\n<p>Vid\u00e9os : en ce moment sur Actu\u00ab\u00a0Une l\u00e2che agression\u00a0\u00bb selon FO Justice<\/p>\n<p class=\" wall-content\">Ce mercredi 3 d\u00e9cembre, le <strong>syndicat FO Justice<\/strong> du centre p\u00e9nitentiaire de Villeneuve-l\u00e8s-Maguelone confirme notre information et condamne \u00ab\u00a0une fois de plus une la\u0302che agression survenue sur notre colle\u0300gue des cantines, ce lundi 1er de\u0301cembre 2025\u00a0\u00bb. Le responsable, Etienne de Sinno\u00a0demande a\u0300 la direction \u00ab\u00a0de prendre les sanctions qui s\u2019imposent, sans e\u0301tat d\u2019a\u0302me, ni sentiments larmoyants, par une peine de quartier disciplinaire. Nous apportons un soutien total \u00e0 notre coll\u00e8gue et deux agents qui sont intervenus \u00e0 son chevet\u00a0\u00bb. Cette prison abrite plus de mille d\u00e9tenus pour 635 places.<\/p>\n<p class=\" wall-content\">Personnalisez votre actualit\u00e9 en ajoutant vos villes et m\u00e9dias en favori avec <a href=\"https:\/\/moncompte.actu.fr\" title=\"D\u00e9couvez Mon Actu\" rel=\"nofollow noopener\" data-trk=\"{&quot;cta&quot;:{&quot;action&quot;:&quot;https:\\\/\\\/moncompte.actu.fr&quot;,&quot;category&quot;:&quot;mon compte&quot;,&quot;from&quot;:&quot;article footer&quot;,&quot;name&quot;:&quot;Mon actu&quot;,&quot;type&quot;:&quot;cta&quot;}}\" target=\"_blank\">Mon Actu<\/a>.<\/p>\n","protected":false},"excerpt":{"rendered":"Par Jean-Marc Aubert Publi\u00e9 le 3 d\u00e9c. 2025 \u00e0 8h58 Un gardien du centre p\u00e9nitentiaire de Villeneuve-l\u00e8s-Maguelone, route&hellip;\n","protected":false},"author":2,"featured_media":574986,"comment_status":"","ping_status":"","sticky":false,"template":"","format":"standard","meta":{"footnotes":""},"categories":[9599],"tags":[1111,11,1777,674,118,1011,27,3381,303,2208,12,2680,899,25],"class_list":{"0":"post-574985","1":"post","2":"type-post","3":"status-publish","4":"format-standard","5":"has-post-thumbnail","7":"category-montpellier","8":"tag-actu","9":"tag-actualites","10":"tag-eu","11":"tag-europe","12":"tag-faits-divers","13":"tag-fr","14":"tag-france","15":"tag-gendarmerie","16":"tag-justice","17":"tag-montpellier","18":"tag-news","19":"tag-occitanie","20":"tag-prisons","21":"tag-republique-francaise"},"share_on_mastodon":{"url":"https:\/\/pubeurope.com\/@fr\/115654770322352546","error":""},"_links":{"self":[{"href":"https:\/\/www.europesays.com\/fr\/wp-json\/wp\/v2\/posts\/574985","targetHints":{"allow":["GET"]}}],"collection":[{"href":"https:\/\/www.europesays.com\/fr\/wp-json\/wp\/v2\/posts"}],"about":[{"href":"https:\/\/www.europesays.com\/fr\/wp-json\/wp\/v2\/types\/post"}],"author":[{"embeddable":true,"href":"https:\/\/www.europesays.com\/fr\/wp-json\/wp\/v2\/users\/2"}],"replies":[{"embeddable":true,"href":"https:\/\/www.europesays.com\/fr\/wp-json\/wp\/v2\/comments?post=574985"}],"version-history":[{"count":0,"href":"https:\/\/www.europesays.com\/fr\/wp-json\/wp\/v2\/posts\/574985\/revisions"}],"wp:featuredmedia":[{"embeddable":true,"href":"https:\/\/www.europesays.com\/fr\/wp-json\/wp\/v2\/media\/574986"}],"wp:attachment":[{"href":"https:\/\/www.europesays.com\/fr\/wp-json\/wp\/v2\/media?parent=574985"}],"wp:term":[{"taxonomy":"category","embeddable":true,"href":"https:\/\/www.europesays.com\/fr\/wp-json\/wp\/v2\/categories?post=574985"},{"taxonomy":"post_tag","embeddable":true,"href":"https:\/\/www.europesays.com\/fr\/wp-json\/wp\/v2\/tags?post=574985"}],"curies":[{"name":"wp","href":"https:\/\/api.w.org\/{rel}","templated":true}]}}