{"id":57499,"date":"2025-04-27T19:14:45","date_gmt":"2025-04-27T19:14:45","guid":{"rendered":"https:\/\/www.europesays.com\/fr\/57499\/"},"modified":"2025-04-27T19:14:45","modified_gmt":"2025-04-27T19:14:45","slug":"vannes-toulon-le-resume-de-la-victoire-vannetaise-qui-relance-completement-la-course-au-maintien","status":"publish","type":"post","link":"https:\/\/www.europesays.com\/fr\/57499\/","title":{"rendered":"Vannes &#8211; Toulon\u00a0: le r\u00e9sum\u00e9 de la victoire vannetaise qui relance compl\u00e8tement la course au maintien"},"content":{"rendered":"<p>Top 14 (22e journ\u00e9e). RC Vannes &#8211; RC Toulon : 29-191. Une grosse entame, comme souvent\u2026<\/p>\n<p>Sans surprise dans cette 22e journ\u00e9e de Top 14, disput\u00e9e une nouvelle fois dans un stade de la Rabine comble, les Vannetais ont mieux d\u00e9marr\u00e9 la partie que leurs adversaires du jour. Si c\u2019est l\u2019international Fran\u00e7ais Melvyn Jaminet qui a inscrit la premi\u00e8re p\u00e9nalit\u00e9 pour les Sudistes (7\u2019), les hommes de Spitzer ont vite r\u00e9agi gr\u00e2ce \u00e0 l\u2019essai de Th\u00e9o B\u00e9ziat (10\u2019), puis <a href=\"https:\/\/www.letelegramme.fr\/sports\/rugby\/rc-vannes\/je-suis-dans-mon-monde-je-ne-calcule-plus-ce-quil-y-a-autour-dans-la-tete-de-maxime-lafage-le-buteur-du-rc-vannes-6804743.php\" target=\"_blank\" rel=\"noopener\">la s\u00fbret\u00e9 au pied de Max Lafage<\/a>.<\/p>\n<p>Dans l\u2019ensemble, les Bretons ont \u00e9t\u00e9 nettement sup\u00e9rieurs aux Toulonnais au cours de ce premier acte bien ma\u00eetris\u00e9. Ils ont multipli\u00e9 les phases de possession face \u00e0 des adversaires qui avaient pourtant align\u00e9 une grosse \u00e9quipe avec, notamment, le Breton Ga\u00ebl Dr\u00e9an \u00e0 l\u2019aile. Si bien que, pendant 40\u2019, l\u2019\u00e9cart abyssal au classement (14e contre 3e) ne s\u2019est pas franchement fait ressentir.<\/p>\n<p>2. \u2026 mais des difficult\u00e9s \u00e0 faire l\u2019\u00e9cart<\/p>\n<p>S\u2019ils ont largement domin\u00e9 des Toulonnais qui ne sont visiblement jamais rentr\u00e9s dans leur match, les Vannetais auraient pu mener bien plus largement \u00e0 la pause (15-6). En encha\u00eenant les s\u00e9quences offensives, ils se sont plusieurs fois retrouv\u00e9s \u00e0 quelques m\u00e8tres de l\u2019en-but adverse. Le tournant est peut-\u00eatre arriv\u00e9 juste avant la demi-heure de jeu (28\u2019), lorsque le deuxi\u00e8me essai de B\u00e9ziat a \u00e9t\u00e9 annul\u00e9 par la vid\u00e9o suite \u00e0 un coup de t\u00eate de Vunipola, ensuite averti. Dans la foul\u00e9e, un autre essai de Gorrissen (33\u2019) \u00e9tait \u00e9galement annul\u00e9. Frustrant.<\/p>\n<p>Heureusement, donc, que l\u2019essai de Thomas Moukoro, juste avant la pause (37\u2019) est venu concr\u00e9tiser cette domination. Et que la deuxi\u00e8me p\u00e9riode a confirm\u00e9 tout cela !<\/p>\n<p>3. Une deuxi\u00e8me p\u00e9riode renversante<\/p>\n<p>Car \u00e0 l\u2019inverse du match contre Bordeaux-B\u00e8gles, en novembre, <a href=\"https:\/\/www.letelegramme.fr\/sports\/rugby\/rc-vannes\/direct-vannes-bordeaux-suivez-le-match-6699813.php\" target=\"_blank\" rel=\"noopener\">o\u00f9 les Vannetais avaient \u00e9t\u00e9 punis apr\u00e8s avoir men\u00e9 au score<\/a>, ils ont cette fois r\u00e9sist\u00e9 jusqu\u2019au bout apr\u00e8s avoir trembl\u00e9. Et m\u00eame d\u00e9croch\u00e9 le bonus offensif gr\u00e2ce \u00e0 leurs quatre essais, dont un doubl\u00e9 de Varney !<\/p>\n<p>Apr\u00e8s quatre rencontres sans victoire en Top 14, les Bretons relancent donc la machine au meilleur moment, dans la derni\u00e8re ligne droite du championnat. D\u2019autant que, dans le m\u00eame temps, Perpignan (13e) s\u2019est inclin\u00e9 sur le terrain de Montpellier (19-13). <\/p>\n<p>Et gr\u00e2ce \u00e0 leur bonus offensif, les Bretons reviennent \u00e0 un point (35 contre 36) des Catalans. Gr\u00e2ce \u00e0 cette victoire, la course au maintien est donc compl\u00e8tement relanc\u00e9e. La Rabine risque de vibrer en cette fin de saison !<\/p>\n<p class=\"titre-tech\">La fiche technique<\/p>\n<p class=\"tech\"><strong class=\"tech\">Arbitre <\/strong>: K. Bralley.<\/p>\n<p class=\"tech\"><strong class=\"tech\">Spectateurs <\/strong>: 11 865.<\/p>\n<p class=\"tech\"><strong class=\"tech\">Les points.<\/strong> Vannes : 4 essais de B\u00e9ziat (10\u2019), Moukoro (37\u2019), Varney (47\u2019, 64\u2019) ; 3 transformations de Lafage (11\u2019, 48\u2019, 65\u2019) ; 1 p\u00e9nalit\u00e9 de Lafage (21\u2019).<\/p>\n<p class=\"tech\">Toulon : 1 essai de Priso (42\u2019) ; 1 transformation de Jaminet (43\u2019) ; 3 p\u00e9nalit\u00e9s de Jaminet (8\u2019, 40\u2019, 44\u2019, 52\u2019).<\/p>\n<p class=\"tech\"><strong class=\"tech\">Cartons jaunes. <\/strong>Vannes : Vunipola (28\u2019), M\u00e9zou (80\u2019) ; Toulon : Halagahu (33\u2019), Domon (46\u2019).<\/p>\n<p class=\"tech\"><strong class=\"tech\">VANNES <\/strong>: 15. Surano &#8211; 14. Nakosi (Moukoro 30\u2019, Nakosi 39\u2019, Saili 65\u2019) , 13. Taccola, 12. Saili (Boudehent 56\u2019) , 11. Porch &#8211; 10. Lafage (Deba\u00ebs 80\u2019) , 9. Varney &#8211; 7. Gorrissen (cap.), 8. Kalamafoni (Edwards 76\u2019) , 6. Edwards (Augry 58\u2019) &#8211; 5. Metz (M\u00e9zou 56\u2019) , 4. Marks (Bresler 66\u2019) &#8211; 3. Medrano (Kit\u00e9 56\u2019 ; Medrano 71\u2019), 2. B\u00e9ziat (Blanchard 50\u2019), 1. Vunipola (Moukoro 50\u2019, Vunipola 66\u2019).<\/p>\n<p class=\"tech\">Entra\u00eeneur principal : Jean-No\u00ebl Spitzer.<\/p>\n<p class=\"tech\"><strong class=\"tech\">TOULON <\/strong>: 15. Jaminet (Garbisi 56\u2018) &#8211; 14. Dr\u00e9an, 13. Fainga\u2019anuku, 12. Sinzelle (Tuicuvu 66\u2019) , 11. Wainiqolo (S. Rebbadj 36\u2019 ; Wainiqolo 44\u2019) &#8211; 10. Domon, 9. Serin (cap.) (Danglot 68\u2019) &#8211; 7. Abadie, 8. Isa (Tolofua 58\u2019) , 6. Ludlam &#8211; 5. Alainu\u2019uese, 4. Halagahu (S. Rebbadj 52\u2019) &#8211; 3. Gigashvili (Setiano 61\u2019) , 2. Baubigny (Ivaldi 61\u2019) , 1. Priso (Gros 8\u2019 ; Priso 21\u2019 ; Gros 49\u2019).<\/p>\n<p class=\"tech\">Entra\u00eeneur principal : Pierre Mignoni.<\/p>\n","protected":false},"excerpt":{"rendered":"Top 14 (22e journ\u00e9e). RC Vannes &#8211; RC Toulon : 29-191. Une grosse entame, comme souvent\u2026 Sans surprise&hellip;\n","protected":false},"author":2,"featured_media":57500,"comment_status":"","ping_status":"","sticky":false,"template":"","format":"standard","meta":{"footnotes":""},"categories":[9619],"tags":[1111,11,765,3166,1777,674,1011,27,12,882,3164,25,479,60,478,2310,3165],"class_list":{"0":"post-57499","1":"post","2":"type-post","3":"status-publish","4":"format-standard","5":"has-post-thumbnail","7":"category-toulon","8":"tag-actu","9":"tag-actualites","10":"tag-en-continu","11":"tag-en-continu-sports","12":"tag-eu","13":"tag-europe","14":"tag-fr","15":"tag-france","16":"tag-news","17":"tag-provence-alpes-cote-dazur","18":"tag-rc-vannes","19":"tag-republique-francaise","20":"tag-rugby","21":"tag-sports","22":"tag-top-14","23":"tag-toulon","24":"tag-vannes"},"share_on_mastodon":{"url":"https:\/\/pubeurope.com\/@fr\/114411527544612226","error":""},"_links":{"self":[{"href":"https:\/\/www.europesays.com\/fr\/wp-json\/wp\/v2\/posts\/57499","targetHints":{"allow":["GET"]}}],"collection":[{"href":"https:\/\/www.europesays.com\/fr\/wp-json\/wp\/v2\/posts"}],"about":[{"href":"https:\/\/www.europesays.com\/fr\/wp-json\/wp\/v2\/types\/post"}],"author":[{"embeddable":true,"href":"https:\/\/www.europesays.com\/fr\/wp-json\/wp\/v2\/users\/2"}],"replies":[{"embeddable":true,"href":"https:\/\/www.europesays.com\/fr\/wp-json\/wp\/v2\/comments?post=57499"}],"version-history":[{"count":0,"href":"https:\/\/www.europesays.com\/fr\/wp-json\/wp\/v2\/posts\/57499\/revisions"}],"wp:featuredmedia":[{"embeddable":true,"href":"https:\/\/www.europesays.com\/fr\/wp-json\/wp\/v2\/media\/57500"}],"wp:attachment":[{"href":"https:\/\/www.europesays.com\/fr\/wp-json\/wp\/v2\/media?parent=57499"}],"wp:term":[{"taxonomy":"category","embeddable":true,"href":"https:\/\/www.europesays.com\/fr\/wp-json\/wp\/v2\/categories?post=57499"},{"taxonomy":"post_tag","embeddable":true,"href":"https:\/\/www.europesays.com\/fr\/wp-json\/wp\/v2\/tags?post=57499"}],"curies":[{"name":"wp","href":"https:\/\/api.w.org\/{rel}","templated":true}]}}