{"id":575005,"date":"2025-12-03T08:57:11","date_gmt":"2025-12-03T08:57:11","guid":{"rendered":"https:\/\/www.europesays.com\/fr\/575005\/"},"modified":"2025-12-03T08:57:11","modified_gmt":"2025-12-03T08:57:11","slug":"universite-cote-dazur-cjd-nice-un-partenariat-pour-lavenir","status":"publish","type":"post","link":"https:\/\/www.europesays.com\/fr\/575005\/","title":{"rendered":"Universit\u00e9 C\u00f4te d\u2019Azur\u2013CJD Nice : un partenariat pour l\u2019avenir"},"content":{"rendered":"<p>                    <img loading=\"lazy\" decoding=\"async\" src=\"https:\/\/www.europesays.com\/fr\/wp-content\/uploads\/2025\/12\/cdca9caa9ce1d830af4365f587c956.jpg\" class=\"img-responsive post-image\" width=\"680\" height=\"510\" alt=\"Universit\u00e9 C\u00f4te d'Azur\u2013CJ\" title=\"Universit\u00e9 C\u00f4te d'Azur\u2013CJD Nice : un partenariat pour l'avenir\"\/><\/p>\n<p class=\"chapo\">Universit\u00e9 C\u00f4te d\u2019Azur et le Centre des Jeunes Dirigeants (CJD) Nice ont officialis\u00e9, le 27 novembre sur le campus de Valrose, une convention de partenariat destin\u00e9e \u00e0 renforcer les liens entre le monde acad\u00e9mique et le tissu \u00e9conomique local. Une alliance in\u00e9dite pens\u00e9e pour favoriser l\u2019insertion professionnelle des \u00e9tudiants, soutenir l\u2019entrepreneuriat et r\u00e9pondre aux besoins en comp\u00e9tences des entreprises du territoire.<\/p>\n<p>                    Un rapprochement structur\u00e9 entre universit\u00e9 et entreprises<\/p>\n<p>Cette collaboration ouvre la voie \u00e0 de nouvelles synergies entre \u00e9tudiants, alumni, enseignants, services d\u2019insertion professionnelle et dirigeants d\u2019entreprises. Les actions conjointes pr\u00e9vues touchent autant la promotion des formations que le d\u00e9veloppement de l\u2019alternance ou l\u2019analyse des besoins en comp\u00e9tences.<br class=\"autobr\"\/><br \/>\n\u00ab\u00a0Ce partenariat avec le CJD Nice illustre pleinement notre volont\u00e9 de rapprocher toujours davantage l\u2019universit\u00e9 et le monde \u00e9conomique \u00a0\u00bb, explique <strong>Jeanick Brisswalter<\/strong>, pr\u00e9sident d\u2019Universit\u00e9 C\u00f4te d\u2019Azur. Il ajoute\u00a0: \u00ab\u00a0En mobilisant nos forces respectives, nous cr\u00e9ons de nouvelles opportunit\u00e9s pour nos \u00e9tudiantes et \u00e9tudiants, tout en offrant aux entreprises un acc\u00e8s direct aux talents et aux comp\u00e9tences dont elles ont besoin. Ensemble, nous renfor\u00e7ons l\u2019esprit d\u2019entreprendre, l\u2019insertion professionnelle et l\u2019innovation sur notre territoire. \u00a0\u00bb<\/p>\n<p>Acc\u00e9l\u00e9rer l\u2019esprit d\u2019entreprendre<\/p>\n<p><strong>Au c\u0153ur de cette convention, un engagement fort\u00a0: encourager l\u2019entrepreneuriat \u00e9tudiant<\/strong>. Le CJD Nice mettra \u00e0 disposition un r\u00e9seau de mentors et de coachs pour accompagner les porteurs de projets, notamment via le dispositif PEPITE. En parall\u00e8le, l\u2019universit\u00e9 int\u00e9grera les membres du CJD \u00e0 ses \u00e9v\u00e9nements d\u00e9di\u00e9s \u00e0 l\u2019innovation entrepreneuriale, tels que le Prix r\u00e9gional PEPITE. Pour <strong>Orianne Pag\u00e8s, <\/strong> pr\u00e9sidente du CJD Nice et fondatrice de Refeel Events, cette collaboration est naturelle\u00a0: \u00ab\u00a0La signature d\u2019une convention entre le CJD Nice et l\u2019Universit\u00e9 Nice C\u00f4te d\u2019Azur \u00e9tait toute naturelle, tant nos valeurs sont proches. Innovation, apprentissage, ouverture, \u00e9changes, exp\u00e9rimentation, adaptation\u00a0: nous parlons le m\u00eame langage\u00a0!\u00a0\u00bb Elle souligne \u00e9galement l\u2019impact attendu\u00a0: \u00ab\u00a0 Les chefs d\u2019entreprises peuvent guider, former, et s\u2019inspirer en retour de la recherche et des comp\u00e9tences que l\u2019Universit\u00e9 sait apporter.\u00a0\u00bb<\/p>\n<p>Un volet philanthropique renforc\u00e9<\/p>\n<p>La convention inclut aussi un engagement en mati\u00e8re de philanthropie\u00a0: mobilisation du r\u00e9seau du CJD pour la collecte de la taxe d\u2019apprentissage et soutien aux actions de la Fondation Universit\u00e9 C\u00f4te d\u2019Azur.<\/p>\n<p>Universit\u00e9 C\u00f4te d\u2019Azur et le CJD Nice ambitionnent de cr\u00e9er un \u00e9cosyst\u00e8me p\u00e9renne, favorable \u00e0 l\u2019innovation, \u00e0 la mont\u00e9e en comp\u00e9tences et \u00e0 l\u2019emploi. Comme le r\u00e9sume Orianne Pag\u00e8s\u00a0: \u00ab\u00a0Je suis ravie que le CJD Nice que je repr\u00e9sente \u00e9tende son impact et sa vision d\u2019une entreprise qui construit l\u2019avenir vers la jeunesse. Cette action s\u2019inscrit parfaitement dans l\u2019\u00a0\u00bbExploration Cr\u00e9ative\u00a0\u00bb, th\u00e8me du mandat que je porte avec ma vice-pr\u00e9sidente <strong>Ana\u00efs Verrando.<\/strong> \u00a0\u00bb<\/p>\n","protected":false},"excerpt":{"rendered":"Universit\u00e9 C\u00f4te d\u2019Azur et le Centre des Jeunes Dirigeants (CJD) Nice ont officialis\u00e9, le 27 novembre sur le&hellip;\n","protected":false},"author":2,"featured_media":575006,"comment_status":"","ping_status":"","sticky":false,"template":"","format":"standard","meta":{"footnotes":""},"categories":[2819],"tags":[1111,11,2408,1777,674,1011,27,12,2401,882,25],"class_list":{"0":"post-575005","1":"post","2":"type-post","3":"status-publish","4":"format-standard","5":"has-post-thumbnail","7":"category-nice","8":"tag-actu","9":"tag-actualites","10":"tag-appels-d","11":"tag-eu","12":"tag-europe","13":"tag-fr","14":"tag-france","15":"tag-news","16":"tag-nice","17":"tag-provence-alpes-cote-dazur","18":"tag-republique-francaise"},"share_on_mastodon":{"url":"https:\/\/pubeurope.com\/@fr\/115654810716570701","error":""},"_links":{"self":[{"href":"https:\/\/www.europesays.com\/fr\/wp-json\/wp\/v2\/posts\/575005","targetHints":{"allow":["GET"]}}],"collection":[{"href":"https:\/\/www.europesays.com\/fr\/wp-json\/wp\/v2\/posts"}],"about":[{"href":"https:\/\/www.europesays.com\/fr\/wp-json\/wp\/v2\/types\/post"}],"author":[{"embeddable":true,"href":"https:\/\/www.europesays.com\/fr\/wp-json\/wp\/v2\/users\/2"}],"replies":[{"embeddable":true,"href":"https:\/\/www.europesays.com\/fr\/wp-json\/wp\/v2\/comments?post=575005"}],"version-history":[{"count":0,"href":"https:\/\/www.europesays.com\/fr\/wp-json\/wp\/v2\/posts\/575005\/revisions"}],"wp:featuredmedia":[{"embeddable":true,"href":"https:\/\/www.europesays.com\/fr\/wp-json\/wp\/v2\/media\/575006"}],"wp:attachment":[{"href":"https:\/\/www.europesays.com\/fr\/wp-json\/wp\/v2\/media?parent=575005"}],"wp:term":[{"taxonomy":"category","embeddable":true,"href":"https:\/\/www.europesays.com\/fr\/wp-json\/wp\/v2\/categories?post=575005"},{"taxonomy":"post_tag","embeddable":true,"href":"https:\/\/www.europesays.com\/fr\/wp-json\/wp\/v2\/tags?post=575005"}],"curies":[{"name":"wp","href":"https:\/\/api.w.org\/{rel}","templated":true}]}}