{"id":575009,"date":"2025-12-03T08:59:38","date_gmt":"2025-12-03T08:59:38","guid":{"rendered":"https:\/\/www.europesays.com\/fr\/575009\/"},"modified":"2025-12-03T08:59:38","modified_gmt":"2025-12-03T08:59:38","slug":"pres-de-nantes-ce-traiteur-se-distingue-sur-ce-salon-des-metiers-de-bouche","status":"publish","type":"post","link":"https:\/\/www.europesays.com\/fr\/575009\/","title":{"rendered":"Pr\u00e8s de Nantes, ce traiteur se distingue sur ce salon des m\u00e9tiers de bouche"},"content":{"rendered":"<p>                    Par<br \/>\n        <strong><br \/>\n            <a href=\"https:\/\/actu.fr\/auteur\/journaliste-sm\" title=\"Consulter tous les articles de R\u00e9daction Clisson\" target=\"_blank\" rel=\"noopener\">R\u00e9daction Clisson<\/a><br \/>\n                    <\/strong><\/p>\n<p>        Publi\u00e9 le<\/p>\n<p>            2 d\u00e9c. 2025 \u00e0 22h34        <\/p>\n<p>Cette ann\u00e9e, lors du salon <a href=\"https:\/\/www.serbotel.com\/\" target=\"_blank\" rel=\"noopener\">Serbotel <\/a>qui se tenait <b>comme tous les deux ans \u00e0 Nantes<\/b>, <a href=\"https:\/\/www.umih44.com\/\" target=\"_blank\" rel=\"noopener\">l\u2019union des m\u00e9tiers de l\u2019h\u00f4tellerie et de la restauration de Loire-Atlantique<\/a> a organis\u00e9 le <b>1er troph\u00e9e national des traiteurs et organisateurs de r\u00e9ceptions<\/b>.<\/p>\n<p class=\" wall-content\">Ils \u00e9taient<b> sept \u00e0 venir de toute la France<\/b>. L\u2019entreprise de<b><a href=\"https:\/\/actu.fr\/pays-de-la-loire\/basse-goulaine_44009\" target=\"_blank\" rel=\"noopener\"> Basse-Goulaine<\/a><\/b>, <a href=\"https:\/\/www.rc-evenements.com\/\" target=\"_blank\" rel=\"noopener\">RC \u00e9v\u00e9nements<\/a> \u00e9tait le seul repr\u00e9sentant de la r\u00e9gion des <b>Pays-de-la-Loire<\/b>. Ce concours in\u00e9dit avait pour ambition de <b>valoriser la profession de traiteur organisateur de r\u00e9ception<\/b>, un m\u00e9tier d\u2019excellence alliant cr\u00e9ativit\u00e9 culinaire, sens de l\u2019organisation et exigence artisanale. Le th\u00e8me de cette premi\u00e8re \u00e9dition \u00e9tant \u00ab Nantes et sa r\u00e9gion \u00bb.<\/p>\n<p class=\" wall-content\">Dans cette comp\u00e9tition, le dirigeant Jonathan Blanchard, accompagn\u00e9 de son \u00e9quipe cuisine, a r\u00e9alis\u00e9 <b>un menu locavore,<\/b> c\u00e9l\u00e9brant les produits du terroir. Une cr\u00e9ation qui les a fait monter sur le podium. <b>Sur la 3e marche<\/b>.<\/p>\n<blockquote class=\"ac-article-quote wall-content\">\n<p>Cela reste pour nous, une reconnaissance. Cela met en lumi\u00e8re le savoir-faire de notre \u00e9quipe, notre engagement pour une cuisine cr\u00e9ative et locale, ainsi que notre ancrage dans le territoire nantais. L\u2019entreprise a su montrer son go\u00fbt pour la saisonnalit\u00e9, la fra\u00eecheur et le 100 % fait-maison.<\/p>\n<p>Lucille Clavier responsable communication de l\u2019entreprise<\/p><\/blockquote>\n<p>    <img   decoding=\"async\" loading=\"lazy\" class=\"size-large\" src=\"https:\/\/www.europesays.com\/fr\/wp-content\/uploads\/2025\/12\/f09cb34088096459cb3408809599cbv-960x640.jpg\" alt=\"De gauche \u00e0 droite ; Geoffrey Alexandre, un jeune apprenti venu d'une \u00e9cole en renfort, Jonathan Blanchard ( cuistot et patron), C\u00e9cile Blanchard (co-g\u00e9rante et ma\u00eetre d'h\u00f4tel \u00e9v\u00e9nementiel et Alexandre Gobin second en cuisine\" width=\"960\" height=\"640\"\/><br \/>\n    De gauche \u00e0 droite ; Geoffrey Alexandre, un jeune apprenti venu d\u2019une \u00e9cole en renfort, Jonathan Blanchard (cuistot et patron), C\u00e9cile Blanchard (co-g\u00e9rante et ma\u00eetre d\u2019h\u00f4tel \u00e9v\u00e9nementiel et Alexandre Gobin second en cuisine. \u00a9RC \u00e9v\u00e9nementsVid\u00e9os : en ce moment sur Actu<\/p>\n<p class=\" wall-content\">Il faut dire que dans le m\u00e9tier de traiteur, <b>l\u2019entreprise qui compte une dizaine de salari\u00e9s <\/b>n\u2019est pas novice. \u00c0 son actif, quelque <b>522 mariages et 1 043 \u00e9v\u00e9nements professionnels<\/b>, en 19 ans. Malgr\u00e9 cette exp\u00e9rience, RC \u00e9v\u00e9nements continue d\u2019innover. Elle a r\u00e9cemment cr\u00e9\u00e9 Cock\u2019n Rolll.<\/p>\n<blockquote class=\"ac-article-quote wall-content\">\n<p>C\u2019est une brasserie street-food. Elle est principalement pr\u00e9vue pour les retours de noce et autres \u00e9v\u00e9nements plus d\u00e9tendus, avec une cuisine d\u00e9brid\u00e9e. Nous avons l\u2019avantage d\u2019avoir une structure l\u00e9g\u00e8re (ndlr. style food truck) pour des occasions plus conviviales.<\/p>\n<p>Jonathan Blanchard, le g\u00e9rant.\u00a0<\/p><\/blockquote>\n<p>Votre r\u00e9gion, votre actu !<\/p>\n<p>Recevez chaque jour les infos qui comptent pour vous.<\/p>\n<p>\t<a href=\"https:\/\/actu.fr\/newsletter\" class=\"ac-btn ac-btn--corner ac-btn--medium ac-btn--blue800\" target=\"_blank\" rel=\"noopener\">S&rsquo;incrire<\/a><br \/>\nRC \u00e9v\u00e9nements, 79 rue Busson Billault. Contact : <a href=\"https:\/\/actu.fr\/cdn-cgi\/l\/email-protection\" class=\"__cf_email__\" data-cfemail=\"11727e7f657072655163723f7467747f747c747f65623f727e7c\" target=\"_blank\" rel=\"noopener\">[email\u00a0protected]<\/a> ou 06 36 47 24 78 ou 06 08 80 08 03 ou 09 62 18 86<\/p>\n<p class=\" wall-content\">Personnalisez votre actualit\u00e9 en ajoutant vos villes et m\u00e9dias en favori avec <a href=\"https:\/\/moncompte.actu.fr\" title=\"D\u00e9couvez Mon Actu\" rel=\"nofollow noopener\" data-trk=\"{&quot;cta&quot;:{&quot;action&quot;:&quot;https:\\\/\\\/moncompte.actu.fr&quot;,&quot;category&quot;:&quot;mon compte&quot;,&quot;from&quot;:&quot;article footer&quot;,&quot;name&quot;:&quot;Mon actu&quot;,&quot;type&quot;:&quot;cta&quot;}}\" target=\"_blank\">Mon Actu<\/a>.<\/p>\n","protected":false},"excerpt":{"rendered":"Par R\u00e9daction Clisson Publi\u00e9 le 2 d\u00e9c. 2025 \u00e0 22h34 Cette ann\u00e9e, lors du salon Serbotel qui se&hellip;\n","protected":false},"author":2,"featured_media":575010,"comment_status":"","ping_status":"","sticky":false,"template":"","format":"standard","meta":{"footnotes":""},"categories":[2818],"tags":[1111,11,258,215,1777,674,1011,27,766,12,2636,25,104,2900],"class_list":{"0":"post-575009","1":"post","2":"type-post","3":"status-publish","4":"format-standard","5":"has-post-thumbnail","7":"category-nantes","8":"tag-actu","9":"tag-actualites","10":"tag-alimentation","11":"tag-commerce","12":"tag-eu","13":"tag-europe","14":"tag-fr","15":"tag-france","16":"tag-nantes","17":"tag-news","18":"tag-pays-de-la-loire","19":"tag-republique-francaise","20":"tag-societe","21":"tag-vignoble-nantais"},"share_on_mastodon":{"url":"https:\/\/pubeurope.com\/@fr\/115654818791488480","error":""},"_links":{"self":[{"href":"https:\/\/www.europesays.com\/fr\/wp-json\/wp\/v2\/posts\/575009","targetHints":{"allow":["GET"]}}],"collection":[{"href":"https:\/\/www.europesays.com\/fr\/wp-json\/wp\/v2\/posts"}],"about":[{"href":"https:\/\/www.europesays.com\/fr\/wp-json\/wp\/v2\/types\/post"}],"author":[{"embeddable":true,"href":"https:\/\/www.europesays.com\/fr\/wp-json\/wp\/v2\/users\/2"}],"replies":[{"embeddable":true,"href":"https:\/\/www.europesays.com\/fr\/wp-json\/wp\/v2\/comments?post=575009"}],"version-history":[{"count":0,"href":"https:\/\/www.europesays.com\/fr\/wp-json\/wp\/v2\/posts\/575009\/revisions"}],"wp:featuredmedia":[{"embeddable":true,"href":"https:\/\/www.europesays.com\/fr\/wp-json\/wp\/v2\/media\/575010"}],"wp:attachment":[{"href":"https:\/\/www.europesays.com\/fr\/wp-json\/wp\/v2\/media?parent=575009"}],"wp:term":[{"taxonomy":"category","embeddable":true,"href":"https:\/\/www.europesays.com\/fr\/wp-json\/wp\/v2\/categories?post=575009"},{"taxonomy":"post_tag","embeddable":true,"href":"https:\/\/www.europesays.com\/fr\/wp-json\/wp\/v2\/tags?post=575009"}],"curies":[{"name":"wp","href":"https:\/\/api.w.org\/{rel}","templated":true}]}}