{"id":575011,"date":"2025-12-03T09:00:20","date_gmt":"2025-12-03T09:00:20","guid":{"rendered":"https:\/\/www.europesays.com\/fr\/575011\/"},"modified":"2025-12-03T09:00:20","modified_gmt":"2025-12-03T09:00:20","slug":"le-club-des-solos-un-comite-dentreprise-pour-les-independants","status":"publish","type":"post","link":"https:\/\/www.europesays.com\/fr\/575011\/","title":{"rendered":"Le \u00abClub des Solos, un comit\u00e9 d\u2019entreprise pour les ind\u00e9pendants"},"content":{"rendered":"<p>\n    Entrepreneure pr\u00e8s de Nantes, Louise Bruneau a cr\u00e9\u00e9 le \u00abClub des Solos\u00bb pour permettre aux travailleurs ind\u00e9pendants de profiter des m\u00eames avantages que des salari\u00e9s.<\/p>\n<p class=\"fig-paragraph\">L\u2019union fait la force. Telle est la philosophie de Louise Bruneau. Cette habitante\u00a0<a href=\"http:\/\/www.lefigaro.fr\/nantes\/loire-atlantique-qui-veut-la-peau-des-santons-d-ancenis-20231228\" target=\"_blank\" data-fig-type=\"NewsFlash\" rel=\"noopener\" data-gtm-custom-categorie=\"navigation\" data-gtm-custom-action=\"crossclick\" data-gtm-custom-label=\"Contextuel\" data-gtm-event=\"customEventSPE\" data-fig-domain=\"LEFIGARO\">d\u2019Ancenis<\/a>\u00a0(\u00e0 environ 40 km de\u00a0<a href=\"http:\/\/www.lefigaro.fr\/elections\/municipales\/johanna-rolland-l-atout-municipal-du-parti-socialiste-20251130\" target=\"_blank\" data-fig-type=\"Article\" rel=\"noopener\" data-gtm-custom-categorie=\"navigation\" data-gtm-custom-action=\"crossclick\" data-gtm-custom-label=\"Contextuel\" data-gtm-event=\"customEventSPE\" data-fig-domain=\"LEFIGARO\">Nantes<\/a>) \u00e0 la fibre entrepreneuriale vient de cr\u00e9er \u00abLe Club des Solos\u00bb. En r\u00e9sum\u00e9, il s\u2019agit d\u2019une sorte de\u00a0<a href=\"http:\/\/www.lefigaro.fr\/social\/financements-occultes-emplois-fictifs-le-scandale-du-comite-d-entreprise-d-edf-qui-a-coute-cher-a-la-cgt-20231125\" target=\"_blank\" data-fig-type=\"Article\" rel=\"noopener\" data-gtm-custom-categorie=\"navigation\" data-gtm-custom-action=\"crossclick\" data-gtm-custom-label=\"Contextuel\" data-gtm-event=\"customEventSPE\" data-fig-domain=\"LEFIGARO\">comit\u00e9 d\u2019entreprise<\/a>&#8230; sans entreprise, \u00e0 destination des travailleurs ind\u00e9pendants.\u00a0<a href=\"http:\/\/www.lefigaro.fr\/flash-eco\/les-artisans-gardent-la-flamme-mais-redoutent-l-instabilite-politique-20250902\" target=\"_blank\" data-fig-type=\"NewsFlash\" rel=\"noopener\" data-gtm-custom-categorie=\"navigation\" data-gtm-custom-action=\"crossclick\" data-gtm-custom-label=\"Contextuel\" data-gtm-event=\"customEventSPE\" data-fig-domain=\"LEFIGARO\">Artisans<\/a>,\u00a0<a href=\"http:\/\/www.lefigaro.fr\/actualite-france\/on-travaillait-la-depuis-dix-ans-mais-on-etait-chez-eux-quand-les-dealers-font-trembler-les-commercants-20251127\" target=\"_blank\" data-fig-type=\"Article\" rel=\"noopener\" data-gtm-custom-categorie=\"navigation\" data-gtm-custom-action=\"crossclick\" data-gtm-custom-label=\"Contextuel\" data-gtm-event=\"customEventSPE\" data-fig-domain=\"LEFIGARO\">commer\u00e7ants<\/a>, travailleurs lib\u00e9raux,<a href=\"http:\/\/www.lefigaro.fr\/conjoncture\/jeunes-diplomes-et-en-quete-d-independance-le-profil-des-micro-entrepreneurs-evolue-20210206\" target=\"_blank\" data-fig-type=\"NewsFlash\" rel=\"noopener\" data-gtm-custom-categorie=\"navigation\" data-gtm-custom-action=\"crossclick\" data-gtm-custom-label=\"Contextuel\" data-gtm-event=\"customEventSPE\" data-fig-domain=\"LEFIGARO\">\u00a0micro-entrepreneurs<\/a>, dirigeants&#8230; L\u2019id\u00e9e est de leur faire profiter des m\u00eames avantages que les salari\u00e9s.<\/p>\n<p class=\"fig-paragraph\">\u00abEn tant qu\u2019ind\u00e9pendant, on est oblig\u00e9 de payer notre place de cin\u00e9ma ou nos vacances plein pot. C\u2019est dommage!\u00bb, observe la toute juste trentenaire, qui au quotidien aide les parcs d\u2019attractions \u00e0 d\u00e9velopper leur offre boutique. \u00c9tant elle-m\u00eame \u00e0 son compte, elle a cherch\u00e9 ce qui existait pour profiter de r\u00e9ductions. \u00abSoit cela n\u2019\u00e9tait pas tr\u00e8s document\u00e9, soit un peu \u00e9teint\u00bb, constate celle qui anime une page Instagram. La FNAE (f\u00e9d\u00e9ration nationale des autoentrepreneurs et microentrepreneurs), par exemple, dispose d\u2019un outil similaire, \u00e0 condition d\u2019\u00eatre adh\u00e9rent de l\u2019organisation.<\/p>\n<p>                                            <a class=\"fig-a11y-skip\" href=\"#fig-a11y-skip-main-inarticle\" data-module=\"a11y-skip\" data-context=\"was @visible\"><br \/>\n    Passer la publicit\u00e9<br \/>\n<\/a>            <\/p>\n<p>                                            Jusqu\u2019\u00e0 900\u20ac d\u2019\u00e9conomies par an<\/p>\n<p class=\"fig-paragraph\">Louise Bruneau a donc lanc\u00e9 cet \u00e9t\u00e9 un dispositif ouvert \u00e0 tous. La formule propos\u00e9e est mensuelle ou annuelle. \u00abEn moyenne, nos membres \u00e9conomisent 900 euros par an sans changer leurs habitudes\u00a0!\u00bb, mentionne son site internet, pour une adh\u00e9sion annuelle de 59,90 euros. Les offres concernent des domaines vari\u00e9s\u00a0: courses, voyages, loisirs&#8230; Autre particularit\u00e9\u00a0: elle collabore avec une plateforme qui n\u00e9gocie des offres locales. Ce prestataire \u00aba des agents qui travaillent pour d\u00e9marcher des PME et int\u00e9grer des offres locales partout en France\u00bb, d\u00e9taille la jeune femme.<\/p>\n<p class=\"fig-paragraph\">\u00abIl n\u2019y a pas de raison pour qu\u2019ensemble, on n\u2019ait pas autant de poids pour aller n\u00e9gocier qu\u2019une multinationale. Il n\u2019y a pas beaucoup d\u2019entreprises qui ont quatre millions de salari\u00e9s. Finalement, il n\u2019y a pas de raison qu\u2019on ne puisse pas avoir acc\u00e8s \u00e0 ces m\u00eames avantages\u00bb, insiste celle qui n\u2019exclut pas un jour de vivre de cette initiative selon son d\u00e9veloppement. \u00abPlus j\u2019ai d\u2019inscrits, plus j\u2019ai de poids\u00bb, constate-t-elle, avec d\u00e9j\u00e0 plus de 300 inscriptions. D\u2019autant qu\u2019aujourd\u2019hui, \u00abil y a des statistiques qui nous disent qu\u2019il y a vraiment de plus en plus d\u2019ind\u00e9pendants. \u00c7a explose. Tout le monde tente de se mettre \u00e0 son compte, avec plus ou moins de succ\u00e8s\u00bb. La jeune femme propose d\u2019ailleurs des conseils sur les r\u00e9seaux \u00e0 destination des travailleurs solos, sous forme de webinaires.<\/p>\n<p class=\"fig-paragraph\"><a href=\"http:\/\/www.lefigaro.fr\/conjoncture\/insee-4-4-millions-de-patrons-en-france-et-flambee-du-statut-de-microentrepreneur-20250521\" target=\"_blank\" data-fig-type=\"NewsFlash\" rel=\"noopener\" data-gtm-custom-categorie=\"navigation\" data-gtm-custom-action=\"crossclick\" data-gtm-custom-label=\"Contextuel\" data-gtm-event=\"customEventSPE\" data-fig-domain=\"LEFIGARO\">Selon une r\u00e9cente \u00e9tude de l\u2019Insee<\/a>, la France comptait en 2022 4,4 millions d\u2019ind\u00e9pendants, dont 4 millions de non-salari\u00e9s. Cela repr\u00e9sente + de 72% de non-salari\u00e9s (hors agriculture) par rapport \u00e0 2008. Les secteurs les plus touch\u00e9s par cette augmentation sont les services de transports dont les VTC (+147%), les services aux entreprises et services mixtes (+132%) et les services aux particuliers hors sant\u00e9 (+104%). Cette hausse est \u00abstimul\u00e9e par la cr\u00e9ation du statut de micro-entrepreneur\u00bb, souligne l\u2019\u00e9tude de l\u2019Insee publi\u00e9e en mai dernier. Ces micro-entrepreneurs, qui cumulent parfois leur activit\u00e9 avec du salariat, gagnaient en moyenne 670 euros par mois en 2022. Contre environ 4030 euros par mois pour les non-salari\u00e9s \u00abclassiques\u00bb.<\/p>\n","protected":false},"excerpt":{"rendered":"Entrepreneure pr\u00e8s de Nantes, Louise Bruneau a cr\u00e9\u00e9 le \u00abClub des Solos\u00bb pour permettre aux travailleurs ind\u00e9pendants de&hellip;\n","protected":false},"author":2,"featured_media":575012,"comment_status":"","ping_status":"","sticky":false,"template":"","format":"standard","meta":{"footnotes":""},"categories":[2818],"tags":[1111,11,2855,1777,674,1011,27,766,12,2636,25,32298],"class_list":{"0":"post-575011","1":"post","2":"type-post","3":"status-publish","4":"format-standard","5":"has-post-thumbnail","7":"category-nantes","8":"tag-actu","9":"tag-actualites","10":"tag-entrepreneuriat","11":"tag-eu","12":"tag-europe","13":"tag-fr","14":"tag-france","15":"tag-nantes","16":"tag-news","17":"tag-pays-de-la-loire","18":"tag-republique-francaise","19":"tag-travailleurs-independants"},"share_on_mastodon":{"url":"https:\/\/pubeurope.com\/@fr\/115654821356641335","error":""},"_links":{"self":[{"href":"https:\/\/www.europesays.com\/fr\/wp-json\/wp\/v2\/posts\/575011","targetHints":{"allow":["GET"]}}],"collection":[{"href":"https:\/\/www.europesays.com\/fr\/wp-json\/wp\/v2\/posts"}],"about":[{"href":"https:\/\/www.europesays.com\/fr\/wp-json\/wp\/v2\/types\/post"}],"author":[{"embeddable":true,"href":"https:\/\/www.europesays.com\/fr\/wp-json\/wp\/v2\/users\/2"}],"replies":[{"embeddable":true,"href":"https:\/\/www.europesays.com\/fr\/wp-json\/wp\/v2\/comments?post=575011"}],"version-history":[{"count":0,"href":"https:\/\/www.europesays.com\/fr\/wp-json\/wp\/v2\/posts\/575011\/revisions"}],"wp:featuredmedia":[{"embeddable":true,"href":"https:\/\/www.europesays.com\/fr\/wp-json\/wp\/v2\/media\/575012"}],"wp:attachment":[{"href":"https:\/\/www.europesays.com\/fr\/wp-json\/wp\/v2\/media?parent=575011"}],"wp:term":[{"taxonomy":"category","embeddable":true,"href":"https:\/\/www.europesays.com\/fr\/wp-json\/wp\/v2\/categories?post=575011"},{"taxonomy":"post_tag","embeddable":true,"href":"https:\/\/www.europesays.com\/fr\/wp-json\/wp\/v2\/tags?post=575011"}],"curies":[{"name":"wp","href":"https:\/\/api.w.org\/{rel}","templated":true}]}}