{"id":575019,"date":"2025-12-03T09:05:13","date_gmt":"2025-12-03T09:05:13","guid":{"rendered":"https:\/\/www.europesays.com\/fr\/575019\/"},"modified":"2025-12-03T09:05:13","modified_gmt":"2025-12-03T09:05:13","slug":"hackathon-epitech-elysee-cinq-projets-primes-pour-optimiser-la-strategie-vaccinale-epitech-toulouse-remporte-le-premier-prix","status":"publish","type":"post","link":"https:\/\/www.europesays.com\/fr\/575019\/","title":{"rendered":"Hackathon Epitech-Elys\u00e9e\u00a0: cinq projets prim\u00e9s pour optimiser la strat\u00e9gie vaccinale, Epitech Toulouse remporte le premier prix"},"content":{"rendered":"<p>\n                                                                    l&rsquo;essentiel<br \/>\n                                                                \u00c0 l\u2019issue d\u2019une finale organis\u00e9e au Palais de l\u2019Alma, la Pr\u00e9sidence de la R\u00e9publique et Epitech ont d\u00e9voil\u00e9 les laur\u00e9ats du premier hackathon national d\u00e9di\u00e9 \u00e0 l\u2019IA et aux donn\u00e9es publiques. Cinq \u00e9quipes \u00e9tudiantes sont distingu\u00e9es pour leurs solutions d\u2019optimisation de la strat\u00e9gie vaccinale contre la grippe.\n                            <\/p>\n<p>Epitech et la Pr\u00e9sidence de la R\u00e9publique ont pr\u00e9sent\u00e9 les laur\u00e9ats du hackathon national \u00ab\u00a0Donn\u00e9es publiques au service de l\u2019int\u00e9r\u00eat g\u00e9n\u00e9ral\u00a0\u00bb, un \u00e9v\u00e9nement in\u00e9dit organis\u00e9 avec le DataLab de l\u2019\u00c9lys\u00e9e et qui marque une \u00e9tape importante dans la collaboration entre l\u2019\u00c9tat et les Grandes \u00c9coles d\u2019informatique. La finale, tenue le 1er\u00a0d\u00e9cembre 2025 au Palais de l\u2019Alma, cl\u00f4t trois jours d\u2019immersion intensive consacr\u00e9s \u00e0 l\u2019optimisation de la strat\u00e9gie vaccinale contre la grippe gr\u00e2ce aux donn\u00e9es massives et \u00e0 l\u2019intelligence artificielle.<\/p>\n<p>Du 20 au 22\u00a0octobre, les 15 campus Epitech implant\u00e9s en France ont simultan\u00e9ment accueilli la premi\u00e8re phase du hackathon. Sur les 6\u00a0000 \u00e9tudiants mobilis\u00e9s dans l\u2019ensemble de l\u2019\u00e9cole, 850 ont \u00e9t\u00e9 s\u00e9lectionn\u00e9s pour travailler sur un d\u00e9fi d\u2019int\u00e9r\u00eat public\u00a0: anticiper les besoins en vaccins, fluidifier la logistique territoriale, am\u00e9liorer l\u2019acc\u00e8s aux soins et renforcer la d\u00e9cision publique gr\u00e2ce \u00e0 des mod\u00e8les pr\u00e9dictifs. Encadr\u00e9es par les experts du DataLab, les \u00e9quipes ont produit des prototypes exploitant analyses multi-\u00e9chelles, visualisations avanc\u00e9es et simulations \u00e9pid\u00e9miques.<\/p>\n<p>Trois prix principaux et deux prix coup de c\u0153ur<\/p>\n<p>\u00c0 l\u2019issue de la finale nationale, trois prix principaux et deux prix coup de c\u0153ur ont \u00e9t\u00e9 d\u00e9cern\u00e9s. Le 1er Prix revient \u00e0 l\u2019\u00e9quipe IOS (Epitech Toulouse) pour une plateforme de visualisation et de pr\u00e9diction de la grippe int\u00e9grant des widgets personnalisables selon les besoins des utilisateurs. Le groupe est compos\u00e9 de Franck Agbessi, Gabriel Basso, Juliette Klicki, Th\u00e9o Laffage et David Vaucheret. Il est \u00e9galement pr\u00e9vu que ces \u00e9tudiants soient invit\u00e9s d\u00e9but 2026 \u00e0 visiter le Palais de l\u2019Alma en pr\u00e9sence de repr\u00e9sentants de la Pr\u00e9sidence.<\/p>\n<p>Le 2e Prix distingue le projet Hexavax (Epitech Lille), un outil centralis\u00e9 d\u2019analyse destin\u00e9 \u00e0 optimiser les campagnes vaccinales et la gestion des stocks en pharmacie, avec un suivi temporel fin et des visualisations territoriales. L\u2019\u00e9quipe r\u00e9unit Dorian Perrier, L\u00e9o Stalhberger, Manon Fournier, Nils Dass et Thomas Keirssemaeker. Le 3e Prix revient au campus Epitech Rennes\u00a0: leur solution d\u2019IA vise \u00e0 pr\u00e9dire les cas de grippe et \u00e0 affiner les traitements pour les chercheurs n\u00e9cessitant une granularit\u00e9 pouss\u00e9e. Elle est port\u00e9e par Yannis Djaffer, Th\u00e9o Lordelot, Matis Geran, Abdou-Aziz-Daback Ba et Antoine Morin.<\/p>\n<p>Deux prix coup de c\u0153ur compl\u00e8tent le palmar\u00e8s. Le prix \u00ab\u00a0Originalit\u00e9\u00a0\u00bb distingue le campus Epitech Montpellier pour un dispositif analysant la couverture vaccinale en int\u00e9grant le ressenti de la population via des enqu\u00eates et des donn\u00e9es issues des r\u00e9seaux sociaux, port\u00e9 par Elodie Damiens, Amina Taguia, Geoffrey Deparcy, Ma\u00eblle Chiarello et Elvin Fodjo Foko. Le prix \u00ab\u00a0Pragmatisme\u00a0\u00bb r\u00e9compense EPILitix (Epitech Strasbourg), un outil de simulation \u00e9pid\u00e9mique con\u00e7u pour aider autorit\u00e9s et agences r\u00e9gionales de sant\u00e9 \u00e0 s\u00e9lectionner les strat\u00e9gies de lutte les plus adapt\u00e9es, gr\u00e2ce \u00e0 l\u2019int\u00e9gration des flux de population. Le projet r\u00e9unit Martin Faliu, Philippe Deson, Ruben Beyer et Sarah Comble.<\/p>\n<p>Un partenariat autour de l\u2019IA et de la donn\u00e9e<\/p>\n<p>Cet \u00e9v\u00e9nement s\u2019inscrit dans le partenariat lanc\u00e9 d\u00e9but 2024 entre Epitech et le DataLab de la Pr\u00e9sidence, qui vise \u00e0 int\u00e9grer IA, Big Data et innovations num\u00e9riques au sein de l\u2019institution. Au-del\u00e0 des hackathons, ce programme pr\u00e9voit stages, projets d\u2019application, participation d\u2019experts de l\u2019\u00c9tat aux jurys acad\u00e9miques et cr\u00e9ation de prototypes susceptibles d\u2019\u00e9voluer vers des \u00ab\u00a0startups d\u2019\u00c9tat\u00a0\u00bb.<\/p>\n","protected":false},"excerpt":{"rendered":"l&rsquo;essentiel \u00c0 l\u2019issue d\u2019une finale organis\u00e9e au Palais de l\u2019Alma, la Pr\u00e9sidence de la R\u00e9publique et Epitech ont&hellip;\n","protected":false},"author":2,"featured_media":575020,"comment_status":"","ping_status":"","sticky":false,"template":"","format":"standard","meta":{"footnotes":""},"categories":[2816],"tags":[1111,11,33,1777,674,1011,27,2722,68934,223,12,2680,25,2312],"class_list":{"0":"post-575019","1":"post","2":"type-post","3":"status-publish","4":"format-standard","5":"has-post-thumbnail","7":"category-toulouse","8":"tag-actu","9":"tag-actualites","10":"tag-economie","11":"tag-eu","12":"tag-europe","13":"tag-fr","14":"tag-france","15":"tag-haute-garonne","16":"tag-innovation-high-tech","17":"tag-intelligence-artificielle","18":"tag-news","19":"tag-occitanie","20":"tag-republique-francaise","21":"tag-toulouse"},"share_on_mastodon":{"url":"https:\/\/pubeurope.com\/@fr\/115654841210830852","error":""},"_links":{"self":[{"href":"https:\/\/www.europesays.com\/fr\/wp-json\/wp\/v2\/posts\/575019","targetHints":{"allow":["GET"]}}],"collection":[{"href":"https:\/\/www.europesays.com\/fr\/wp-json\/wp\/v2\/posts"}],"about":[{"href":"https:\/\/www.europesays.com\/fr\/wp-json\/wp\/v2\/types\/post"}],"author":[{"embeddable":true,"href":"https:\/\/www.europesays.com\/fr\/wp-json\/wp\/v2\/users\/2"}],"replies":[{"embeddable":true,"href":"https:\/\/www.europesays.com\/fr\/wp-json\/wp\/v2\/comments?post=575019"}],"version-history":[{"count":0,"href":"https:\/\/www.europesays.com\/fr\/wp-json\/wp\/v2\/posts\/575019\/revisions"}],"wp:featuredmedia":[{"embeddable":true,"href":"https:\/\/www.europesays.com\/fr\/wp-json\/wp\/v2\/media\/575020"}],"wp:attachment":[{"href":"https:\/\/www.europesays.com\/fr\/wp-json\/wp\/v2\/media?parent=575019"}],"wp:term":[{"taxonomy":"category","embeddable":true,"href":"https:\/\/www.europesays.com\/fr\/wp-json\/wp\/v2\/categories?post=575019"},{"taxonomy":"post_tag","embeddable":true,"href":"https:\/\/www.europesays.com\/fr\/wp-json\/wp\/v2\/tags?post=575019"}],"curies":[{"name":"wp","href":"https:\/\/api.w.org\/{rel}","templated":true}]}}