{"id":575021,"date":"2025-12-03T09:06:42","date_gmt":"2025-12-03T09:06:42","guid":{"rendered":"https:\/\/www.europesays.com\/fr\/575021\/"},"modified":"2025-12-03T09:06:42","modified_gmt":"2025-12-03T09:06:42","slug":"un-stolperstein-en-hommage-a-jean-lebas","status":"publish","type":"post","link":"https:\/\/www.europesays.com\/fr\/575021\/","title":{"rendered":"Un Stolperstein en hommage \u00e0 Jean Lebas"},"content":{"rendered":"<p class=\"introduction\">Ce vendredi 28 novembre, un hommage a \u00e9t\u00e9 rendu \u00e0 Jean Lebas, figure majeure de l\u2019histoire roubaisienne et nationale, \u00e0 l\u2019occasion de la pose devant son dernier domicile roubaisien d\u2019un Stolperstein, ces pav\u00e9s m\u00e9moriels qui rappellent le parcours des victimes du nazisme.<\/p>\n<p>Un enfant de Roubaix devenu figure du socialisme municipal<\/p>\n<p data-start=\"679\" data-end=\"949\">N\u00e9 \u00e0 Roubaix le <strong data-start=\"695\" data-end=\"714\">24 octobre 1878<\/strong> dans une famille ouvri\u00e8re, Jean Lebas grandit au c\u0153ur des r\u00e9alit\u00e9s sociales les plus dures. Tr\u00e8s t\u00f4t sensibilis\u00e9 aux injustices, il adh\u00e8re \u00e0 18 ans au Parti Ouvrier Fran\u00e7ais, puis rejoint la SFIO lors de la r\u00e9unification socialiste.<\/p>\n<p data-start=\"951\" data-end=\"1329\">En <strong data-start=\"954\" data-end=\"962\">1912<\/strong>, \u00e0 seulement 33 ans, il devient <strong data-start=\"995\" data-end=\"1015\">maire de Roubaix<\/strong>. Il y d\u00e9ploie un v\u00e9ritable \u00ab socialisme municipal \u00bb : d\u00e9veloppement de logements ouvriers, cr\u00e9ation de dispensaires, lutte contre la tuberculose, am\u00e9lioration de l\u2019hygi\u00e8ne publique, inspection m\u00e9dicale scolaire, fonds municipal de ch\u00f4mage\u2026 Son action transforme profond\u00e9ment les conditions de vie des Roubaisiens.<\/p>\n<p data-start=\"1381\" data-end=\"1584\">\u00c9lu d\u00e9put\u00e9 en 1919, Jean Lebas \u00e9tend son engagement \u00e0 l\u2019\u00e9chelle nationale. En 1936, il devient <strong data-start=\"1476\" data-end=\"1499\">ministre du Travail<\/strong> dans le gouvernement de L\u00e9on Blum. Il participe alors \u00e0 des r\u00e9formes historiques :<\/p>\n<ul>\n<li data-start=\"1587\" data-end=\"1614\"><strong data-start=\"1587\" data-end=\"1611\">semaine de 40 heures<\/strong>,<\/li>\n<li data-start=\"1587\" data-end=\"1614\"><strong data-start=\"1617\" data-end=\"1642\">premiers cong\u00e9s pay\u00e9s<\/strong>,<\/li>\n<li data-start=\"1587\" data-end=\"1614\">d\u00e9veloppement des assurances sociales<\/li>\n<li data-start=\"1587\" data-end=\"1614\">conventions collectives.<\/li>\n<\/ul>\n<p data-start=\"1719\" data-end=\"1841\">Il occupe ensuite le portefeuille des <strong data-start=\"1757\" data-end=\"1764\">PTT<\/strong> en 1937\u20131938. Son action marque durablement l\u2019histoire sociale de la France.<\/p>\n<p>R\u00e9sistance et d\u00e9portation<\/p>\n<p data-start=\"1875\" data-end=\"2355\">D\u00e8s 1940, Jean Lebas refuse l\u2019assujettissement au r\u00e9gime de Vichy et s\u2019engage pleinement dans la <strong data-start=\"1972\" data-end=\"1986\">R\u00e9sistance<\/strong>. Il contribue \u00e0 la refondation de la SFIO clandestine et lance le journal L\u2019Homme libre. Le <strong data-start=\"2081\" data-end=\"2096\">21 mai 1941<\/strong>, il est arr\u00eat\u00e9 par la Gestapo avec plusieurs membres de sa famille. Apr\u00e8s plusieurs mois d\u2019incarc\u00e9ration en France, Belgique et Allemagne, il est condamn\u00e9 \u00e0 trois ans de travaux forc\u00e9s puis envoy\u00e9 au camp de <strong data-start=\"2307\" data-end=\"2321\">Sonnenburg<\/strong>, o\u00f9 il meurt le <strong data-start=\"2338\" data-end=\"2354\">10 mars 1944<\/strong>.<\/p>\n<p data-start=\"2357\" data-end=\"2502\">En 1951, ses cendres sont rapatri\u00e9es \u00e0 Roubaix, o\u00f9 un monument et plusieurs lieux (avenue, coll\u00e8ge, \u00e9quipements publics) perp\u00e9tuent sa m\u00e9moire.<\/p>\n<p>Un hommage citoyen et p\u00e9dagogique<\/p>\n<p data-start=\"2543\" data-end=\"2991\">L\u2019hommage rendu ce vendredi 28 novembre 2025 s\u2019inscrit au c\u0153ur de ce devoir de m\u00e9moire. Au-del\u00e0 de la pose du Stolperstein, les \u00e9l\u00e8ves de 3\u1d49 du <strong data-start=\"2670\" data-end=\"2701\">coll\u00e8ge Jean-Baptiste Lebas<\/strong>, accompagn\u00e9s par l\u2019association <a href=\"https:\/\/www.facebook.com\/p\/Les-amis-de-Jean-Baptiste-Lebas-100081149040248\/\" target=\"_blank\" rel=\"noopener\"><strong data-start=\"2733\" data-end=\"2768\">Les Amis de Jean-Baptiste Lebas<\/strong><\/a>, ont r\u00e9alis\u00e9 une <strong data-start=\"2786\" data-end=\"2800\">exposition<\/strong> et des <strong data-start=\"2808\" data-end=\"2820\">podcasts<\/strong> retra\u00e7ant son parcours. Apr\u00e8s la lecture de ses derni\u00e8res lettres, ils ont inaugur\u00e9 une nouvelle <strong data-start=\"2918\" data-end=\"2960\">salle culturelle \u201cJean-Baptiste Lebas\u201d<\/strong> au sein de leur \u00e9tablissement.<\/p>\n","protected":false},"excerpt":{"rendered":"Ce vendredi 28 novembre, un hommage a \u00e9t\u00e9 rendu \u00e0 Jean Lebas, figure majeure de l\u2019histoire roubaisienne et&hellip;\n","protected":false},"author":2,"featured_media":575022,"comment_status":"","ping_status":"","sticky":false,"template":"","format":"standard","meta":{"footnotes":""},"categories":[2815],"tags":[1111,11,24831,1777,674,1011,27,811,4879,1307,12,25,68935],"class_list":{"0":"post-575021","1":"post","2":"type-post","3":"status-publish","4":"format-standard","5":"has-post-thumbnail","7":"category-lille","8":"tag-actu","9":"tag-actualites","10":"tag-devoir-de-memoire","11":"tag-eu","12":"tag-europe","13":"tag-fr","14":"tag-france","15":"tag-hauts-de-france","16":"tag-hommage","17":"tag-lille","18":"tag-news","19":"tag-republique-francaise","20":"tag-stolperstein"},"share_on_mastodon":{"url":"https:\/\/pubeurope.com\/@fr\/115654844981003754","error":""},"_links":{"self":[{"href":"https:\/\/www.europesays.com\/fr\/wp-json\/wp\/v2\/posts\/575021","targetHints":{"allow":["GET"]}}],"collection":[{"href":"https:\/\/www.europesays.com\/fr\/wp-json\/wp\/v2\/posts"}],"about":[{"href":"https:\/\/www.europesays.com\/fr\/wp-json\/wp\/v2\/types\/post"}],"author":[{"embeddable":true,"href":"https:\/\/www.europesays.com\/fr\/wp-json\/wp\/v2\/users\/2"}],"replies":[{"embeddable":true,"href":"https:\/\/www.europesays.com\/fr\/wp-json\/wp\/v2\/comments?post=575021"}],"version-history":[{"count":0,"href":"https:\/\/www.europesays.com\/fr\/wp-json\/wp\/v2\/posts\/575021\/revisions"}],"wp:featuredmedia":[{"embeddable":true,"href":"https:\/\/www.europesays.com\/fr\/wp-json\/wp\/v2\/media\/575022"}],"wp:attachment":[{"href":"https:\/\/www.europesays.com\/fr\/wp-json\/wp\/v2\/media?parent=575021"}],"wp:term":[{"taxonomy":"category","embeddable":true,"href":"https:\/\/www.europesays.com\/fr\/wp-json\/wp\/v2\/categories?post=575021"},{"taxonomy":"post_tag","embeddable":true,"href":"https:\/\/www.europesays.com\/fr\/wp-json\/wp\/v2\/tags?post=575021"}],"curies":[{"name":"wp","href":"https:\/\/api.w.org\/{rel}","templated":true}]}}