{"id":575023,"date":"2025-12-03T09:08:19","date_gmt":"2025-12-03T09:08:19","guid":{"rendered":"https:\/\/www.europesays.com\/fr\/575023\/"},"modified":"2025-12-03T09:08:19","modified_gmt":"2025-12-03T09:08:19","slug":"une-pepite-a-bas-prix-le-losc-tente-sa-chance","status":"publish","type":"post","link":"https:\/\/www.europesays.com\/fr\/575023\/","title":{"rendered":"Une p\u00e9pite \u00e0 bas prix, le LOSC tente sa chance"},"content":{"rendered":"<p><b>Toujours \u00e0 la recherche de bonnes affaires \u00e0 moindre co\u00fbt, le LOSC a coch\u00e9 le nom d&rsquo;Isma\u00ebl Baouf (19 ans). Le d\u00e9fenseur central du SC Cambuur r\u00e9alise une saison impressionnante et s&rsquo;est attir\u00e9 des louanges pr\u00e9cieuses.<\/b><\/p>\n<p>Depuis de nombreuses ann\u00e9es, le <a href=\"https:\/\/www.foot01.com\/lille\" target=\"_self\" rel=\"noopener\">LOSC<\/a> s&rsquo;est b\u00e2ti une r\u00e9putation d&rsquo;un club qui cherche constamment \u00e0 renforcer son effectif avec des bonnes affaires, en allant notamment chercher des jeunes joueurs \u00e0 fort potentiel. On ne compte plus les exemples de plus-values importantes r\u00e9alis\u00e9es par le club nordiste. Et visiblement, la politique de recrutement n&rsquo;a pas chang\u00e9 avec cette nouvelle piste. Selon les informations d&rsquo;Africa Foot, les Dogues ont coch\u00e9 le nom d&rsquo;Isma\u00ebl Baouf, v\u00e9ritable sensation de la deuxi\u00e8me division n\u00e9erlandaise avec le SC Cambuur. A seulement 19 ans, il s&rsquo;est attir\u00e9 de nombreuses louanges autant que de convoitises venues de clubs europ\u00e9ens importants.Le LOSC regarde en D2 n\u00e9erlandaise<\/p>\n<p>Isma\u00ebl Baouf est sans aucun doute l&rsquo;un des noms \u00e0 suivre dans les prochaines ann\u00e9es. N\u00e9 en 2006 \u00e0 Charleroi en Belgique, ce d\u00e9fenseur central a quitt\u00e9 les jeunes d&rsquo;Anderlecht en ao\u00fbt dernier pour tenter de lancer sa carri\u00e8re sous la banni\u00e8re du SC Cambuur. Un pari r\u00e9ussi puisqu&rsquo;il enchaine les prestations de tr\u00e8s bonne facture avec son club en D2 n\u00e9erlandaise. Au point d&rsquo;attirer le regard du LOSC qui voit en lui l&rsquo;opportunit\u00e9 de renforcer sa d\u00e9fense \u00e0 moindre co\u00fbt, alors que Transfermarkt \u00e9value sa valeur marchande \u00e0 seulement 700 000 euros.<\/p>\n<p>Il est \u00e9galement \u00e0 noter qu&rsquo;Isma\u00ebl Baouf compte d\u00e9j\u00e0 17 s\u00e9lections avec le Maroc U20. \u00ab Ce gar\u00e7on est vraiment sp\u00e9cial. Je pense qu&rsquo;il est l&rsquo;un des meilleurs d\u00e9fenseurs de sa cat\u00e9gorie d&rsquo;\u00e2ge au monde. C&rsquo;est presque fou de se dire qu&rsquo;il joue pour Cambuur \u00bb, dit m\u00eame de lui Henk de Jong, son entraineur actuel. Une anomalie qui pourrait bient\u00f4t \u00eatre r\u00e9par\u00e9e, alors que le Borussia Dortmund, l&rsquo;Ajax Amsterdam, le Feyenoord, le Club Bruges et maintenant le LOSC, suivent ses prestations de tr\u00e8s pr\u00e8s.<\/p>\n","protected":false},"excerpt":{"rendered":"Toujours \u00e0 la recherche de bonnes affaires \u00e0 moindre co\u00fbt, le LOSC a coch\u00e9 le nom d&rsquo;Isma\u00ebl Baouf&hellip;\n","protected":false},"author":2,"featured_media":489901,"comment_status":"","ping_status":"","sticky":false,"template":"","format":"standard","meta":{"footnotes":""},"categories":[2815],"tags":[1111,11,1777,674,1011,27,811,1307,2267,1434,12,25],"class_list":{"0":"post-575023","1":"post","2":"type-post","3":"status-publish","4":"format-standard","5":"has-post-thumbnail","7":"category-lille","8":"tag-actu","9":"tag-actualites","10":"tag-eu","11":"tag-europe","12":"tag-fr","13":"tag-france","14":"tag-hauts-de-france","15":"tag-lille","16":"tag-losc","17":"tag-mercato","18":"tag-news","19":"tag-republique-francaise"},"share_on_mastodon":{"url":"https:\/\/pubeurope.com\/@fr\/115654852903249762","error":""},"_links":{"self":[{"href":"https:\/\/www.europesays.com\/fr\/wp-json\/wp\/v2\/posts\/575023","targetHints":{"allow":["GET"]}}],"collection":[{"href":"https:\/\/www.europesays.com\/fr\/wp-json\/wp\/v2\/posts"}],"about":[{"href":"https:\/\/www.europesays.com\/fr\/wp-json\/wp\/v2\/types\/post"}],"author":[{"embeddable":true,"href":"https:\/\/www.europesays.com\/fr\/wp-json\/wp\/v2\/users\/2"}],"replies":[{"embeddable":true,"href":"https:\/\/www.europesays.com\/fr\/wp-json\/wp\/v2\/comments?post=575023"}],"version-history":[{"count":0,"href":"https:\/\/www.europesays.com\/fr\/wp-json\/wp\/v2\/posts\/575023\/revisions"}],"wp:featuredmedia":[{"embeddable":true,"href":"https:\/\/www.europesays.com\/fr\/wp-json\/wp\/v2\/media\/489901"}],"wp:attachment":[{"href":"https:\/\/www.europesays.com\/fr\/wp-json\/wp\/v2\/media?parent=575023"}],"wp:term":[{"taxonomy":"category","embeddable":true,"href":"https:\/\/www.europesays.com\/fr\/wp-json\/wp\/v2\/categories?post=575023"},{"taxonomy":"post_tag","embeddable":true,"href":"https:\/\/www.europesays.com\/fr\/wp-json\/wp\/v2\/tags?post=575023"}],"curies":[{"name":"wp","href":"https:\/\/api.w.org\/{rel}","templated":true}]}}