{"id":575024,"date":"2025-12-03T09:09:13","date_gmt":"2025-12-03T09:09:13","guid":{"rendered":"https:\/\/www.europesays.com\/fr\/575024\/"},"modified":"2025-12-03T09:09:13","modified_gmt":"2025-12-03T09:09:13","slug":"algeries-retours-en-musique-seme-la-fraternite-a-marseille","status":"publish","type":"post","link":"https:\/\/www.europesays.com\/fr\/575024\/","title":{"rendered":"\u00ab Alg\u00e9rieS retours en musique \u00bb s\u00e8me la fraternit\u00e9 \u00e0 Marseille"},"content":{"rendered":"\n<p>Toutes les musiques de l\u2019Alg\u00e9rie ont r\u00e9sonn\u00e9 samedi aux Rotatives de La\u00a0Marseillaise. \u00c0 l\u2019invitation des Amis de La Marseillaise, Martial Pardo et Nacer Hamzaoui ont transport\u00e9 leur public de l\u2019autre c\u00f4t\u00e9 de la M\u00e9diterran\u00e9e et \u00e0 travers les \u00e9poques.<\/p>\n<p>L\u2019un est pied-noir, n\u00e9 \u00e0 Sidi Bel Abb\u00e8s \u00ab\u00a0le bastion des cheminots communistes\u00a0\u00bb, l\u2019autre est Alg\u00e9rien n\u00e9 dans la Casbah d\u2019Alger, fils d\u2019un ma\u00eetre du cha\u00e2bi, l\u2019amour de la musique les unit.<\/p>\n<p> Un si grand besoin d\u2019amiti\u00e9 entre les peuples\n              <\/p>\n<p>Le duo plein d\u2019humour et de tendresse nous entra\u00eene dans l\u2019histoire tumultueuse de l\u2019Alg\u00e9rie. L\u2019occasion aussi, de red\u00e9couvrir les emprunts de la langue fran\u00e7aise \u00e0 l\u2019arabe et de l\u2019arabe alg\u00e9rien \u00e0 la langue fran\u00e7aise, non sans \u00e9mouvoir aux larmes plusieurs spectateurs d\u2019un public constitu\u00e9 \u00e0 l\u2019image des deux comp\u00e8res.<\/p>\n<p>Salu\u00e9s par Serge Baroni, pr\u00e9sident des Amis de La\u00a0Marseillaise, les artistes sont aussi remerci\u00e9s par L\u00e9o Purguette, pr\u00e9sident et directeur \u00e9ditorial de La\u00a0Marseillaise, \u00ab\u00a0fier que ce spectacle se joue dans ces lieux o\u00f9 a \u00e9t\u00e9 imprim\u00e9 Alger R\u00e9publicain victime de censure coloniale\u00a0\u00bb. \u00ab\u00a0Au-del\u00e0 des gouvernements, un si grand besoin d\u2019amiti\u00e9 entre les peuples s\u2019exprime\u00a0\u00bb, a-t-il insist\u00e9.<\/p>\n","protected":false},"excerpt":{"rendered":"Toutes les musiques de l\u2019Alg\u00e9rie ont r\u00e9sonn\u00e9 samedi aux Rotatives de La\u00a0Marseillaise. \u00c0 l\u2019invitation des Amis de La&hellip;\n","protected":false},"author":2,"featured_media":575025,"comment_status":"","ping_status":"","sticky":false,"template":"","format":"standard","meta":{"footnotes":""},"categories":[2814],"tags":[1111,11,1777,674,1011,27,44358,884,12,882,25],"class_list":{"0":"post-575024","1":"post","2":"type-post","3":"status-publish","4":"format-standard","5":"has-post-thumbnail","7":"category-marseille","8":"tag-actu","9":"tag-actualites","10":"tag-eu","11":"tag-europe","12":"tag-fr","13":"tag-france","14":"tag-france-algerie","15":"tag-marseille","16":"tag-news","17":"tag-provence-alpes-cote-dazur","18":"tag-republique-francaise"},"share_on_mastodon":{"url":"https:\/\/pubeurope.com\/@fr\/115654856806828965","error":""},"_links":{"self":[{"href":"https:\/\/www.europesays.com\/fr\/wp-json\/wp\/v2\/posts\/575024","targetHints":{"allow":["GET"]}}],"collection":[{"href":"https:\/\/www.europesays.com\/fr\/wp-json\/wp\/v2\/posts"}],"about":[{"href":"https:\/\/www.europesays.com\/fr\/wp-json\/wp\/v2\/types\/post"}],"author":[{"embeddable":true,"href":"https:\/\/www.europesays.com\/fr\/wp-json\/wp\/v2\/users\/2"}],"replies":[{"embeddable":true,"href":"https:\/\/www.europesays.com\/fr\/wp-json\/wp\/v2\/comments?post=575024"}],"version-history":[{"count":0,"href":"https:\/\/www.europesays.com\/fr\/wp-json\/wp\/v2\/posts\/575024\/revisions"}],"wp:featuredmedia":[{"embeddable":true,"href":"https:\/\/www.europesays.com\/fr\/wp-json\/wp\/v2\/media\/575025"}],"wp:attachment":[{"href":"https:\/\/www.europesays.com\/fr\/wp-json\/wp\/v2\/media?parent=575024"}],"wp:term":[{"taxonomy":"category","embeddable":true,"href":"https:\/\/www.europesays.com\/fr\/wp-json\/wp\/v2\/categories?post=575024"},{"taxonomy":"post_tag","embeddable":true,"href":"https:\/\/www.europesays.com\/fr\/wp-json\/wp\/v2\/tags?post=575024"}],"curies":[{"name":"wp","href":"https:\/\/api.w.org\/{rel}","templated":true}]}}