{"id":575026,"date":"2025-12-03T09:10:22","date_gmt":"2025-12-03T09:10:22","guid":{"rendered":"https:\/\/www.europesays.com\/fr\/575026\/"},"modified":"2025-12-03T09:10:22","modified_gmt":"2025-12-03T09:10:22","slug":"a-marseille-la-vie-de-lespace-a-la-friche-la-belle-de-mai","status":"publish","type":"post","link":"https:\/\/www.europesays.com\/fr\/575026\/","title":{"rendered":"\u00c0 Marseille, \u00ab La vie de l\u2019Espace \u00bb \u00e0 la Friche la Belle de Mai"},"content":{"rendered":"<p>                    <img loading=\"lazy\" decoding=\"async\" src=\"https:\/\/www.europesays.com\/fr\/wp-content\/uploads\/2025\/12\/f3b72fa43b0834b0f02d69df6680f9.png\" class=\"img-responsive post-image\" width=\"680\" height=\"510\" alt=\"\u00c0 Marseille, \u00ab La vie (\u2026)\" title=\"\u00c0 Marseille, \u00ab La vie de l'Espace \u00bb \u00e0 la Friche la Belle de Mai\"\/><\/p>\n<p class=\"chapo\">L\u2019Observatoire de l\u2019Espace du Centre national d\u2019\u00e9tudes spatiales (Cnes) organise \u00e0 la Friche la Belle de Mai \u00e0 Marseille jusqu\u2019au 11 janvier 2026, une exposition d\u2019art contemporain.<\/p>\n<p>L\u2019exposition \u00ab\u00a0La vie de l\u2019Espace\u00a0\u00bb r\u00e9unit seize artistes, \u00e9mergents ou \u00e9tablis, qui ont r\u00e9alis\u00e9 dans le cadre d\u2019une r\u00e9sidence de cr\u00e9ation \u00e0 l\u2019Observatoire de l\u2019Espace du Cnes, un voyage, r\u00e9el ou sp\u00e9culatif, dans le milieu extra-terrestre. Installation, sculpture, dessin, peinture, photographie ou vid\u00e9o, les \u0153uvres rassembl\u00e9es dans l\u2019exposition La vie de l\u2019Espace sont issues de la Collection d\u2019art contemporain de l\u2019Observatoire de l\u2019Espace du Cnes.<\/p>\n<p>Le parcours de l\u2019exposition<\/p>\n<p>Pour cette exposition, <strong>G\u00e9rard Azoulay<\/strong> invite le visiteur \u00ab\u00a0 \u00e0 s\u2019immiscer dans l\u2019Espace lui-m\u00eame, \u00e0 cheminer \u00e0 l\u2019int\u00e9rieur d\u2019un paysage \u00e9blouissant, parsem\u00e9 d\u2019\u00eelots sur lesquels les \u0153uvres des artistes entrent en dialogue avec les objets techniques de l\u2019aventure spatiale \u00a0\u00bb.<br class=\"autobr\"\/><br \/>\nVoyager dans l\u2019extra-terrestre, c\u2019est commencer par r\u00e9inventer les infrastructures spatiales, ce que font <strong>Sylvie Bonnot, Germain Marguillard et Beno\u00eet Pype<\/strong> et par les habiter \u00e0 l\u2019instar de Monster<br class=\"autobr\"\/><br \/>\n<strong>Chetwynd et Johan Decaix. Eduardo Kac, St\u00e9phane Thidet et Victoire Thierr\u00e9e<\/strong>, quant \u00e0 eux, \u00e9prouvent concr\u00e8tement la vie dans ce nouvel environnement et ses effets tandis que Cl\u00e9ment<br class=\"autobr\"\/><br \/>\nFourment, <strong>Gaspard Ma\u00eetrepierre et Rob Miles<\/strong> d\u00e9peignent aux humains d\u2019autres modes d\u2019existence dans ce milieu d\u00e9pourvu de pesanteur terrestre. <strong>Julien Pr\u00e9vieux <\/strong> s\u2019attelle \u00e0 \u00e9crire un nouveau droit de l\u2019Espace en m\u00eame temps que <strong>V\u00e9ronique B\u00e9land, Clara Cimelli, Justine Emard, et Lo\u00efc Pantaly <\/strong> laissent d\u2019autres qu\u2019humains agir en toute libert\u00e9.<\/p>\n","protected":false},"excerpt":{"rendered":"L\u2019Observatoire de l\u2019Espace du Centre national d\u2019\u00e9tudes spatiales (Cnes) organise \u00e0 la Friche la Belle de Mai \u00e0&hellip;\n","protected":false},"author":2,"featured_media":575027,"comment_status":"","ping_status":"","sticky":false,"template":"","format":"standard","meta":{"footnotes":""},"categories":[2814],"tags":[1111,11,2408,1777,674,1011,27,884,12,882,25],"class_list":{"0":"post-575026","1":"post","2":"type-post","3":"status-publish","4":"format-standard","5":"has-post-thumbnail","7":"category-marseille","8":"tag-actu","9":"tag-actualites","10":"tag-appels-d","11":"tag-eu","12":"tag-europe","13":"tag-fr","14":"tag-france","15":"tag-marseille","16":"tag-news","17":"tag-provence-alpes-cote-dazur","18":"tag-republique-francaise"},"share_on_mastodon":{"url":"https:\/\/pubeurope.com\/@fr\/115654862186246742","error":""},"_links":{"self":[{"href":"https:\/\/www.europesays.com\/fr\/wp-json\/wp\/v2\/posts\/575026","targetHints":{"allow":["GET"]}}],"collection":[{"href":"https:\/\/www.europesays.com\/fr\/wp-json\/wp\/v2\/posts"}],"about":[{"href":"https:\/\/www.europesays.com\/fr\/wp-json\/wp\/v2\/types\/post"}],"author":[{"embeddable":true,"href":"https:\/\/www.europesays.com\/fr\/wp-json\/wp\/v2\/users\/2"}],"replies":[{"embeddable":true,"href":"https:\/\/www.europesays.com\/fr\/wp-json\/wp\/v2\/comments?post=575026"}],"version-history":[{"count":0,"href":"https:\/\/www.europesays.com\/fr\/wp-json\/wp\/v2\/posts\/575026\/revisions"}],"wp:featuredmedia":[{"embeddable":true,"href":"https:\/\/www.europesays.com\/fr\/wp-json\/wp\/v2\/media\/575027"}],"wp:attachment":[{"href":"https:\/\/www.europesays.com\/fr\/wp-json\/wp\/v2\/media?parent=575026"}],"wp:term":[{"taxonomy":"category","embeddable":true,"href":"https:\/\/www.europesays.com\/fr\/wp-json\/wp\/v2\/categories?post=575026"},{"taxonomy":"post_tag","embeddable":true,"href":"https:\/\/www.europesays.com\/fr\/wp-json\/wp\/v2\/tags?post=575026"}],"curies":[{"name":"wp","href":"https:\/\/api.w.org\/{rel}","templated":true}]}}