{"id":575028,"date":"2025-12-03T09:11:11","date_gmt":"2025-12-03T09:11:11","guid":{"rendered":"https:\/\/www.europesays.com\/fr\/575028\/"},"modified":"2025-12-03T09:11:11","modified_gmt":"2025-12-03T09:11:11","slug":"est-de-lyon-un-livreur-braque-puis-ligote-sur-la-route-900-telephones-voles","status":"publish","type":"post","link":"https:\/\/www.europesays.com\/fr\/575028\/","title":{"rendered":"Est de Lyon : un livreur braqu\u00e9 puis ligot\u00e9 sur la route, 900 t\u00e9l\u00e9phones vol\u00e9s"},"content":{"rendered":"<p>Install\u00e9 au volant d&rsquo;un fourgon, un livreur a \u00e9t\u00e9 braqu\u00e9 sur la route, lundi 1er d\u00e9cembre, entre Satolas-et-Bonce et Grenay, \u00e0 l&rsquo;est de Lyon. Les auteurs ont d\u00e9rob\u00e9 pr\u00e8s de 900 t\u00e9l\u00e9phones portables.<\/p>\n<p>C&rsquo;est une sc\u00e8ne digne d&rsquo;un film ou d&rsquo;une s\u00e9rie. Et elle s&rsquo;est jou\u00e9e \u00e0 l&rsquo;<b>est de Lyon<\/b>, entre les communes is\u00e9roises de <b>Satolas-et-Bonce<\/b> et <b>Grenay<\/b>, lundi soir, vers 19h.\u00a0<\/p>\n<p>Alors qu&rsquo;il circulait \u00e0 faible vitesse avec son fourgon, un livreur a vu d\u00e9barquer sur la route plusieurs personnes encagoul\u00e9es lui intimant l&rsquo;ordre de s&rsquo;arr\u00eater.\u00a0<\/p>\n<p>Un butin estim\u00e9 \u00e0 plusieurs centaines de milliers d&rsquo;euros<\/p>\n<p><b>Braqu\u00e9<\/b> par un individu arm\u00e9, il a ensuite \u00e9t\u00e9 <b>ligot\u00e9<\/b>, permettant ensuite aux malfaiteurs de d\u00e9rober la marchandise transport\u00e9e, \u00e0 savoir pr\u00e8s de <b>900 t\u00e9l\u00e9phones portables<\/b>, selon le <a class=\"url\" href=\"https:\/\/c.ledauphine.com\/faits-divers-justice\/2025\/12\/02\/un-livreur-braque-et-ligote-des-centaines-de-milliers-d-euros-en-telephones-portables-derobes\" target=\"_blank\" rel=\"noopener\">Dauphin\u00e9 Lib\u00e9r\u00e9<\/a>.\u00a0<\/p>\n<p>Une fois le butin &#8211; estim\u00e9 \u00e0 <b>plusieurs centaines de milliers d&rsquo;euros<\/b> &#8211; charg\u00e9, les malfrats ont quitt\u00e9 les lieux en laissant sur place le livreur, qui a fini par r\u00e9ussir \u00e0 se d\u00e9faire des liens qui le bloquaient.\u00a0<\/p>\n<p>Les <b>gendarmes<\/b> de la section de recherches de <b>Grenoble<\/b> sont charg\u00e9s de l&rsquo;enqu\u00eate.\u00a0<\/p>\n<p><img loading=\"lazy\" decoding=\"async\" src=\"https:\/\/www.europesays.com\/fr\/wp-content\/uploads\/2025\/12\/1764753071_682_img\" width=\"350\" height=\"200\" border=\"0\" title=\"Les d\u00c3\u00a9corations de No\u00c3\u00abl \u00c3\u00a0 Bourgoin-Jallieu\"\/><\/p>\n<p>\u25baFaits divers<\/p>\n<p style=\"font-size: 22px;\"><b>Bourgoin-Jallieu : qui a vol\u00e9 les d\u00e9cos de No\u00ebl ?<\/b><\/p>\n<p>A peine install\u00e9es, elles ont d\u00e9j\u00e0 disparu. Les&#8230;<\/p>\n<p><\/p>\n","protected":false},"excerpt":{"rendered":"Install\u00e9 au volant d&rsquo;un fourgon, un livreur a \u00e9t\u00e9 braqu\u00e9 sur la route, lundi 1er d\u00e9cembre, entre Satolas-et-Bonce&hellip;\n","protected":false},"author":2,"featured_media":575029,"comment_status":"","ping_status":"","sticky":false,"template":"","format":"standard","meta":{"footnotes":""},"categories":[1889],"tags":[1111,11,2430,6941,1777,674,1011,27,25830,15583,6760,2428,12,25,25262,48656,1175],"class_list":{"0":"post-575028","1":"post","2":"type-post","3":"status-publish","4":"format-standard","5":"has-post-thumbnail","7":"category-lyon","8":"tag-actu","9":"tag-actualites","10":"tag-auvergne-rhone-alpes","11":"tag-braquage","12":"tag-eu","13":"tag-europe","14":"tag-fr","15":"tag-france","16":"tag-grenay","17":"tag-isre","18":"tag-livreur","19":"tag-lyon","20":"tag-news","21":"tag-republique-francaise","22":"tag-satolas-et-bonce","23":"tag-tlphone","24":"tag-vol"},"share_on_mastodon":{"url":"https:\/\/pubeurope.com\/@fr\/115654865400229236","error":""},"_links":{"self":[{"href":"https:\/\/www.europesays.com\/fr\/wp-json\/wp\/v2\/posts\/575028","targetHints":{"allow":["GET"]}}],"collection":[{"href":"https:\/\/www.europesays.com\/fr\/wp-json\/wp\/v2\/posts"}],"about":[{"href":"https:\/\/www.europesays.com\/fr\/wp-json\/wp\/v2\/types\/post"}],"author":[{"embeddable":true,"href":"https:\/\/www.europesays.com\/fr\/wp-json\/wp\/v2\/users\/2"}],"replies":[{"embeddable":true,"href":"https:\/\/www.europesays.com\/fr\/wp-json\/wp\/v2\/comments?post=575028"}],"version-history":[{"count":0,"href":"https:\/\/www.europesays.com\/fr\/wp-json\/wp\/v2\/posts\/575028\/revisions"}],"wp:featuredmedia":[{"embeddable":true,"href":"https:\/\/www.europesays.com\/fr\/wp-json\/wp\/v2\/media\/575029"}],"wp:attachment":[{"href":"https:\/\/www.europesays.com\/fr\/wp-json\/wp\/v2\/media?parent=575028"}],"wp:term":[{"taxonomy":"category","embeddable":true,"href":"https:\/\/www.europesays.com\/fr\/wp-json\/wp\/v2\/categories?post=575028"},{"taxonomy":"post_tag","embeddable":true,"href":"https:\/\/www.europesays.com\/fr\/wp-json\/wp\/v2\/tags?post=575028"}],"curies":[{"name":"wp","href":"https:\/\/api.w.org\/{rel}","templated":true}]}}