{"id":575042,"date":"2025-12-03T09:19:14","date_gmt":"2025-12-03T09:19:14","guid":{"rendered":"https:\/\/www.europesays.com\/fr\/575042\/"},"modified":"2025-12-03T09:19:14","modified_gmt":"2025-12-03T09:19:14","slug":"avoirs-russes-geles-nous-avons-le-sentiment-de-ne-pas-avoir-ete-entendus","status":"publish","type":"post","link":"https:\/\/www.europesays.com\/fr\/575042\/","title":{"rendered":"Avoirs russes gel\u00e9s : \u00ab\u00a0Nous avons le sentiment de ne pas avoir \u00e9t\u00e9 entendus\u00a0\u00bb"},"content":{"rendered":"<p class=\"ap-StoryElement ap-StoryElement--mb ap-StoryText\">La Belgique abrite l&rsquo;institution financi\u00e8re <a href=\"https:\/\/www.lalibre.be\/economie\/entreprises-startup\/2025\/11\/13\/euroclear-et-actifs-russes-geles-la-face-cachee-de-la-bataille-de-bart-de-wever-QXFHP77HM5DRDEK6Q4UYVBXW3A\/\" target=\"_self\" rel=\"noopener\">Euroclear<\/a> au sein de laquelle se trouve la majorit\u00e9 des avoirs russes gel\u00e9s dans l&rsquo;UE. La Belgique craint les cons\u00e9quences juridiques et financi\u00e8res d&rsquo;une utilisation de ces avoirs et ne souhaite pas assumer la charge astronomique d&rsquo;un remboursement \u00e0 la Russie en cas de r\u00e9solution du conflit.<\/p>\n<p class=\"ap-StoryElement ap-StoryElement--mb ap-StoryText\"> \u00ab\u00a0Nous avons besoin de garanties et d&rsquo;une mutualisation des risques, au-del\u00e0 d&rsquo;Euroclear et de la Belgique\u00a0\u00bb, a r\u00e9p\u00e9t\u00e9 <a href=\"https:\/\/www.lalibre.be\/actualite\/personne\/maxime-prevot\/\" target=\"_blank\" rel=\"noreferrer noopener\">Maxime Pr\u00e9vot<\/a> devant la presse internationale. \u00ab\u00a0Nos inqui\u00e9tudes sont l\u00e9gitimes et raisonnables. Il n&rsquo;est pas acceptable d&rsquo;utiliser cet argent et de nous laisser seuls face au risque financier.\u00a0\u00bb<\/p>\n","protected":false},"excerpt":{"rendered":"La Belgique abrite l&rsquo;institution financi\u00e8re Euroclear au sein de laquelle se trouve la majorit\u00e9 des avoirs russes gel\u00e9s&hellip;\n","protected":false},"author":2,"featured_media":575043,"comment_status":"","ping_status":"","sticky":false,"template":"","format":"standard","meta":{"footnotes":""},"categories":[1591],"tags":[11,674,1887,9467,12,1885,1886,132],"class_list":{"0":"post-575042","1":"post","2":"type-post","3":"status-publish","4":"format-standard","5":"has-post-thumbnail","7":"category-russie","8":"tag-actualites","9":"tag-europe","10":"tag-federation-de-russie","11":"tag-finances","12":"tag-news","13":"tag-russia","14":"tag-russian-federation","15":"tag-russie"},"share_on_mastodon":{"url":"https:\/\/pubeurope.com\/@fr\/115654896331521294","error":""},"_links":{"self":[{"href":"https:\/\/www.europesays.com\/fr\/wp-json\/wp\/v2\/posts\/575042","targetHints":{"allow":["GET"]}}],"collection":[{"href":"https:\/\/www.europesays.com\/fr\/wp-json\/wp\/v2\/posts"}],"about":[{"href":"https:\/\/www.europesays.com\/fr\/wp-json\/wp\/v2\/types\/post"}],"author":[{"embeddable":true,"href":"https:\/\/www.europesays.com\/fr\/wp-json\/wp\/v2\/users\/2"}],"replies":[{"embeddable":true,"href":"https:\/\/www.europesays.com\/fr\/wp-json\/wp\/v2\/comments?post=575042"}],"version-history":[{"count":0,"href":"https:\/\/www.europesays.com\/fr\/wp-json\/wp\/v2\/posts\/575042\/revisions"}],"wp:featuredmedia":[{"embeddable":true,"href":"https:\/\/www.europesays.com\/fr\/wp-json\/wp\/v2\/media\/575043"}],"wp:attachment":[{"href":"https:\/\/www.europesays.com\/fr\/wp-json\/wp\/v2\/media?parent=575042"}],"wp:term":[{"taxonomy":"category","embeddable":true,"href":"https:\/\/www.europesays.com\/fr\/wp-json\/wp\/v2\/categories?post=575042"},{"taxonomy":"post_tag","embeddable":true,"href":"https:\/\/www.europesays.com\/fr\/wp-json\/wp\/v2\/tags?post=575042"}],"curies":[{"name":"wp","href":"https:\/\/api.w.org\/{rel}","templated":true}]}}