{"id":575044,"date":"2025-12-03T09:20:34","date_gmt":"2025-12-03T09:20:34","guid":{"rendered":"https:\/\/www.europesays.com\/fr\/575044\/"},"modified":"2025-12-03T09:20:34","modified_gmt":"2025-12-03T09:20:34","slug":"de-gaza-a-lukraine-la-methode-trump-pour-regler-les-conflits","status":"publish","type":"post","link":"https:\/\/www.europesays.com\/fr\/575044\/","title":{"rendered":"De Gaza \u00e0 l\u2019Ukraine, la m\u00e9thode Trump pour r\u00e9gler les conflits"},"content":{"rendered":"\n<p>Jeudi 4\u00a0d\u00e9cembre, Donald Trump doit recevoir \u00e0 la Maison-Blanche le pr\u00e9sident de la R\u00e9publique d\u00e9mocratique du Congo (RDC) et son homologue rwandais. F\u00e9lix Tshisekedi et Paul Kagame viennent signer \u00e0 Washington un accord cens\u00e9 mettre fin au conflit qui ravage l\u2019est de la RDC, sous l\u2019\u00e9gide des \u00c9tats-Unis et du Qatar. En juillet, un <a href=\"https:\/\/www.courrierinternational.com\/article\/conflit-un-rapport-onusien-reduit-l-accord-de-paix-entre-le-rwanda-et-la-rdc-a-un-ecran-de-fumee_232729\" target=\"_blank\" rel=\"noopener\">rapport de l\u2019ONU avait qualifi\u00e9 cet accord d\u2019\u201c\u00e9cran de fum\u00e9e\u201d<\/a> quand le quotidien guin\u00e9en <strong>Le Djely <\/strong><a href=\"https:\/\/www.courrierinternational.com\/article\/kivu-accord-de-paix-rd-congo-m23-un-enieme-mirage-dans-un-desert-de-violences_233329\" target=\"_blank\" rel=\"noopener\">\u00e9voquait \u201cun mirage dans un d\u00e9sert de violences\u201d<\/a>.<\/p>\n<p>De tout cela, le pr\u00e9sident am\u00e9ricain n\u2019a cure, lui qui poursuit sa croisade pour imposer partout \u201csa\u201d paix en intervenant sur tous les fronts. \u00c0 l\u2019en croire, il aurait d\u00e9j\u00e0 mis fin \u00e0 huit conflits en \u00e0 peine quelques mois\u00a0: Isra\u00ebl-Hamas, Isra\u00ebl-Iran, Inde-Pakistan, Arm\u00e9nie-Azerba\u00efdjan, \u00c9gypte-\u00c9thiopie, Tha\u00eflande-Cambodge, Serbie-Kosovo et RDC-Rwanda, donc. Et il ne compte pas en rester l\u00e0\u00a0: \u00e0 la demande de Mohammed ben Salmane, le prince h\u00e9ritier saoudien re\u00e7u en grande pompe lui aussi \u00e0 la Maison-Blanche, il s\u2019est \u00e9galement saisi de la\u00a0question du Soudan.<\/p>\n<p>Donald Trump est-il pour autant un faiseur de paix digne d\u2019un prix Nobel\u00a0? La r\u00e9alit\u00e9 est \u00e9videmment plus complexe. C\u2019est ce que nous d\u00e9cryptons cette semaine dans notre dossier apr\u00e8s que le pr\u00e9sident am\u00e9ricain a sorti de son chapeau, le 20\u00a0novembre, son fameux plan en 28\u00a0points pour mettre fin \u00e0 la guerre en Ukraine. Pass\u00e9 le toll\u00e9 suscit\u00e9 \u00e0 Kiev et en Europe par cette initiative tr\u00e8s favorable \u00e0 Moscou, et qui a \u00e9t\u00e9 largement amend\u00e9e depuis, les discussions ont pourtant repris dans un cadre et un sc\u00e9nario aux airs de d\u00e9j\u00e0-vu. \u201cLe projet propos\u00e9 par Trump pour mettre fin \u00e0 la guerre de la Russie en Ukraine s\u2019inspire directement de la m\u00e9thode employ\u00e9e \u00e0 Gaza, \u00e9crit ainsi <strong>The Wall Street Journal.<\/strong>\u00a0Entre pressions personnelles et ultimatums serr\u00e9s, il tente d\u2019imposer un plan \u00e0 deux bellig\u00e9rants r\u00e9ticents.\u201d<\/p>\n<p>En Ukraine comme \u00e0 Gaza, Donald Trump applique la m\u00eame m\u00e9thode pour imposer une paix qui soit, dans tous les cas, favorable aux int\u00e9r\u00eats am\u00e9ricains. C\u2019est m\u00eame un pr\u00e9requis. \u00c0\u00a0chaque accord de paix ou engagement \u00e0 l\u2019international, l\u2019administration Trump n\u00e9gocie une contrepartie profitant aux \u00c9tats-Unis, souligne le <strong>Financial Times. <\/strong>C\u2019est encore le cas avec le plan sur l\u2019Ukraine, explique le quotidien, auquel n\u2019a pas \u00e9chapp\u00e9 une \u201cclause financi\u00e8re [qui] sort du lot\u00a0: les \u00c9tats-Unis recevraient 50\u00a0% des recettes issues d\u2019un fonds constitu\u00e9 de 100\u00a0milliards de dollars d\u2019actifs russes gel\u00e9s qui viendraient financer des investissements am\u00e9ricains pour reconstruire l\u2019Ukraine\u201d.<\/p>\n<p>Une diplomatie \u00e0 but lucratif qui s\u2019appuie sur des n\u00e9gociateurs peu conventionnels\u00a0: le duo d\u2019hommes d\u2019affaires Steve Witkoff-Jared Kushner (le gendre de Trump). Avec un troisi\u00e8me homme, au c\u0153ur de la politique \u00e9trang\u00e8re am\u00e9ricaine\u00a0: Marco Rubio. Le secr\u00e9taire d\u2019\u00c9tat et conseiller \u00e0 la s\u00e9curit\u00e9 nationale \u201cjoue le r\u00f4le de faucon vis-\u00e0-vis de Caracas et endosse celui de colombe vis-\u00e0-vis de Kiev\u201d, juge <a class=\"ithalc\" data-ithal=\"lien_externe\" data-ithalc=\"[nav_article]\" target=\"_blank\" href=\"https:\/\/english.elpais.com\/usa\/2025-11-26\/marco-rubios-dual-role-a-hawk-in-venezuela-a-dove-in-ukraine.html\" rel=\"noopener\">l\u2019\u00e9dition am\u00e9ricaine du quotidien espagnol <strong>El Pa\u00eds<\/strong><\/a><strong>.<\/strong><\/p>\n<p>Cela marche-t-il\u00a0? C\u2019est toute la question. Mais ce qui est s\u00fbr, c\u2019est que Donald Trump fait bouger les lignes. Alors que les \u00c9tats-Unis, au pr\u00e9texte de lutter contre le narcotrafic, ont d\u00e9ploy\u00e9 15\u00a0000\u00a0hommes dans les Cara\u00efbes pour faire pression sur le Venezuela, tout en maniant la carotte et le b\u00e2ton de Buenos Aires \u00e0 Mexico, on assiste \u201c\u00e0 une reconfiguration politique d\u2019un bout \u00e0 l\u2019autre du continent am\u00e9ricain, explique le <strong>New York Times.<\/strong> De nombreux dirigeants ont retourn\u00e9 leur veste pour s\u2019aligner sur Trump \u2013 avec de belles r\u00e9compenses en retour \u2013 ou ont mis leur gouvernement en ordre de bataille pour l\u2019affronter.\u201d<\/p>\n<p>Mi-novembre, le Conseil de s\u00e9curit\u00e9 de l\u2019ONU, jusque-l\u00e0 tr\u00e8s r\u00e9serv\u00e9, a pourtant vot\u00e9 massivement en faveur du plan am\u00e9ricain pour Gaza. Au Venezuela, Nicol\u00e1s Maduro semble plus que jamais sur la sellette, sans que personne n\u2019y trouve \u00e0 redire. En Ukraine, le plan propos\u00e9 par Trump, tr\u00e8s en faveur de la Russie, sert de base de discussion, m\u00eame si tout reste \u00e0 faire.<\/p>\n<p>La paix (mais quelle paix\u00a0?) finira-t-elle l\u00e0 aussi par s\u2019imposer par la force (et le chantage)\u00a0? Peut-\u00eatre. En Russie, Andre\u00ef Kortounov, membre du club Valda\u00ef \u2013 un influent forum de discussion, cr\u00e9\u00e9 \u00e0 l\u2019initiative du Kremlin, sur la place de la Russie dans le monde \u2013, \u00e9crit que Moscou va devoir \u201ccomposer avec cette incertitude permanente faite de sous-entendus et d\u2019ambigu\u00eft\u00e9s, assum\u00e9es ou non\u201d. Et que cela ne sera pas sans difficult\u00e9. Un article de<strong>\u00a0Nezavissima\u00efa Gazeta <\/strong>traduit du russe dans notre dossier.<\/p>\n<p>Dans <strong>Foreign Policy, <\/strong>Suzanne Nossel, une politologue qui a travaill\u00e9 pour le gouvernement Obama, estimait, elle, r\u00e9cemment que la diplomatie con\u00e7ue comme une \u201cperformance\u201d pouvait parfois porter ses fruits. \u00c0 quel prix\u00a0? <\/p>\n","protected":false},"excerpt":{"rendered":"Jeudi 4\u00a0d\u00e9cembre, Donald Trump doit recevoir \u00e0 la Maison-Blanche le pr\u00e9sident de la R\u00e9publique d\u00e9mocratique du Congo (RDC)&hellip;\n","protected":false},"author":2,"featured_media":575045,"comment_status":"","ping_status":"","sticky":false,"template":"","format":"standard","meta":{"footnotes":""},"categories":[1590],"tags":[11,3822,27137,75,1777,674,1892,3257,12,3518,770,220,337],"class_list":{"0":"post-575044","1":"post","2":"type-post","3":"status-publish","4":"format-standard","5":"has-post-thumbnail","7":"category-ukraine","8":"tag-actualites","9":"tag-amu00e9riques","10":"tag-conflit-israu00e9lo-palestinien","11":"tag-donald-trump","12":"tag-eu","13":"tag-europe","14":"tag-gu00e9opolitique","15":"tag-moyen-orient","16":"tag-news","17":"tag-palestine","18":"tag-u00e9tats-unis","19":"tag-ukraine","20":"tag-venezuela"},"share_on_mastodon":{"url":"https:\/\/pubeurope.com\/@fr\/115654899984099540","error":""},"_links":{"self":[{"href":"https:\/\/www.europesays.com\/fr\/wp-json\/wp\/v2\/posts\/575044","targetHints":{"allow":["GET"]}}],"collection":[{"href":"https:\/\/www.europesays.com\/fr\/wp-json\/wp\/v2\/posts"}],"about":[{"href":"https:\/\/www.europesays.com\/fr\/wp-json\/wp\/v2\/types\/post"}],"author":[{"embeddable":true,"href":"https:\/\/www.europesays.com\/fr\/wp-json\/wp\/v2\/users\/2"}],"replies":[{"embeddable":true,"href":"https:\/\/www.europesays.com\/fr\/wp-json\/wp\/v2\/comments?post=575044"}],"version-history":[{"count":0,"href":"https:\/\/www.europesays.com\/fr\/wp-json\/wp\/v2\/posts\/575044\/revisions"}],"wp:featuredmedia":[{"embeddable":true,"href":"https:\/\/www.europesays.com\/fr\/wp-json\/wp\/v2\/media\/575045"}],"wp:attachment":[{"href":"https:\/\/www.europesays.com\/fr\/wp-json\/wp\/v2\/media?parent=575044"}],"wp:term":[{"taxonomy":"category","embeddable":true,"href":"https:\/\/www.europesays.com\/fr\/wp-json\/wp\/v2\/categories?post=575044"},{"taxonomy":"post_tag","embeddable":true,"href":"https:\/\/www.europesays.com\/fr\/wp-json\/wp\/v2\/tags?post=575044"}],"curies":[{"name":"wp","href":"https:\/\/api.w.org\/{rel}","templated":true}]}}