{"id":575050,"date":"2025-12-03T09:24:23","date_gmt":"2025-12-03T09:24:23","guid":{"rendered":"https:\/\/www.europesays.com\/fr\/575050\/"},"modified":"2025-12-03T09:24:23","modified_gmt":"2025-12-03T09:24:23","slug":"allemagne-lactivite-dans-le-secteur-prive-ralentit-moins-que-prevu-en-novembre-03-12-2025-a-1007","status":"publish","type":"post","link":"https:\/\/www.europesays.com\/fr\/575050\/","title":{"rendered":"Allemagne : l&rsquo;activit\u00e9 dans le secteur priv\u00e9 ralentit moins que pr\u00e9vu en novembre &#8211; 03\/12\/2025 \u00e0 10:07"},"content":{"rendered":"<p>\n (AOF) &#8211; En Allemagne, l\u2019indice PMI des services a recul\u00e9 moins que pr\u00e9vu en novembre en passant de 54,6 \u00e0 53,1 points, l\u00e0 o\u00f9 les analystes redoutaient un repli plus marqu\u00e9 \u00e0 52,7 points. De son c\u00f4t\u00e9, l\u2019indice PMI composite, qui fait la synth\u00e8se entre le secteur manufacturier et celui des services, s\u2019est \u00e9tabli \u00e0 52,4 points, apr\u00e8s 53,9 points en octobre et des attentes \u00e0 52,1 points.\n<\/p>\n<p>\n Pour Cyrus de la Rubia, \u00e9conomiste en chef \u00e0 la Hamburg Commercial Bank : \u00a0\u00bb Le secteur des services devrait maintenir la croissance de l&rsquo;Allemagne juste au-dessus de z\u00e9ro au quatri\u00e8me trimestre. Toutefois, la dynamique de ce secteur a ralenti en novembre. Une des raisons est probablement que le secteur des services, sensible \u00e0 la consommation, p\u00e2tit du comportement de d\u00e9pense prudent des m\u00e9nages \u00ab\u00a0.\n<\/p>\n<p>\n Il ajoute : \u00a0\u00bb La poursuite de la croissance des nouvelles commandes sugg\u00e8re que l&rsquo;activit\u00e9 dans le secteur des services continuera \u00e9galement de progresser au dernier mois de l&rsquo;ann\u00e9e. Pour l&rsquo;an prochain, la politique budg\u00e9taire expansionniste, qui devrait aussi s&rsquo;accompagner de volumes d&rsquo;investissement plus \u00e9lev\u00e9s, devrait avoir des effets d&rsquo;entra\u00eenement positifs sur le secteur des services \u00ab\u00a0.<\/p>\n","protected":false},"excerpt":{"rendered":"(AOF) &#8211; En Allemagne, l\u2019indice PMI des services a recul\u00e9 moins que pr\u00e9vu en novembre en passant de&hellip;\n","protected":false},"author":2,"featured_media":8061,"comment_status":"","ping_status":"","sticky":false,"template":"","format":"standard","meta":{"footnotes":""},"categories":[1587],"tags":[400,11,672,398,408,1804,405,1805,1803,1777,674,1801,403,402,399,404,12,1802,401,406,407],"class_list":{"0":"post-575050","1":"post","2":"type-post","3":"status-publish","4":"format-standard","5":"has-post-thumbnail","7":"category-allemagne","8":"tag-action-cac-40","9":"tag-actualites","10":"tag-allemagne","11":"tag-bourse-de-paris","12":"tag-boursorama","13":"tag-bundesrepublik-deutschland","14":"tag-cotations","15":"tag-de","16":"tag-deutschland","17":"tag-eu","18":"tag-europe","19":"tag-germany","20":"tag-indices-devises","21":"tag-investir","22":"tag-investissement","23":"tag-marche-boursier","24":"tag-news","25":"tag-republique-federale-dallemagne","26":"tag-sicav","27":"tag-trackers","28":"tag-warrants"},"share_on_mastodon":{"url":"https:\/\/pubeurope.com\/@fr\/115654915891231839","error":""},"_links":{"self":[{"href":"https:\/\/www.europesays.com\/fr\/wp-json\/wp\/v2\/posts\/575050","targetHints":{"allow":["GET"]}}],"collection":[{"href":"https:\/\/www.europesays.com\/fr\/wp-json\/wp\/v2\/posts"}],"about":[{"href":"https:\/\/www.europesays.com\/fr\/wp-json\/wp\/v2\/types\/post"}],"author":[{"embeddable":true,"href":"https:\/\/www.europesays.com\/fr\/wp-json\/wp\/v2\/users\/2"}],"replies":[{"embeddable":true,"href":"https:\/\/www.europesays.com\/fr\/wp-json\/wp\/v2\/comments?post=575050"}],"version-history":[{"count":0,"href":"https:\/\/www.europesays.com\/fr\/wp-json\/wp\/v2\/posts\/575050\/revisions"}],"wp:featuredmedia":[{"embeddable":true,"href":"https:\/\/www.europesays.com\/fr\/wp-json\/wp\/v2\/media\/8061"}],"wp:attachment":[{"href":"https:\/\/www.europesays.com\/fr\/wp-json\/wp\/v2\/media?parent=575050"}],"wp:term":[{"taxonomy":"category","embeddable":true,"href":"https:\/\/www.europesays.com\/fr\/wp-json\/wp\/v2\/categories?post=575050"},{"taxonomy":"post_tag","embeddable":true,"href":"https:\/\/www.europesays.com\/fr\/wp-json\/wp\/v2\/tags?post=575050"}],"curies":[{"name":"wp","href":"https:\/\/api.w.org\/{rel}","templated":true}]}}