{"id":575068,"date":"2025-12-03T09:39:10","date_gmt":"2025-12-03T09:39:10","guid":{"rendered":"https:\/\/www.europesays.com\/fr\/575068\/"},"modified":"2025-12-03T09:39:10","modified_gmt":"2025-12-03T09:39:10","slug":"cest-dramatique-des-montagnes-artificielles-en-cours-de-construction-a-abu-dhabi","status":"publish","type":"post","link":"https:\/\/www.europesays.com\/fr\/575068\/","title":{"rendered":"\u00abC\u2019est dramatique\u00bb, des montagnes artificielles&#8230; en cours de construction \u00e0 Abu Dhabi"},"content":{"rendered":"<p>\n    <strong>LE SCAN SPORT &#8211; <\/strong>Pour les Championnats du monde de cyclisme \u00e0 Abou Dabi en 2028, les \u00c9mirats arabes unis ont pour projet de cr\u00e9er des montagnes artificielles. Une id\u00e9e qui ne pla\u00eet pas \u00e0 tout le monde.<\/p>\n<p class=\"fig-paragraph\">Des montagnes artificielles\u00a0? Depuis une semaine, la rumeur circule. Les\u00a0<a href=\"http:\/\/www.lefigaro.fr\/sports\/cyclisme\/cyclisme-une-montagne-artificielle-pour-transformer-le-trace-des-mondiaux-2028-a-abou-dabi-20251124\" data-fig-type=\"NewsFlash\" data-gtm-custom-categorie=\"navigation\" data-gtm-custom-action=\"crossclick\" data-gtm-custom-label=\"Contextuel\" data-gtm-event=\"customEventSPE\" data-fig-domain=\"LEFIGARO\" target=\"_blank\" rel=\"noopener\">Championnats du monde de cyclisme 2028\u00a0<\/a>\u00e0 Abou Dabi ne se feront pas sur du plat. Le probl\u00e8me \u00e9tant qu\u2019il n\u2019y a pas de relief dans cette partie du monde. Les \u00c9mirats arabes unis auraient donc pour id\u00e9e de cr\u00e9er de toutes pi\u00e8ces des montagnes et des collines artificielles pour leur trac\u00e9.<\/p>\n<p class=\"fig-paragraph\">C\u2019est Marca qui a sorti cette information mardi dernier. Le m\u00e9dia espagnol rapporte que Tim Merlier, un sprinteur belge voit depuis quelques ann\u00e9es une colline se former \u00e0 Al Wathba, au sud-est de Abou Dabi. En 2023, on parlait d\u2019une mont\u00e9e de 1,4km avec une pente atteignant les 9%. Mais d\u2019ici 2028, Marca r\u00e9v\u00e8le que cette montagne artificielle pourrait atteindre les 3,8km de longueur avec une pente allant jusqu\u2019\u00e0 13% dans les 250 derniers m\u00e8tres.<\/p>\n<p>                                            <a class=\"fig-a11y-skip\" href=\"#fig-a11y-skip-main-inarticle\" data-module=\"a11y-skip\" data-context=\"was @visible\"><br \/>\n    Passer la publicit\u00e9<br \/>\n<\/a>            <\/p>\n<p>                                            Des pentes \u00e0 10%\u00a0?<\/p>\n<p class=\"fig-paragraph\">Le m\u00e9dia espagnol explique aussi qu\u2019un autre grand projet se construit sur l\u2019\u00eele Hudayriyat avec aussi des pentes atteignant les 10%. Un relief qui devrait plaire \u00e0 un certain Tadej Pogacar, coureur chez&#8230; UAE-Emirates XRG.<\/p>\n<p class=\"fig-paragraph\">Un projet qui fait \u00e9norm\u00e9ment pol\u00e9mique dans le monde du cyclisme. Marc Madiot, ancien coureur fran\u00e7ais avait r\u00e9agi sur RMC\u00a0: \u00abJe ne suis pas un ayatollah de l\u2019\u00e9cologie mais il y a quand m\u00eame des bases et des r\u00e8gles \u00e9l\u00e9mentaires \u00e0 respecter. Qu\u2019il y ait un championnat du monde l\u00e0-bas, pourquoi pas. Mais si on en arrive \u00e0 ce type de situation, c\u2019est dramatique pour notre sport, et indirectement pour les autres.\u00bb<\/p>\n","protected":false},"excerpt":{"rendered":"LE SCAN SPORT &#8211; Pour les Championnats du monde de cyclisme \u00e0 Abou Dabi en 2028, les \u00c9mirats&hellip;\n","protected":false},"author":2,"featured_media":575069,"comment_status":"","ping_status":"","sticky":false,"template":"","format":"standard","meta":{"footnotes":""},"categories":[1411],"tags":[2212,1154,207,7714,1011,27,4977,60],"class_list":{"0":"post-575068","1":"post","2":"type-post","3":"status-publish","4":"format-standard","5":"has-post-thumbnail","7":"category-cyclisme","8":"tag-championnat-du-monde","9":"tag-cycling","10":"tag-cyclisme","11":"tag-emirats-arabes-unis","12":"tag-fr","13":"tag-france","14":"tag-le-scan-sport","15":"tag-sports"},"share_on_mastodon":{"url":"https:\/\/pubeurope.com\/@fr\/115654974905284405","error":""},"_links":{"self":[{"href":"https:\/\/www.europesays.com\/fr\/wp-json\/wp\/v2\/posts\/575068","targetHints":{"allow":["GET"]}}],"collection":[{"href":"https:\/\/www.europesays.com\/fr\/wp-json\/wp\/v2\/posts"}],"about":[{"href":"https:\/\/www.europesays.com\/fr\/wp-json\/wp\/v2\/types\/post"}],"author":[{"embeddable":true,"href":"https:\/\/www.europesays.com\/fr\/wp-json\/wp\/v2\/users\/2"}],"replies":[{"embeddable":true,"href":"https:\/\/www.europesays.com\/fr\/wp-json\/wp\/v2\/comments?post=575068"}],"version-history":[{"count":0,"href":"https:\/\/www.europesays.com\/fr\/wp-json\/wp\/v2\/posts\/575068\/revisions"}],"wp:featuredmedia":[{"embeddable":true,"href":"https:\/\/www.europesays.com\/fr\/wp-json\/wp\/v2\/media\/575069"}],"wp:attachment":[{"href":"https:\/\/www.europesays.com\/fr\/wp-json\/wp\/v2\/media?parent=575068"}],"wp:term":[{"taxonomy":"category","embeddable":true,"href":"https:\/\/www.europesays.com\/fr\/wp-json\/wp\/v2\/categories?post=575068"},{"taxonomy":"post_tag","embeddable":true,"href":"https:\/\/www.europesays.com\/fr\/wp-json\/wp\/v2\/tags?post=575068"}],"curies":[{"name":"wp","href":"https:\/\/api.w.org\/{rel}","templated":true}]}}