{"id":575070,"date":"2025-12-03T09:40:13","date_gmt":"2025-12-03T09:40:13","guid":{"rendered":"https:\/\/www.europesays.com\/fr\/575070\/"},"modified":"2025-12-03T09:40:13","modified_gmt":"2025-12-03T09:40:13","slug":"infirmerie-doue-apte-pour-les-3-derniers-matches-de-2025","status":"publish","type":"post","link":"https:\/\/www.europesays.com\/fr\/575070\/","title":{"rendered":"Infirmerie : Dou\u00e9 apte pour les 3 derniers matches de 2025 ?"},"content":{"rendered":"<p>Absent depuis la fin octobre, D\u00e9sir\u00e9 Dou\u00e9 pourrait bien faire son retour avant la fin de l&rsquo;ann\u00e9e civile, avec la possibilit\u00e9 qu&rsquo;il participe aux trois derniers matches du PSG si tout va bien.<\/p>\n<p>D\u00e9sir\u00e9 Dou\u00e9 \u00e9tait de passage \u00e0 Turin il y a peu pour le Golden Boy mais le jeune talent s&rsquo;est fait bien discret dans l&rsquo;ensemble depuis sa l\u00e9sion de grade 3 \u00e0 l&rsquo;ischio-jambier de la cuisse droite survenue\u00a0le 29 octobre dernier \u00e0\u00a0Lorient (1-1). Sorti le visage ferm\u00e9 comme rarement, le rayonnant Dou\u00e9 est en pleine convalescence et c&rsquo;est peu dire qu&rsquo;il se rapproche peu \u00e0 peu de la fin, plus d&rsquo;un mois apr\u00e8s sa blessure. Car le joueur va mieux, beaucoup mieux.<\/p>\n<blockquote class=\"twitter-tweet\">\n<p dir=\"ltr\" lang=\"fr\">Dou\u00e9 r\u00e9v\u00e8le son petit surnom dans le vestiaire du <a href=\"https:\/\/twitter.com\/hashtag\/PSG?src=hash&amp;ref_src=twsrc%5Etfw\" target=\"_blank\" rel=\"noopener\">#PSG<\/a> <a href=\"https:\/\/t.co\/2YkeiAcvLz\">https:\/\/t.co\/2YkeiAcvLz<\/a><\/p>\n<p>\u2014 CulturePSG (@CulturePSG) <a href=\"https:\/\/twitter.com\/CulturePSG\/status\/1995493402524483743?ref_src=twsrc%5Etfw\" target=\"_blank\" rel=\"noopener\">December 1, 2025<\/a><\/p><\/blockquote>\n<p>Retour d\u00e8s le 13 d\u00e9cembre ?<\/p>\n<p>Ces derni\u00e8res semaines, des \u00e9chos avaient filtr\u00e9 que D\u00e9sir\u00e9 Dou\u00e9 pourrait bien \u00eatre pr\u00eat pour la finale de la Coupe Intercontinentale au Qatar le mercredi 17 d\u00e9cembre prochain. La perspective de le voir participer \u00e0 ce match que le PSG jouera pour la premi\u00e8re fois semble de plus en plus r\u00e9elle comme le confirme L&rsquo;Equipe ce mardi soir. Et m\u00eame possiblement un peu avant puisque, selon le journal sportif, \u00ab les plus optimistes estiment m\u00eame que sa convocation \u00e0 Metz (le samedi 13 d\u00e9cembre) n&rsquo;est pas une hypoth\u00e8se totalement farfelue. \u00bb<\/p>\n<blockquote class=\"twitter-tweet\">\n<p dir=\"ltr\" lang=\"fr\">Le plateau de la Coupe Intercontinentale se pr\u00e9cise pour le <a href=\"https:\/\/twitter.com\/hashtag\/PSG?src=hash&amp;ref_src=twsrc%5Etfw\" target=\"_blank\" rel=\"noopener\">#PSG<\/a> <a href=\"https:\/\/t.co\/XZv3mJQrOn\">https:\/\/t.co\/XZv3mJQrOn<\/a><\/p>\n<p>\u2014 CulturePSG (@CulturePSG) <a href=\"https:\/\/twitter.com\/CulturePSG\/status\/1995114474018087159?ref_src=twsrc%5Etfw\" target=\"_blank\" rel=\"noopener\">November 30, 2025<\/a><\/p><\/blockquote>\n<p>Sachant qu&rsquo;il restera le 32e de finale de Coupe de France contre Vend\u00e9e Fontenay Foot quelques jours apr\u00e8s la Coupe Intercontinentale, D\u00e9sir\u00e9 Dou\u00e9 jouerait dans le meilleur des cas les trois derniers matches de 2025 du PSG, de quoi se remettre un peu dans le rythme avant de partir en vacances. Bien \u00e9videmment, aucune pression ne sera mise sur lui par le club, soucieux de retrouver un joueur parfaitement r\u00e9tabli avant de le refaire jouer.<\/p>\n<p>Mais alors que l&rsquo;heure du retour approche, Dou\u00e9 serait d\u00e9j\u00e0 en mesure de courir \u00e0 bonne intensit\u00e9 et finit sa r\u00e9\u00e9ducation en Suisse, en famille, plut\u00f4t qu&rsquo;au Qatar comme en septembre apr\u00e8s son souci au mollet qui lui avait d\u00e9j\u00e0 valu un mois et demi d&rsquo;absence. Le PSG est toujours dans les clous en Ligue 1 et surtout en Ligue des Champions, de quoi lui permettre de prendre son temps. Mais avec lui en plus, l&rsquo;\u00e9quipe prendra forc\u00e9ment une dimension bien sup\u00e9rieure.<\/p>\n<p><script async src=\"https:\/\/platform.twitter.com\/widgets.js\" charset=\"utf-8\"><\/script><\/p>\n","protected":false},"excerpt":{"rendered":"Absent depuis la fin octobre, D\u00e9sir\u00e9 Dou\u00e9 pourrait bien faire son retour avant la fin de l&rsquo;ann\u00e9e civile,&hellip;\n","protected":false},"author":2,"featured_media":508008,"comment_status":"","ping_status":"","sticky":false,"template":"","format":"standard","meta":{"footnotes":""},"categories":[1410],"tags":[63,1011,27,60],"class_list":{"0":"post-575070","1":"post","2":"type-post","3":"status-publish","4":"format-standard","5":"has-post-thumbnail","7":"category-football","8":"tag-football","9":"tag-fr","10":"tag-france","11":"tag-sports"},"share_on_mastodon":{"url":"https:\/\/pubeurope.com\/@fr\/115654978742239123","error":""},"_links":{"self":[{"href":"https:\/\/www.europesays.com\/fr\/wp-json\/wp\/v2\/posts\/575070","targetHints":{"allow":["GET"]}}],"collection":[{"href":"https:\/\/www.europesays.com\/fr\/wp-json\/wp\/v2\/posts"}],"about":[{"href":"https:\/\/www.europesays.com\/fr\/wp-json\/wp\/v2\/types\/post"}],"author":[{"embeddable":true,"href":"https:\/\/www.europesays.com\/fr\/wp-json\/wp\/v2\/users\/2"}],"replies":[{"embeddable":true,"href":"https:\/\/www.europesays.com\/fr\/wp-json\/wp\/v2\/comments?post=575070"}],"version-history":[{"count":0,"href":"https:\/\/www.europesays.com\/fr\/wp-json\/wp\/v2\/posts\/575070\/revisions"}],"wp:featuredmedia":[{"embeddable":true,"href":"https:\/\/www.europesays.com\/fr\/wp-json\/wp\/v2\/media\/508008"}],"wp:attachment":[{"href":"https:\/\/www.europesays.com\/fr\/wp-json\/wp\/v2\/media?parent=575070"}],"wp:term":[{"taxonomy":"category","embeddable":true,"href":"https:\/\/www.europesays.com\/fr\/wp-json\/wp\/v2\/categories?post=575070"},{"taxonomy":"post_tag","embeddable":true,"href":"https:\/\/www.europesays.com\/fr\/wp-json\/wp\/v2\/tags?post=575070"}],"curies":[{"name":"wp","href":"https:\/\/api.w.org\/{rel}","templated":true}]}}