{"id":575075,"date":"2025-12-03T09:44:11","date_gmt":"2025-12-03T09:44:11","guid":{"rendered":"https:\/\/www.europesays.com\/fr\/575075\/"},"modified":"2025-12-03T09:44:11","modified_gmt":"2025-12-03T09:44:11","slug":"nouvelle-crise-a-linfo-de-france-tele-apres-la-polemique-sur-complement-denquete-le-20h-de-france-2-mis-en-cause-apres-setre-fait-pieger-par-un-humoriste-regardez","status":"publish","type":"post","link":"https:\/\/www.europesays.com\/fr\/575075\/","title":{"rendered":"Nouvelle crise \u00e0 l&rsquo;info de France T\u00e9l\u00e9 : Apr\u00e8s la pol\u00e9mique sur \u00ab\u00a0Compl\u00e9ment d&rsquo;enqu\u00eate\u00a0\u00bb, le 20h de France 2 mis en cause apr\u00e8s s&rsquo;\u00eatre fait pi\u00e9ger par un humoriste &#8211; Regardez"},"content":{"rendered":"<p>\u00a0L&rsquo;information de France 2 se retrouve \u00e0 nouveau dans la temp\u00eate, apr\u00e8s les accusations port\u00e9es contre la fiabilit\u00e9 des informations et des t\u00e9moignages diffus\u00e9s la semaine derni\u00e8re dans \u00ab\u00a0Compl\u00e9ment d&rsquo;enqu\u00eate\u00a0\u00bb. Cette fois, c&rsquo;est donc le 20h de France 2 qui a \u00e9t\u00e9 mis en cause, dans un premier temps par un compte X sp\u00e9cialis\u00e9, Destination T\u00e9l\u00e9, qui \u00e9crit.\u00a0<\/p>\n<p>\u00ab\u00a0Exclusivit\u00e9 Destination T\u00e9l\u00e9. Vite un label \u00e0 FRANCE TV ! Lundi 1er d\u00e9cembre 20h37 JT 20h France 2 L\u00e9a Salam\u00e9 lance un reportage sur les accros aux bons plans avec un certain\u2026 Arnaud Rolland Il s\u2019agit en r\u00e9alit\u00e9 d\u2019un\u2026 prank !!!<\/p>\n<p>Arnaud Rolland est en effet un\u2026 humoriste : \u00ab\u00a0Mehdi Tu Connais\u00a0\u00bb qui a r\u00e9ussi \u00e0 duper toute la r\u00e9daction du journal de 20h de France 2.\u00a0 France TV c\u2019est 2,5 milliards\u20ac par an, 8 820 salari\u00e9s et des le\u00e7ons de journalisme \u00e0 la terre enti\u00e8re. Un naufrage !\u00a0\u00bb<\/p>\n<p data-start=\"0\" data-end=\"135\">Un prank est une farce ou une blague mise en sc\u00e8ne dans le but de surprendre, pi\u00e9ger ou faire rire aux d\u00e9pens de quelqu\u2019un.<\/p>\n<p data-start=\"137\" data-end=\"484\">En g\u00e9n\u00e9ral, il s\u2019agit d\u2019une situation pr\u00e9par\u00e9e \u00e0 l\u2019avance, souvent film\u00e9e, o\u00f9 la victime ne se doute de rien. Le but peut \u00eatre humoristique, provocateur ou simplement divertissant. Dans le langage d\u2019Internet, un prank renvoie surtout aux vid\u00e9os o\u00f9 quelqu\u2019un organise un canular, une mise en sc\u00e8ne ou un pi\u00e8ge pour cr\u00e9er une r\u00e9action spontan\u00e9e.<\/p>\n<p>Hier soir, \u00e0 la fin du 20h, L\u00e9a Salam\u00e9 a reconnu sans vraiment s&rsquo;\u00e9tendre que le 20h avait bien \u00e9tait pi\u00e9g\u00e9 :<\/p>\n<p>\u00ab\u00a0Nous tenions \u00e0 vous signaler qu&rsquo;hier, lors de notre reportage sur les bons plans et les promotions dans les supermarch\u00e9s, l&rsquo;une des personnes interview\u00e9es a tromp\u00e9 une de nos journalistes en falsifiant son identit\u00e9. Il s&rsquo;agissait en fait d&rsquo;un humoriste adepte de canulars\u00a0\u00bb.<\/p>\n<p>Le sujet en question du journal t\u00e9l\u00e9vis\u00e9, intitul\u00e9 \u00ab\u00a0Les champions des promos\u00a0\u00bb faisait la part belle \u00e0 un certain \u00ab\u00a0Arnaud Rolland\u00a0\u00bb.<\/p>\n<p>Film\u00e9 dans les rayons d&rsquo;un supermarch\u00e9, classeur de coupons de r\u00e9duction \u00e0 la main, ce trentenaire se f\u00e9licitait en caisse d&rsquo;avoir \u00e9conomis\u00e9 trois euros, sous le regard envieux d&rsquo;une autre cliente.<\/p>\n<p>La s\u00e9quence se cl\u00f4turait m\u00eame dans son appartement: \u00ab\u00a0A la fin du mois quand je fais mes comptes, je sais que je suis gagnant\u00a0\u00bb.<\/p>\n<p>Il s&rsquo;agissait en fait de l&rsquo;humoriste \u00ab\u00a0Mehdi tu connais\u00a0\u00bb, adepte de canulars en tous genres sur les r\u00e9seaux sociaux, qui a post\u00e9 des extraits de la vid\u00e9o sur Instagram et TikTok sous l&rsquo;intitul\u00e9 \u00ab\u00a0Je prank le JT de 20h00\u00a0\u00bb.<\/p>\n<p>Reste \u00e0 savoir comment le 20h de France 2 a pu ainsi \u00eatre dup\u00e9 pendant de longues heures par cette personne, sans que les journalistes ne se rendent compte de la supercherie<\/p>\n<p>La semaine derni\u00e8re, toujours sur France 2, c&rsquo;est l&rsquo;\u00e9mission Compl\u00e9ment d&rsquo;enqu\u00eate qui avait \u00e9t\u00e9 \u00e9pingl\u00e9e par l&rsquo;ARCOM. L&rsquo;\u00e9mission de Tristan Walecks avait \u00e9t\u00e9 mise en cause \u00e0 la fois dans le cadre d&rsquo;une ancienne \u00e9mission consacr\u00e9 au S\u00e9nat, mais \u00e9galement suite \u00e0 sa volont\u00e9 d&rsquo;utiliser une enqu\u00eate de Reporters sans fronti\u00e8re dans son \u00e9mission anti-Cnews, dont plusieurs invit\u00e9s avaient \u00e9galement pos\u00e9 questions.<\/p>\n<blockquote class=\"twitter-tweet\">\n<p lang=\"fr\" dir=\"ltr\">Arnaud Rolland est en effet un\u2026 humoriste :<br \/>\u00ab\u00a0Mehdi Tu Connais\u00a0\u00bb qui a r\u00e9ussi \u00e0 duper toute la r\u00e9daction du journal de 20h de France 2 <\/p>\n<p>France TV c\u2019est 2,5 milliards\u20ac par an, 8 820 salari\u00e9s<br \/>et des le\u00e7ons de journalisme \u00e0 la terre enti\u00e8re <br \/>Un naufrage\u2026 \u200d\ufe0f <a href=\"https:\/\/t.co\/vtYPbXVG2Q\">pic.twitter.com\/vtYPbXVG2Q<\/a><\/p>\n<p>\u2014 Destination T\u00e9l\u00e9 (@DestinationTele) <a href=\"https:\/\/twitter.com\/DestinationTele\/status\/1995918361826374130?ref_src=twsrc%5Etfw\" target=\"_blank\" rel=\"noopener\">December 2, 2025<\/a><\/p><\/blockquote>\n<p>          <script async src=\"https:\/\/platform.twitter.com\/widgets.js\" charset=\"utf-8\"><\/script><\/p>\n","protected":false},"excerpt":{"rendered":"\u00a0L&rsquo;information de France 2 se retrouve \u00e0 nouveau dans la temp\u00eate, apr\u00e8s les accusations port\u00e9es contre la fiabilit\u00e9&hellip;\n","protected":false},"author":2,"featured_media":575076,"comment_status":"","ping_status":"","sticky":false,"template":"","format":"standard","meta":{"footnotes":""},"categories":[1356],"tags":[46400,58,59,1011,27,2701,3775,252,1364],"class_list":{"0":"post-575075","1":"post","2":"type-post","3":"status-publish","4":"format-standard","5":"has-post-thumbnail","7":"category-television","8":"tag-20h","9":"tag-divertissement","10":"tag-entertainment","11":"tag-fr","12":"tag-france","13":"tag-humoriste","14":"tag-lu00e9a-salamu00e9","15":"tag-television","16":"tag-tv"},"share_on_mastodon":{"url":"https:\/\/pubeurope.com\/@fr\/115654994654861034","error":""},"_links":{"self":[{"href":"https:\/\/www.europesays.com\/fr\/wp-json\/wp\/v2\/posts\/575075","targetHints":{"allow":["GET"]}}],"collection":[{"href":"https:\/\/www.europesays.com\/fr\/wp-json\/wp\/v2\/posts"}],"about":[{"href":"https:\/\/www.europesays.com\/fr\/wp-json\/wp\/v2\/types\/post"}],"author":[{"embeddable":true,"href":"https:\/\/www.europesays.com\/fr\/wp-json\/wp\/v2\/users\/2"}],"replies":[{"embeddable":true,"href":"https:\/\/www.europesays.com\/fr\/wp-json\/wp\/v2\/comments?post=575075"}],"version-history":[{"count":0,"href":"https:\/\/www.europesays.com\/fr\/wp-json\/wp\/v2\/posts\/575075\/revisions"}],"wp:featuredmedia":[{"embeddable":true,"href":"https:\/\/www.europesays.com\/fr\/wp-json\/wp\/v2\/media\/575076"}],"wp:attachment":[{"href":"https:\/\/www.europesays.com\/fr\/wp-json\/wp\/v2\/media?parent=575075"}],"wp:term":[{"taxonomy":"category","embeddable":true,"href":"https:\/\/www.europesays.com\/fr\/wp-json\/wp\/v2\/categories?post=575075"},{"taxonomy":"post_tag","embeddable":true,"href":"https:\/\/www.europesays.com\/fr\/wp-json\/wp\/v2\/tags?post=575075"}],"curies":[{"name":"wp","href":"https:\/\/api.w.org\/{rel}","templated":true}]}}