{"id":575077,"date":"2025-12-03T09:45:24","date_gmt":"2025-12-03T09:45:24","guid":{"rendered":"https:\/\/www.europesays.com\/fr\/575077\/"},"modified":"2025-12-03T09:45:24","modified_gmt":"2025-12-03T09:45:24","slug":"bigflo-oli-seront-la-pour-la-30e-edition-de-garorock-en-2026-gims-et-mosimann-aussi","status":"publish","type":"post","link":"https:\/\/www.europesays.com\/fr\/575077\/","title":{"rendered":"Bigflo &#038; Oli seront l\u00e0 pour la 30e \u00e9dition de Garorock en 2026, Gims et Mosimann aussi"},"content":{"rendered":"<p>                    Par<br \/>\n        <strong><br \/>\n            <a href=\"https:\/\/actu.fr\/auteur\/jeremy-colin-actu-fr\" title=\"Consulter tous les articles de Jeremy Colin\" target=\"_blank\" rel=\"noopener\">Jeremy Colin<\/a><br \/>\n                    <\/strong><\/p>\n<p>        Publi\u00e9 le<\/p>\n<p>            2 d\u00e9c. 2025 \u00e0 18h31<br \/>\n        ; mis \u00e0 jour le 2 d\u00e9c. 2025 \u00e0 18h44    <\/p>\n<p>Le voile est d\u00e9sormais lev\u00e9 sur<b> la programmation de la 30e \u00e9dition<\/b> <a href=\"https:\/\/actu.fr\/tag\/garorock\" target=\"_blank\" rel=\"noopener\">de Garorock<\/a> qui aura lieu \u00e0 Marmande <a href=\"https:\/\/actu.fr\/le-republicain-lot-et-garonne\/\" target=\"_blank\" rel=\"noopener\">(Lot-et-Garonne)<\/a> du vendredi 26 au dimanche 28 juin 2026. Du moins en partie.<\/p>\n<p class=\" wall-content\">Ce sont en effet<b> dix premiers noms qui ont \u00e9t\u00e9 annonc\u00e9s ce mardi 2 d\u00e9cembre 2025 <\/b>par l\u2019organisation du festival, tandis qu\u2019une deuxi\u00e8me salve d\u2019artistes arrivera d\u00e8s la semaine prochaine.<\/p>\n<p>Des superstars du rap \u00e0 Garorock<\/p>\n<p class=\" wall-content\">Parmi les artistes et groupes annonc\u00e9s, huit d\u2019entre eux sont Fran\u00e7ais. <b>Gims sera probablement l\u2019un des plus attendus,<\/b> en cl\u00f4ture du festival, le dimanche soir.<\/p>\n<p class=\" wall-content\">Programm\u00e9 sur <b>de nombreux festivals l\u2019\u00e9t\u00e9 prochain<\/b>, il semblait fort probable que cette star, auteur d\u2019une multitude de tubes, vienne aussi se produire sur la sc\u00e8ne de la Filhole.<\/p>\n<p class=\" wall-content\">Si c\u2019est sa premi\u00e8re fois \u00e0 Garorock, l\u2019ancien membre de Sexion d\u2019assaut est d\u00e9j\u00e0 venu \u00e0 Marmande, <a href=\"https:\/\/actu.fr\/nouvelle-aquitaine\/marmande_47157\/le-rappeur-gims-en-showcase-au-tnt-a-marmande-au-mois-de-septembre_61470437.html\" target=\"_blank\" rel=\"noopener\">en showcase \u00e0 la discoth\u00e8que le TNT<\/a>, notamment en septembre\u00a02024.<\/p>\n<p>Vid\u00e9os : en ce moment sur Actu<br \/>\n    <a href=\"https:\/\/www.youtube.com\/embed\/7CGKeID7nRc?si=VtBXwQg_Qlf7HMf4\" title=\"Ouvrie le lien\" target=\"_blank\" rel=\"noopener\">Cliquez ici pour visualiser le contenu<\/a><\/p>\n<p class=\" wall-content\">D\u2019autres rappeurs fran\u00e7ais, d\u00e9j\u00e0 venus \u00e0 Garorock, seront \u00e9galement \u00e0 l\u2019affiche en 2026. Ce sera le cas de <a href=\"https:\/\/actu.fr\/tag\/bigflo-et-oli\" target=\"_blank\" rel=\"noopener\">Bigflo &amp; Oli<\/a> puisque les fr\u00e8res toulousains, <b>n\u00e9s \u00e0 Villeneuve-sur-Lot<\/b>, \u00e9taient pr\u00e9sents en 2019. Ils seront au programme le vendredi.<\/p>\n<p>Votre r\u00e9gion, votre actu !<\/p>\n<p>Recevez chaque jour les infos qui comptent pour vous.<\/p>\n<p>\t<a href=\"https:\/\/actu.fr\/newsletter\" class=\"ac-btn ac-btn--corner ac-btn--medium ac-btn--blue800\" target=\"_blank\" rel=\"noopener\">S&rsquo;incrire<\/a><\/p>\n<p class=\" wall-content\">Enfin, avant de remplir deux Stade de France les 4 et 5\u00a0septembre 2026, PLK fera aussi <a href=\"https:\/\/actu.fr\/nouvelle-aquitaine\/marmande_47157\/avant-de-remplir-le-stade-de-france-une-star-du-rap-francais-en-concert-dans-une-discotheque-a-marmande_63379735.html\" target=\"_blank\" rel=\"noopener\">son retour \u00e0 Marmande<\/a>, le samedi soir. <b>\u00c0 l\u2019affiche de Garorock en 2024<\/b>, il s\u2019est produit r\u00e9cemment en showcase au TNT.<\/p>\n<p>    <a href=\"https:\/\/www.youtube.com\/embed\/krJ7k1gG_28?si=wpgb7pv-iO8_6cVh\" title=\"Ouvrie le lien\" target=\"_blank\" rel=\"noopener\">Cliquez ici pour visualiser le contenu<\/a><\/p>\n<p>Des stars des r\u00e9seaux sociaux programm\u00e9es<\/p>\n<p class=\" wall-content\">Au programme \u00e9galement<b> de cette \u00e9dition 2026<\/b>, on trouvera des artistes symboles d\u2019une mutation de l\u2019industrie musicale, s\u2019\u00e9tant fait conna\u00eetre en partie gr\u00e2ce aux r\u00e9seaux sociaux.<\/p>\n<p class=\" wall-content\">C\u2019est notamment le cas du DJ fran\u00e7ais <a href=\"https:\/\/www.tiktok.com\/@mosimannofficial\" target=\"_blank\" rel=\"noopener\">Mosimann<\/a>, programm\u00e9 le premier soir. Vainqueur de la Star Academy en 2008 avant de s\u2019orienter vers l\u2019\u00e9lectro, <b>le producteur explose ces derniers mois<\/b> gr\u00e2ce \u00e0 ses vid\u00e9os sur TikTok.<\/p>\n<p class=\" wall-content\">L\u2019une des attractions sera aussi le chanteur britannique Tom Odell, \u00e0 l\u2019affiche le samedi soir, dont <b>le tube\u00a0Another Love\u00a0cumule plusieurs milliards de vues <\/b>en cumul\u00e9 sur les plateformes de streaming.<\/p>\n<p>    <a href=\"https:\/\/www.youtube.com\/embed\/MwpMEbgC7DA?si=8qDzD2OgdoxWV6m_\" title=\"Ouvrie le lien\" target=\"_blank\" rel=\"noopener\">Cliquez ici pour visualiser le contenu<\/a><\/p>\n<p class=\" wall-content\">Autre coqueluche des jeunes, <b>la rappeuse fran\u00e7aise Theodora<\/b> sera pour la premi\u00e8re fois \u00e0 Marmande sur la soir\u00e9e de dimanche. Son duo avec l\u2019iconique Disiz tourne en boucle sur les stations de radio.<\/p>\n<p>    <a href=\"https:\/\/www.youtube.com\/embed\/ll5uAeEanjY?si=pVnDt95fy0FoUpSR\" title=\"Ouvrie le lien\" target=\"_blank\" rel=\"noopener\">Cliquez ici pour visualiser le contenu<\/a><\/p>\n<p class=\" wall-content\">Enfin, les spectateurs de Garorock pourront applaudir c\u00f4t\u00e9 fran\u00e7ais, les rockeurs de Last Train, les DJ Thylacine et Nico Moreno. <b>C\u00f4t\u00e9 international<\/b>, l\u2019ensemble est compl\u00e9t\u00e9 par l\u2019Australien Timmy Trumpet qui <a href=\"https:\/\/actu.fr\/nouvelle-aquitaine\/marmande_47157\/de-la-pluie-et-une-ambiance-folle-la-troisieme-soiree-de-garorock-en-images_61277755.html\" target=\"_blank\" rel=\"noopener\">avait fait sensation en 2024<\/a> sur la Garonne Stage.<\/p>\n<p>    <a href=\"https:\/\/www.facebook.com\/plugins\/video.php?height=476&amp;href=https%3A%2F%2Fwww.facebook.com%2Freel%2F1160636892865795%2F&amp;show_text=false&amp;width=350&amp;t=0\" title=\"Ouvrie le lien\" target=\"_blank\" rel=\"noopener\">Cliquez ici pour visualiser le contenu<\/a><\/p>\n<p class=\" wall-content\">Pour cette \u00e9dition anniversaire, Garorock a par ailleurs annonc\u00e9 et <b>malgr\u00e9 le passage de quatre \u00e0 trois jours de concerts<\/b>, l\u2019organisation d\u2019une soir\u00e9e sp\u00e9ciale sur <a href=\"https:\/\/actu.fr\/nouvelle-aquitaine\/marmande_47157\/les-secrets-de-fabrication-de-ctrl-b-cette-nouvelle-scene-du-festival-garorock-qui-fait-le-buzz_62860616.html\" target=\"_blank\" rel=\"noopener\">la sc\u00e8ne CTRL+B<\/a>, le jeudi soir, en avant-premi\u00e8re du festival.<\/p>\n<p>Informations et billetterie sur <a href=\"https:\/\/www.garorock.com\/\" target=\"_blank\" rel=\"noopener\">garorock.com<\/a><\/p>\n<p class=\" wall-content\">Personnalisez votre actualit\u00e9 en ajoutant vos villes et m\u00e9dias en favori avec <a href=\"https:\/\/moncompte.actu.fr\" title=\"D\u00e9couvez Mon Actu\" rel=\"nofollow noopener\" data-trk=\"{&quot;cta&quot;:{&quot;action&quot;:&quot;https:\\\/\\\/moncompte.actu.fr&quot;,&quot;category&quot;:&quot;mon compte&quot;,&quot;from&quot;:&quot;article footer&quot;,&quot;name&quot;:&quot;Mon actu&quot;,&quot;type&quot;:&quot;cta&quot;}}\" target=\"_blank\">Mon Actu<\/a>.<\/p>\n<p>                    <script async src=\"\/\/www.tiktok.com\/embed.js\"><\/script><\/p>\n","protected":false},"excerpt":{"rendered":"Par Jeremy Colin Publi\u00e9 le 2 d\u00e9c. 2025 \u00e0 18h31 ; mis \u00e0 jour le 2 d\u00e9c. 2025&hellip;\n","protected":false},"author":2,"featured_media":575078,"comment_status":"","ping_status":"","sticky":false,"template":"","format":"standard","meta":{"footnotes":""},"categories":[1355],"tags":[7642,58,59,849,1011,27,14717,1652,1361,873],"class_list":{"0":"post-575077","1":"post","2":"type-post","3":"status-publish","4":"format-standard","5":"has-post-thumbnail","7":"category-musique","8":"tag-bigflo-et-oli","9":"tag-divertissement","10":"tag-entertainment","11":"tag-festival","12":"tag-fr","13":"tag-france","14":"tag-garorock","15":"tag-loisirs-culture","16":"tag-music","17":"tag-musique"},"share_on_mastodon":{"url":"https:\/\/pubeurope.com\/@fr\/115654998433879539","error":""},"_links":{"self":[{"href":"https:\/\/www.europesays.com\/fr\/wp-json\/wp\/v2\/posts\/575077","targetHints":{"allow":["GET"]}}],"collection":[{"href":"https:\/\/www.europesays.com\/fr\/wp-json\/wp\/v2\/posts"}],"about":[{"href":"https:\/\/www.europesays.com\/fr\/wp-json\/wp\/v2\/types\/post"}],"author":[{"embeddable":true,"href":"https:\/\/www.europesays.com\/fr\/wp-json\/wp\/v2\/users\/2"}],"replies":[{"embeddable":true,"href":"https:\/\/www.europesays.com\/fr\/wp-json\/wp\/v2\/comments?post=575077"}],"version-history":[{"count":0,"href":"https:\/\/www.europesays.com\/fr\/wp-json\/wp\/v2\/posts\/575077\/revisions"}],"wp:featuredmedia":[{"embeddable":true,"href":"https:\/\/www.europesays.com\/fr\/wp-json\/wp\/v2\/media\/575078"}],"wp:attachment":[{"href":"https:\/\/www.europesays.com\/fr\/wp-json\/wp\/v2\/media?parent=575077"}],"wp:term":[{"taxonomy":"category","embeddable":true,"href":"https:\/\/www.europesays.com\/fr\/wp-json\/wp\/v2\/categories?post=575077"},{"taxonomy":"post_tag","embeddable":true,"href":"https:\/\/www.europesays.com\/fr\/wp-json\/wp\/v2\/tags?post=575077"}],"curies":[{"name":"wp","href":"https:\/\/api.w.org\/{rel}","templated":true}]}}