{"id":575089,"date":"2025-12-03T09:51:22","date_gmt":"2025-12-03T09:51:22","guid":{"rendered":"https:\/\/www.europesays.com\/fr\/575089\/"},"modified":"2025-12-03T09:51:22","modified_gmt":"2025-12-03T09:51:22","slug":"sur-le-livret-a-roland-lescure-veut-rassurer-apres-un-rapport-de-la-cour-des-comptes","status":"publish","type":"post","link":"https:\/\/www.europesays.com\/fr\/575089\/","title":{"rendered":"Sur le Livret A, Roland Lescure veut rassurer apr\u00e8s un rapport de la Cour des comptes"},"content":{"rendered":"<p>        <img decoding=\"async\" loading=\"lazy\" src=\"https:\/\/www.europesays.com\/fr\/wp-content\/uploads\/2025\/12\/b443850_1712142782897-000-33dm3eb.jpg\"  width=\"728\" height=\"409\" alt=\"Roland Lescure veut rassurer sur le Livret A apr\u00e8s un rapport de la Cour des comptes\"\/>  <\/p>\n<p>DENIS CHARLET \/ AFP<\/p>\n<p>Roland Lescure veut rassurer sur le Livret A apr\u00e8s un rapport de la Cour des comptes<\/p>\n<p class=\"asset asset-text\">Le ministre de l\u2019\u00c9conomie et des Finances Roland Lescure a assur\u00e9 mardi 2\u00a0d\u00e9cembre que le gouvernement \u00ab\u00a0n\u2019envisageait absolument pas\u00a0\u00bb de toucher <a href=\"https:\/\/www.huffingtonpost.fr\/economie\/article\/taux-du-livret-a-voici-la-nouvelle-remuneration-du-compte-epargne-au-1er-aout-apres-une-baisse-drastique_252656.html\" target=\"_blank\" rel=\"noopener\">au fonctionnement du Livret A<\/a>. Contrairement \u00e0 ce que sugg\u00e8re le Conseil des pr\u00e9l\u00e8vements obligatoires, un organisme rattach\u00e9 \u00e0 la Cour des Comptes.<\/p>\n<p class=\"asset asset-text\">\u00ab\u00a0Les recommandations rendues publiques hier n\u2019engagent que la Cour des comptes et ne constituent en aucun cas la position du Gouvernement\u00a0\u00bb, assure-t-il dans un message post\u00e9 sur le r\u00e9seau social Bluesky.<\/p>\n<p class=\"asset asset-text\">Dans un rapport pr\u00e9sent\u00e9 lundi, le Conseil des pr\u00e9l\u00e8vements obligatoires (CPO) sugg\u00e8re de nombreuses pistes pour r\u00e9former la fiscalit\u00e9 du patrimoine, et notamment de modifier les <a href=\"https:\/\/www.huffingtonpost.fr\/economie\/article\/le-taux-du-livret-a-va-passer-a-2-4-au-lieu-de-3-a-partir-du-1er-fevrier-2025_244889.html\" target=\"_blank\" rel=\"noopener\">plafonds des livrets d\u2019\u00e9pargne r\u00e9glement\u00e9e<\/a> (Livret A, livret d\u2019\u00c9pargne Populaire-LEP&#8230;), en soumettant \u00e0 l\u2019imp\u00f4t ce qui d\u00e9passerait du plafond.<\/p>\n<p> La lecture de ce contenu est susceptible d\u2019entra\u00eener un d\u00e9p\u00f4t de cookies de la part de l\u2019op\u00e9rateur tiers qui l\u2019h\u00e9berge. Compte-tenu des choix que vous avez exprim\u00e9s en mati\u00e8re de d\u00e9p\u00f4t de cookies, nous avons bloqu\u00e9 l\u2019affichage de ce contenu. Si vous souhaitez y acc\u00e9der, vous devez accepter la cat\u00e9gorie de cookies \u201cContenus tiers\u201d en cliquant sur le bouton ci-dessous. <\/p>\n<p> Lire la Vid\u00e9o        <\/p>\n<p class=\"asset asset-text\">Cela permettrait, selon le CPO, d\u2019inciter \u00e0 r\u00e9orienter l\u2019\u00e9pargne populaire vers des investissements qu\u2019il juge plus efficaces pour l\u2019\u00e9conomie.<\/p>\n<p>                     Un \u00ab\u00a0outil central pour soutenir les m\u00e9nages\u00a0\u00bb    <\/p>\n<p class=\"asset asset-text\">\u00ab\u00a0Le Gouvernement n\u2019envisage absolument pas de toucher au fonctionnement du Livret A\u00a0: ni \u00e0 travers une r\u00e9duction de son plafond, ni par une fiscalisation, y compris partielle\u00a0\u00bb, assure Roland Lescure.<\/p>\n<p class=\"asset asset-text\">Pour lui, le Livret A est \u00ab\u00a0un <a href=\"https:\/\/www.huffingtonpost.fr\/economie\/article\/le-livret-a-boude-par-les-francais-en-janvier-et-il-y-a-plusieurs-raisons_246595.html\" target=\"_blank\" rel=\"noopener\">produit d\u2019\u00e9pargne populaire <\/a>essentiel, qui joue un r\u00f4le d\u00e9terminant dans le financement du logement social et du renouvellement urbain\u00a0\u00bb, et \u00ab\u00a0il constitue un outil central pour soutenir les m\u00e9nages qui en ont le plus besoin\u00a0\u00bb.<\/p>\n<p class=\"asset asset-text\">\u00ab\u00a0S\u2019agissant des pr\u00e9occupations exprim\u00e9es sur le pouvoir d\u2019achat\u00a0\u00bb, Roland Lescure rappelle dans son message toutes les mesures \u00ab\u00a0fortes\u00a0\u00bb qu\u2019avait prises le gouvernement pour lutter contre l\u2019inflation ces derni\u00e8res ann\u00e9es, comme le bouclier tarifaire ou les ch\u00e8ques \u00e9nergie.<\/p>\n<p>                     Bataille verbale avec le RN    <\/p>\n<p class=\"asset asset-text\">Le sujet est inflammable politiquement. Le ministre bataille ainsi verbalement depuis plusieurs jours avec le RN, dont le pr\u00e9sident Jordan Bardella a appel\u00e9 ses partisans \u00e0 \u00ab\u00a0se mobiliser\u00a0\u00bb contre un projet de hausse des certificats d\u2019\u00e9conomie d\u2019\u00e9nergie (CEE).<\/p>\n<p class=\"asset asset-text\">Celui-ci fera monter les prix du carburant \u00e0 la pompe de 4 \u00e0 6 centimes par litre en janvier, a pr\u00e9venu mercredi l\u2019Union fran\u00e7aise des industries p\u00e9troli\u00e8res (Ufip).<\/p>\n<p class=\"asset asset-text\">Rappelant que les CEE financent la transition \u00e9cologique des moins ais\u00e9s, Roland Lescure a accus\u00e9 Jordan Bardella, \u00ab\u00a0de ne pas savoir de quoi il parle ou de mentir comme un arracheur de dents\u00a0\u00bb, samedi sur BFMTV.<\/p>\n<p class=\"asset asset-text\">\u00ab\u00a0S\u2019il veut relayer la communication (des p\u00e9troliers) il peut le faire, mais il devrait plut\u00f4t utiliser la relation qu\u2019il a avec eux pour les convaincre de ne pas augmenter les prix\u00a0\u00bb du carburant, avait-il lanc\u00e9.<\/p>\n","protected":false},"excerpt":{"rendered":"DENIS CHARLET \/ AFP Roland Lescure veut rassurer sur le Livret A apr\u00e8s un rapport de la Cour&hellip;\n","protected":false},"author":2,"featured_media":575090,"comment_status":"","ping_status":"","sticky":false,"template":"","format":"standard","meta":{"footnotes":""},"categories":[6],"tags":[35,15721,33,34,1011,27,365,68940],"class_list":{"0":"post-575089","1":"post","2":"type-post","3":"status-publish","4":"format-standard","5":"has-post-thumbnail","7":"category-economie","8":"tag-business","9":"tag-cour-des-comptes","10":"tag-economie","11":"tag-economy","12":"tag-fr","13":"tag-france","14":"tag-livret-a","15":"tag-plafond-livret-a"},"share_on_mastodon":{"url":"https:\/\/pubeurope.com\/@fr\/115655022792144732","error":""},"_links":{"self":[{"href":"https:\/\/www.europesays.com\/fr\/wp-json\/wp\/v2\/posts\/575089","targetHints":{"allow":["GET"]}}],"collection":[{"href":"https:\/\/www.europesays.com\/fr\/wp-json\/wp\/v2\/posts"}],"about":[{"href":"https:\/\/www.europesays.com\/fr\/wp-json\/wp\/v2\/types\/post"}],"author":[{"embeddable":true,"href":"https:\/\/www.europesays.com\/fr\/wp-json\/wp\/v2\/users\/2"}],"replies":[{"embeddable":true,"href":"https:\/\/www.europesays.com\/fr\/wp-json\/wp\/v2\/comments?post=575089"}],"version-history":[{"count":0,"href":"https:\/\/www.europesays.com\/fr\/wp-json\/wp\/v2\/posts\/575089\/revisions"}],"wp:featuredmedia":[{"embeddable":true,"href":"https:\/\/www.europesays.com\/fr\/wp-json\/wp\/v2\/media\/575090"}],"wp:attachment":[{"href":"https:\/\/www.europesays.com\/fr\/wp-json\/wp\/v2\/media?parent=575089"}],"wp:term":[{"taxonomy":"category","embeddable":true,"href":"https:\/\/www.europesays.com\/fr\/wp-json\/wp\/v2\/categories?post=575089"},{"taxonomy":"post_tag","embeddable":true,"href":"https:\/\/www.europesays.com\/fr\/wp-json\/wp\/v2\/tags?post=575089"}],"curies":[{"name":"wp","href":"https:\/\/api.w.org\/{rel}","templated":true}]}}