{"id":575094,"date":"2025-12-03T09:54:13","date_gmt":"2025-12-03T09:54:13","guid":{"rendered":"https:\/\/www.europesays.com\/fr\/575094\/"},"modified":"2025-12-03T09:54:13","modified_gmt":"2025-12-03T09:54:13","slug":"apres-la-fusillade-mortelle-de-washington-les-etats-unis-suspendent-les-demandes-de-visas-en-provenance-de-19-pays-liberation","status":"publish","type":"post","link":"https:\/\/www.europesays.com\/fr\/575094\/","title":{"rendered":"Apr\u00e8s la fusillade mortelle de Washington, les Etats-Unis suspendent les demandes de visas en provenance de 19 pays \u2013 Lib\u00e9ration"},"content":{"rendered":"<p class=\"sc-cPiKLX AiZTS text-element\">La suspension apr\u00e8s le gel. Toutes les demandes d\u2019immigration provenant de 19 pays jug\u00e9s \u00e0 haut risque par l\u2019administration Trump ont \u00e9t\u00e9 suspendues, a annonc\u00e9 Washington t\u00f4t mercredi matin. Sur les 19 pays, douze \u00e9taient d\u00e9j\u00e0 frapp\u00e9s de cette interdiction depuis le mois de juin. S\u2019y sont ajout\u00e9s sept autres pays, selon un memorandum des services de l\u2019immigration. L\u2019administration Trump a suspendu toutes les demandes d\u2019immigration provenant de 19 pays jug\u00e9s \u00e0 haut risque quelques jours apr\u00e8s <a href=\"https:\/\/www.liberation.fr\/international\/amerique\/deux-gardes-nationaux-grievement-blesses-apres-une-attaque-pres-de-la-maison-blanche-la-capitale-americaine-sous-le-choc-20251127_TCSNHEPNIBESNLC5EUESRYSE2Y\/\" target=\"_blank\" rel=\"noreferrer noopener\" title=\"https:\/\/www.liberation.fr\/international\/amerique\/deux-gardes-nationaux-grievement-blesses-apres-une-attaque-pres-de-la-maison-blanche-la-capitale-americaine-sous-le-choc-20251127_TCSNHEPNIBESNLC5EUESRYSE2Y\/\">une fusillade mortelle \u00e0 Washington<\/a> impliquant un ressortissant afghan, a annonc\u00e9 mardi le minist\u00e8re am\u00e9ricain de la S\u00e9curit\u00e9 int\u00e9rieure.<\/p>\n<p class=\"sc-cPiKLX AiZTS text-element\">La d\u00e9cision n\u2019a rien d\u2019une surprise pas une surprise. Mardi 2\u00a0d\u00e9cembre, <a href=\"https:\/\/www.liberation.fr\/international\/amerique\/lattaque-de-washington-nouveau-carburant-pour-la-croisade-anti-immigration-de-trump-20251202_K2QW6WXT35BANPFJPQ6O6L3HTU\/\" target=\"_blank\" rel=\"noreferrer noopener\" title=\"https:\/\/www.liberation.fr\/international\/amerique\/lattaque-de-washington-nouveau-carburant-pour-la-croisade-anti-immigration-de-trump-20251202_K2QW6WXT35BANPFJPQ6O6L3HTU\/\">les m\u00e9dias am\u00e9ricains avaient confirm\u00e9<\/a> que Donald Trump allait suivre les recommandations incendiaires que lui avait faites la secr\u00e9taire \u00e0 la S\u00e9curit\u00e9 int\u00e9rieure Kristi Noem \u00e0 Donald Trump\u00a0: \u00abUne interdiction d\u2019entr\u00e9e totale pour les ressortissants de chaque satan\u00e9 pays qui a inond\u00e9 notre nation de meurtriers, de sangsues et d\u2019accros aux aides sociales. [\u2026] \u00abNous ne voulons pas d\u2019eux, pas d\u2019un seul d\u2019entre eux\u00bb, avait-elle ajout\u00e9, sans pr\u00e9ciser quels pays \u00e9taient dans le viseur..<\/p>\n<p class=\"sc-cPiKLX AiZTS text-element\">En juin, Donald Trump a interdit l\u2019entr\u00e9e aux Etats-Unis aux ressortissants de 12 pays, dont l\u2019Afghanistan, l\u2019Iran, la Somalie, et Ha\u00efti, invoquant des consid\u00e9rations de \u00abs\u00e9curit\u00e9 nationale\u00bb. Les citoyens de sept autres pays, <a href=\"https:\/\/www.liberation.fr\/international\/amerique\/venezuela-derriere-les-menaces-de-trump-le-spectre-dune-guerre-ouverte-20251201_WX3EHAB6B5DMLDD4SG7GRL4KW4\/\" target=\"_blank\" rel=\"noreferrer noopener\" title=\"https:\/\/www.liberation.fr\/international\/amerique\/venezuela-derriere-les-menaces-de-trump-le-spectre-dune-guerre-ouverte-20251201_WX3EHAB6B5DMLDD4SG7GRL4KW4\/\">dont le Venezuela,<\/a> sont eux vis\u00e9s par\u00a0des restrictions dans la d\u00e9livrance de visas. La Somalie, pays qualifi\u00e9 de \u00abpourri\u00bb par Trump dans la nuit, figure dans la liste, \u00e0 c\u00f4t\u00e9 de Ha\u00efti, de l\u2019Iran et de l\u2019Afghanistan : \u00abIls n\u2019ont rien, ils ne font que s\u2019entre-tuer\u00bb, a-t-il r\u00e9sum\u00e9 dans son style arbitraire caract\u00e9ristique lors d\u2019une r\u00e9union de son gouvernement. \u00abLeur pays ne vaut rien pour une raison ou une autre. Leur pays est pourri, et nous ne voulons pas d\u2019eux chez nous.\u00bb<\/p>\n<p class=\"sc-cPiKLX AiZTS text-element\"> Au c\u00f4t\u00e9 de ces pays figurent aussi la Birmanie, du Tchad, de la R\u00e9publique du Congo, de Guin\u00e9e \u00e9quatoriale, d\u2019Erythr\u00e9e, de Libye, du Soudan, le Y\u00e9men, d\u00e9j\u00e0 vis\u00e9s par l\u2019administration. Les sept autres pays concern\u00e9s sont le Burundi, Cuba, le Laos, la Sierra-Leone, le Togo, le Turkm\u00e9nistan et le V\u00e9n\u00e9zuela, d\u00e9j\u00e0 cit\u00e9. Cela pourrait ne pas s\u2019arr\u00eater l\u00e0. Mardi, les m\u00e9dias am\u00e9ricains CNN et CBS, citant des responsables gouvernementaux, ont indiqu\u00e9 que <a href=\"https:\/\/www.liberation.fr\/idees-et-debats\/opinions\/hyperfeminite-botoxee-virilite-au-scalpel-le-trumpinoscope-du-pouvoir-fasciste-par-christian-salmon-20250909_Z44N4VFHIZAVDPBYQIEZFPUKDU\/\" target=\"_blank\" rel=\"noreferrer noopener\" title=\"https:\/\/www.liberation.fr\/idees-et-debats\/opinions\/hyperfeminite-botoxee-virilite-au-scalpel-le-trumpinoscope-du-pouvoir-fasciste-par-christian-salmon-20250909_Z44N4VFHIZAVDPBYQIEZFPUKDU\/\">Kristi Noem<\/a> voudrait porter le nombre de ces pays de 19 \u00e0 plus de 30.<\/p>\n<p class=\"sc-cPiKLX AiZTS text-element\">Depuis l\u2019attaque \u00e0\u00a0Washington\u00a0le 26\u00a0novembre, imput\u00e9e \u00e0 un ressortissant afghan, qui a co\u00fbt\u00e9 la vie \u00e0 une militaire de la Garde nationale et gri\u00e8vement bless\u00e9 un autre soldat, l\u2019administration Trump a gel\u00e9 toute d\u00e9cision sur l\u2019octroi de l\u2019asile aux Etats-Unis, le pr\u00e9sident annon\u00e7ant son souhait d\u2019emp\u00eacher toute immigration <a href=\"https:\/\/www.liberation.fr\/international\/amerique\/mort-dune-des-militaires-attaques-a-washington-trump-veut-empecher-toute-immigration-du-tiers-monde-20251128_XKGTN3C33VHSLLROAMAMGCZNS4\/\" target=\"_blank\" rel=\"noreferrer noopener\" title=\"https:\/\/www.liberation.fr\/international\/amerique\/mort-dune-des-militaires-attaques-a-washington-trump-veut-empecher-toute-immigration-du-tiers-monde-20251128_XKGTN3C33VHSLLROAMAMGCZNS4\/\">\u00abdu tiers-monde\u00bb.<\/a> Elle a \u00e9galement ordonn\u00e9 le r\u00e9examen de toutes les \u00abcartes vertes\u00bb &#8211; accordant le titre de r\u00e9sident permanent dans le pays &#8211; d\u00e9livr\u00e9es aux ressortissants des 19 pays cibl\u00e9s depuis juin. Un d\u00e9veloppement qui intensifie la lutte contre l\u2019immigration clandestine, \u00e9rig\u00e9e par Donald Trump en priorit\u00e9 absolue malgr\u00e9 les multiples d\u00e9cisions de justice venant d\u00e9fendre les droits des candidats \u00e0 l\u2019entr\u00e9e aux Etats-Unis.<\/p>\n","protected":false},"excerpt":{"rendered":"La suspension apr\u00e8s le gel. Toutes les demandes d\u2019immigration provenant de 19 pays jug\u00e9s \u00e0 haut risque par&hellip;\n","protected":false},"author":2,"featured_media":575095,"comment_status":"","ping_status":"","sticky":false,"template":"","format":"standard","meta":{"footnotes":""},"categories":[2],"tags":[11,75,73,1011,27,1061,12],"class_list":{"0":"post-575094","1":"post","2":"type-post","3":"status-publish","4":"format-standard","5":"has-post-thumbnail","7":"category-actualites","8":"tag-actualites","9":"tag-donald-trump","10":"tag-etats-unis","11":"tag-fr","12":"tag-france","13":"tag-immigration","14":"tag-news"},"share_on_mastodon":{"url":"https:\/\/pubeurope.com\/@fr\/115655033779150774","error":""},"_links":{"self":[{"href":"https:\/\/www.europesays.com\/fr\/wp-json\/wp\/v2\/posts\/575094","targetHints":{"allow":["GET"]}}],"collection":[{"href":"https:\/\/www.europesays.com\/fr\/wp-json\/wp\/v2\/posts"}],"about":[{"href":"https:\/\/www.europesays.com\/fr\/wp-json\/wp\/v2\/types\/post"}],"author":[{"embeddable":true,"href":"https:\/\/www.europesays.com\/fr\/wp-json\/wp\/v2\/users\/2"}],"replies":[{"embeddable":true,"href":"https:\/\/www.europesays.com\/fr\/wp-json\/wp\/v2\/comments?post=575094"}],"version-history":[{"count":0,"href":"https:\/\/www.europesays.com\/fr\/wp-json\/wp\/v2\/posts\/575094\/revisions"}],"wp:featuredmedia":[{"embeddable":true,"href":"https:\/\/www.europesays.com\/fr\/wp-json\/wp\/v2\/media\/575095"}],"wp:attachment":[{"href":"https:\/\/www.europesays.com\/fr\/wp-json\/wp\/v2\/media?parent=575094"}],"wp:term":[{"taxonomy":"category","embeddable":true,"href":"https:\/\/www.europesays.com\/fr\/wp-json\/wp\/v2\/categories?post=575094"},{"taxonomy":"post_tag","embeddable":true,"href":"https:\/\/www.europesays.com\/fr\/wp-json\/wp\/v2\/tags?post=575094"}],"curies":[{"name":"wp","href":"https:\/\/api.w.org\/{rel}","templated":true}]}}