{"id":575098,"date":"2025-12-03T09:56:10","date_gmt":"2025-12-03T09:56:10","guid":{"rendered":"https:\/\/www.europesays.com\/fr\/575098\/"},"modified":"2025-12-03T09:56:10","modified_gmt":"2025-12-03T09:56:10","slug":"saint-etienne-une-piste-cyclable-va-voir-le-jour-dans-cette-rue-frequentee","status":"publish","type":"post","link":"https:\/\/www.europesays.com\/fr\/575098\/","title":{"rendered":"Saint-Etienne. Une piste cyclable va voir le jour dans cette rue fr\u00e9quent\u00e9e"},"content":{"rendered":"<p>                    Par<br \/>\n        <strong><br \/>\n            <a href=\"https:\/\/actu.fr\/auteur\/mathias-souteyrat\" title=\"Consulter tous les articles de Mathias Souteyrat\" target=\"_blank\" rel=\"noopener\">Mathias Souteyrat<\/a><br \/>\n                    <\/strong><\/p>\n<p>        Publi\u00e9 le<\/p>\n<p>            3 d\u00e9c. 2025 \u00e0 10h32        <\/p>\n<p>Une <a href=\"https:\/\/actu.fr\/tag\/pistes-cyclables\" target=\"_blank\" rel=\"noopener\">piste cyclable<\/a> va bient\u00f4t voir le jour dans la ville de <a href=\"https:\/\/actu.fr\/auvergne-rhone-alpes\/saint-etienne_42218\" target=\"_blank\" rel=\"noopener\">Saint-Etienne<\/a>. Elle sera situ\u00e9e rue Bergson, \u00e0 l\u2019intersection avec la rue Claude-Odde et la rue Jean-Fran\u00e7ois-Jarrige.<\/p>\n<p class=\" wall-content\">Il s\u2019agit de la deuxi\u00e8me tranche de travaux, qui va durer environ trois semaines. Le chantier reprend ce 1er\u00a0d\u00e9cembre 2025.<\/p>\n<p>Deux pistes cyclables unidirectionnelles<\/p>\n<p class=\" wall-content\">Il s\u2019agit de deux pistes cyclables unidirectionnelles et r\u00e9fection partielle des trottoirs, des places de stationnement et des chauss\u00e9es.<\/p>\n<p class=\" wall-content\">Le stationnement et la circulation vont \u00eatre perturb\u00e9s\u2009:<\/p>\n<ul class=\" wall-content\">\n<li>Le stationnement sera interdit et la circulation sera restreinte sur une voie,<\/li>\n<li>Des restrictions de circulation seront mises en place, au fur et \u00e0 mesure de l\u2019avancement du chantier (d\u00e9viations),<\/li>\n<li>La circulation sera interdite rue Jean-Fran\u00e7ois-Jarrige.<\/li>\n<\/ul>\n<p class=\" wall-content\">Sous r\u00e9serve d\u2019\u00e9volution, en fonction de l\u2019avancement du chantier et des conditions m\u00e9t\u00e9orologiques.<\/p>\n<p class=\" wall-content\">Personnalisez votre actualit\u00e9 en ajoutant vos villes et m\u00e9dias en favori avec <a href=\"https:\/\/moncompte.actu.fr\" title=\"D\u00e9couvez Mon Actu\" rel=\"nofollow noopener\" data-trk=\"{&quot;cta&quot;:{&quot;action&quot;:&quot;https:\\\/\\\/moncompte.actu.fr&quot;,&quot;category&quot;:&quot;mon compte&quot;,&quot;from&quot;:&quot;article footer&quot;,&quot;name&quot;:&quot;Mon actu&quot;,&quot;type&quot;:&quot;cta&quot;}}\" target=\"_blank\">Mon Actu<\/a>.<\/p>\n","protected":false},"excerpt":{"rendered":"Par Mathias Souteyrat Publi\u00e9 le 3 d\u00e9c. 2025 \u00e0 10h32 Une piste cyclable va bient\u00f4t voir le jour&hellip;\n","protected":false},"author":2,"featured_media":504484,"comment_status":"","ping_status":"","sticky":false,"template":"","format":"standard","meta":{"footnotes":""},"categories":[9653],"tags":[1111,11,2430,1777,674,1011,27,12,4798,25,4001,104,2086,208],"class_list":{"0":"post-575098","1":"post","2":"type-post","3":"status-publish","4":"format-standard","5":"has-post-thumbnail","7":"category-saint-etienne","8":"tag-actu","9":"tag-actualites","10":"tag-auvergne-rhone-alpes","11":"tag-eu","12":"tag-europe","13":"tag-fr","14":"tag-france","15":"tag-news","16":"tag-pistes-cyclables","17":"tag-republique-francaise","18":"tag-saint-etienne","19":"tag-societe","20":"tag-travaux","21":"tag-velo"},"share_on_mastodon":{"url":"https:\/\/pubeurope.com\/@fr\/115655041752162842","error":""},"_links":{"self":[{"href":"https:\/\/www.europesays.com\/fr\/wp-json\/wp\/v2\/posts\/575098","targetHints":{"allow":["GET"]}}],"collection":[{"href":"https:\/\/www.europesays.com\/fr\/wp-json\/wp\/v2\/posts"}],"about":[{"href":"https:\/\/www.europesays.com\/fr\/wp-json\/wp\/v2\/types\/post"}],"author":[{"embeddable":true,"href":"https:\/\/www.europesays.com\/fr\/wp-json\/wp\/v2\/users\/2"}],"replies":[{"embeddable":true,"href":"https:\/\/www.europesays.com\/fr\/wp-json\/wp\/v2\/comments?post=575098"}],"version-history":[{"count":0,"href":"https:\/\/www.europesays.com\/fr\/wp-json\/wp\/v2\/posts\/575098\/revisions"}],"wp:featuredmedia":[{"embeddable":true,"href":"https:\/\/www.europesays.com\/fr\/wp-json\/wp\/v2\/media\/504484"}],"wp:attachment":[{"href":"https:\/\/www.europesays.com\/fr\/wp-json\/wp\/v2\/media?parent=575098"}],"wp:term":[{"taxonomy":"category","embeddable":true,"href":"https:\/\/www.europesays.com\/fr\/wp-json\/wp\/v2\/categories?post=575098"},{"taxonomy":"post_tag","embeddable":true,"href":"https:\/\/www.europesays.com\/fr\/wp-json\/wp\/v2\/tags?post=575098"}],"curies":[{"name":"wp","href":"https:\/\/api.w.org\/{rel}","templated":true}]}}