{"id":575106,"date":"2025-12-03T10:02:10","date_gmt":"2025-12-03T10:02:10","guid":{"rendered":"https:\/\/www.europesays.com\/fr\/575106\/"},"modified":"2025-12-03T10:02:10","modified_gmt":"2025-12-03T10:02:10","slug":"dernieres-places-a-saisir-marine-prete-a-enflammer-le-corum-de-montpellier","status":"publish","type":"post","link":"https:\/\/www.europesays.com\/fr\/575106\/","title":{"rendered":"derni\u00e8res places \u00e0 saisir, Marine pr\u00eate \u00e0 enflammer le Corum de Montpellier"},"content":{"rendered":"<p>                    Par<br \/>\n        <strong><br \/>\n            <a href=\"https:\/\/actu.fr\/auteur\/g-martin\" title=\"Consulter tous les articles de Gil Martin\" target=\"_blank\" rel=\"noopener\">Gil Martin<\/a><br \/>\n                    <\/strong><\/p>\n<p>        Publi\u00e9 le<\/p>\n<p>            3 d\u00e9c. 2025 \u00e0 10h16<br \/>\n        ; mis \u00e0 jour le 3 d\u00e9c. 2025 \u00e0 10h36    <\/p>\n<p>Il y a un an, Marine participait \u00e0 l\u2019\u00e9mission de TF1, \u00ab Star Academy \u00bb, et remportait ce jeu quelques semaines plus tard. La jeune chanteuse, qui s\u2019est r\u00e9v\u00e9l\u00e9e entre les murs du ch\u00e2teau, a sorti dans la foul\u00e9e son premier album, \u00ab\u00a0C\u0153ur Maladroit\u00a0\u00bb, dans les bacs depuis le 27 juin dernier. Cet album a \u00e9t\u00e9 port\u00e9 par le succ\u00e8s fulgurant, marqu\u00e9 par un maintien durable en t\u00eate des charts airplay et des ventes, du single \u00ab\u00a0C\u0153ur Maladroit\u00a0\u00bb.<\/p>\n<p>Aussi une musicienne accomplie<\/p>\n<p class=\" wall-content\">Marine a profit\u00e9 de la sortie de cet album pour partir en tourn\u00e9e o\u00f9, selon les organisateurs, \u00ab\u00a0elle partage sue sc\u00e8ne son intimit\u00e9, son \u00e9nergie d\u00e9bordante et son humour naturel, offrant au public une immersion totale dans son univers singulier o\u00f9 chaque note vibre de sinc\u00e9rit\u00e9\u2026 Marine ne cesse de se r\u00e9inventer en tant qu\u2019artiste. Reconnue pour sa voix et son interpr\u00e9tation hors normes, elle continue de d\u00e9voiler sa facette de musicienne accomplie\u00a0\u00bb.<\/p>\n<p>    <a href=\"https:\/\/www.google.com\/maps\/embed?pb=!1m18!1m12!1m3!1d2888.6627301412236!2d3.879526575449972!3d43.613563554994606!2m3!1f0!2f0!3f0!3m2!1i1024!2i768!4f13.1!3m3!1m2!1s0x12b6afa0075e8d67%3A0x9ed3bdbb0890bd34!2sOp%C3%A9ra%20Berlioz!5e0!3m2!1sfr!2sfr!4v1764703974665!5m2!1sfr!2sfr\" title=\"Ouvrie le lien\" target=\"_blank\" rel=\"noopener\">Cliquez ici pour visualiser le contenu<\/a><\/p>\n<p>Du piano \u00e0 l\u2019\u00e9motion<\/p>\n<p class=\" wall-content\">\u00c9lev\u00e9e au piano d\u00e8s son plus jeune \u00e2ge, elle compose et \u00e9crit la plupart de ses textes \u00ab\u00a0avec une maturit\u00e9 saisissante\u2026 Cette tourn\u00e9e sera l\u2019occasion pour ses fans de d\u00e9couvrir une Marine authentique et \u00e9volutive, une artiste qui se livre de mani\u00e8re profonde \u00e0 travers sa musique et qui sait, \u00e0 chaque note, capter l\u2019essence m\u00eame de l\u2019\u00e9motion\u00a0\u00bb.<\/p>\n<p><strong>&gt; <\/strong>Concert : Marine, \u00ab\u00a0Coeur Maladroit\u00a0\u00bb.\u00a0Dimanche 7 d\u00e9cembre \u00e0 18h.\u00a0Salle Berlioz, le Corum.\u00a0Prix des places\u00a0: de 45\u20ac \u00e0 65\u20ac.\u00a0Plus d\u2019infos : <a href=\"http:\/\/www.montpellierevents.fnacspectacles.com\/\" target=\"_blank\" rel=\"noopener\">www.montpellierevents.fnacspectacles.com\/<\/a><\/p>\n<p class=\" wall-content\">Personnalisez votre actualit\u00e9 en ajoutant vos villes et m\u00e9dias en favori avec <a href=\"https:\/\/moncompte.actu.fr\" title=\"D\u00e9couvez Mon Actu\" rel=\"nofollow noopener\" data-trk=\"{&quot;cta&quot;:{&quot;action&quot;:&quot;https:\\\/\\\/moncompte.actu.fr&quot;,&quot;category&quot;:&quot;mon compte&quot;,&quot;from&quot;:&quot;article footer&quot;,&quot;name&quot;:&quot;Mon actu&quot;,&quot;type&quot;:&quot;cta&quot;}}\" target=\"_blank\">Mon Actu<\/a>.<\/p>\n","protected":false},"excerpt":{"rendered":"Par Gil Martin Publi\u00e9 le 3 d\u00e9c. 2025 \u00e0 10h16 ; mis \u00e0 jour le 3 d\u00e9c. 2025&hellip;\n","protected":false},"author":2,"featured_media":575107,"comment_status":"","ping_status":"","sticky":false,"template":"","format":"standard","meta":{"footnotes":""},"categories":[9599],"tags":[1111,11,1697,1777,674,1011,27,1652,2208,12,2680,25],"class_list":{"0":"post-575106","1":"post","2":"type-post","3":"status-publish","4":"format-standard","5":"has-post-thumbnail","7":"category-montpellier","8":"tag-actu","9":"tag-actualites","10":"tag-concert","11":"tag-eu","12":"tag-europe","13":"tag-fr","14":"tag-france","15":"tag-loisirs-culture","16":"tag-montpellier","17":"tag-news","18":"tag-occitanie","19":"tag-republique-francaise"},"share_on_mastodon":{"url":"","error":""},"_links":{"self":[{"href":"https:\/\/www.europesays.com\/fr\/wp-json\/wp\/v2\/posts\/575106","targetHints":{"allow":["GET"]}}],"collection":[{"href":"https:\/\/www.europesays.com\/fr\/wp-json\/wp\/v2\/posts"}],"about":[{"href":"https:\/\/www.europesays.com\/fr\/wp-json\/wp\/v2\/types\/post"}],"author":[{"embeddable":true,"href":"https:\/\/www.europesays.com\/fr\/wp-json\/wp\/v2\/users\/2"}],"replies":[{"embeddable":true,"href":"https:\/\/www.europesays.com\/fr\/wp-json\/wp\/v2\/comments?post=575106"}],"version-history":[{"count":0,"href":"https:\/\/www.europesays.com\/fr\/wp-json\/wp\/v2\/posts\/575106\/revisions"}],"wp:featuredmedia":[{"embeddable":true,"href":"https:\/\/www.europesays.com\/fr\/wp-json\/wp\/v2\/media\/575107"}],"wp:attachment":[{"href":"https:\/\/www.europesays.com\/fr\/wp-json\/wp\/v2\/media?parent=575106"}],"wp:term":[{"taxonomy":"category","embeddable":true,"href":"https:\/\/www.europesays.com\/fr\/wp-json\/wp\/v2\/categories?post=575106"},{"taxonomy":"post_tag","embeddable":true,"href":"https:\/\/www.europesays.com\/fr\/wp-json\/wp\/v2\/tags?post=575106"}],"curies":[{"name":"wp","href":"https:\/\/api.w.org\/{rel}","templated":true}]}}