{"id":575108,"date":"2025-12-03T10:03:14","date_gmt":"2025-12-03T10:03:14","guid":{"rendered":"https:\/\/www.europesays.com\/fr\/575108\/"},"modified":"2025-12-03T10:03:14","modified_gmt":"2025-12-03T10:03:14","slug":"coupe-de-france-lattes-montpellier-veut-assumer-son-statut-face-a-voiron-pour-son-entree-en-lice","status":"publish","type":"post","link":"https:\/\/www.europesays.com\/fr\/575108\/","title":{"rendered":"Coupe de France\u00a0: Lattes-Montpellier veut assumer son statut face \u00e0 Voiron pour son entr\u00e9e en lice"},"content":{"rendered":"<p>\n                                                                Le BLMA se d\u00e9place ce mercredi 3\u00a0d\u00e9cembre \u00e0 Voiron (LF2) pour son entr\u00e9e en Coupe de France, une comp\u00e9tition qu\u2019il a d\u00e9j\u00e0 remport\u00e9e cinq fois. Favori sur le papier, Lattes-Montpellier veut \u00e9viter tout rel\u00e2chement apr\u00e8s son succ\u00e8s face \u00e0 Bourges.\n                            <\/p>\n<p>Ne pas tomber dans le pi\u00e8ge. Ce mercredi 3\u00a0d\u00e9cembre (20\u00a0h), Lattes-Montpellier fait son entr\u00e9e en lice en Coupe de France sur le terrain de Voiron (LF2). Pour le club h\u00e9raultais, cette comp\u00e9tition \u00e0 une saveur particuli\u00e8re puisque c\u2019est le troph\u00e9e le plus remport\u00e9 dans son histoire (5). Le dernier succ\u00e8s remontant\u00a0\u00e0 2021 contre les Flammes Carolo (75-74). C\u2019est aussi la comp\u00e9tition la plus facile \u00e0 remporter, comme aime le rappeler le coach Val\u00e9ry Demory, avec seulement trois victoires pour disputer une finale \u00e0 Paris.<\/p>\n<p>\u00ab\u00a0Il faut qu\u2019on soit aussi s\u00e9rieux sur les matchs \u00e0 l\u2019ext\u00e9rieur\u00a0\u00bb<\/p>\n<p>R\u00e9cemment en coupe nationale, le BLMA est rarement tomb\u00e9 contre des \u00e9quipes de Ligue f\u00e9minine 2. Cette rencontre ressemble aux matchs d\u2019EuroCoupe cette saison o\u00f9 Lattes-Montpellier, sup\u00e9rieur sur le papier, devait \u00eatre s\u00e9rieux sur le terrain. Justement, rester s\u00e9rieux est le ma\u00eetre-mot employ\u00e9 apr\u00e8s le succ\u00e8s face \u00e0 Bourges (72-59), dimanche.\u00a0\u00ab\u00a0Il faut qu\u2019on soit aussi s\u00e9rieux sur les matchs \u00e0 l\u2019ext\u00e9rieur. On a quand m\u00eame perdu deux matchs contre Roche Vend\u00e9e et Chartres qui sont derri\u00e8re nous au classement. On va profiter de cette victoire\u00a0pour \u00eatre en pleine confiance\u00a0\u00bb, r\u00e9agissait l\u2019entra\u00eeneur adjoint des Gazelles Gurvan Morvan.<\/p>\n<p>L\u2019adjoint de Val\u00e9ry Demory se m\u00e9fie l\u00e9g\u00e8rement de Voiron. Face \u00e0 la formation is\u00e9roise, le BLMA s\u2019\u00e9tait inclin\u00e9 (71-58) lors du tout premier match amical de la saison. \u00ab\u00a0On part peut-\u00eatre favorites sur le papier, apr\u00e8s \u00e7a reste une \u00e9quipe s\u00e9rieuse\u00a0\u00bb, commentait Nell Angloma qui n\u2019avait pas disput\u00e9 le match du d\u00e9but de saison pour cause de blessure. Impressionnante depuis le d\u00e9but de saison, la jeune aili\u00e8re fera forc\u00e9ment du bien aux Gazelles dans ce match \u00e0 leur port\u00e9e.\u00a0Sur le papier, le BLMA est au-dessus. Mais la Coupe, elle, ne lit pas le papier. Aux Gazelles de ne pas se faire marcher dessus.<\/p>\n<p>Le groupe du BLMA\u00a0: Angloma, Bernies (cap.), Breen, Ciss\u00e9, Diallo, Dupont, Hoppie, Pospisilova, Rabot, Salgues.<\/p>\n","protected":false},"excerpt":{"rendered":"Le BLMA se d\u00e9place ce mercredi 3\u00a0d\u00e9cembre \u00e0 Voiron (LF2) pour son entr\u00e9e en Coupe de France, une&hellip;\n","protected":false},"author":2,"featured_media":575109,"comment_status":"","ping_status":"","sticky":false,"template":"","format":"standard","meta":{"footnotes":""},"categories":[9599],"tags":[1111,11,1791,1777,674,1011,27,7089,66497,2208,12,2680,25,517],"class_list":{"0":"post-575108","1":"post","2":"type-post","3":"status-publish","4":"format-standard","5":"has-post-thumbnail","7":"category-montpellier","8":"tag-actu","9":"tag-actualites","10":"tag-basket-ball","11":"tag-eu","12":"tag-europe","13":"tag-fr","14":"tag-france","15":"tag-herault","16":"tag-lattes","17":"tag-montpellier","18":"tag-news","19":"tag-occitanie","20":"tag-republique-francaise","21":"tag-sport"},"share_on_mastodon":{"url":"https:\/\/pubeurope.com\/@fr\/115655069208023730","error":""},"_links":{"self":[{"href":"https:\/\/www.europesays.com\/fr\/wp-json\/wp\/v2\/posts\/575108","targetHints":{"allow":["GET"]}}],"collection":[{"href":"https:\/\/www.europesays.com\/fr\/wp-json\/wp\/v2\/posts"}],"about":[{"href":"https:\/\/www.europesays.com\/fr\/wp-json\/wp\/v2\/types\/post"}],"author":[{"embeddable":true,"href":"https:\/\/www.europesays.com\/fr\/wp-json\/wp\/v2\/users\/2"}],"replies":[{"embeddable":true,"href":"https:\/\/www.europesays.com\/fr\/wp-json\/wp\/v2\/comments?post=575108"}],"version-history":[{"count":0,"href":"https:\/\/www.europesays.com\/fr\/wp-json\/wp\/v2\/posts\/575108\/revisions"}],"wp:featuredmedia":[{"embeddable":true,"href":"https:\/\/www.europesays.com\/fr\/wp-json\/wp\/v2\/media\/575109"}],"wp:attachment":[{"href":"https:\/\/www.europesays.com\/fr\/wp-json\/wp\/v2\/media?parent=575108"}],"wp:term":[{"taxonomy":"category","embeddable":true,"href":"https:\/\/www.europesays.com\/fr\/wp-json\/wp\/v2\/categories?post=575108"},{"taxonomy":"post_tag","embeddable":true,"href":"https:\/\/www.europesays.com\/fr\/wp-json\/wp\/v2\/tags?post=575108"}],"curies":[{"name":"wp","href":"https:\/\/api.w.org\/{rel}","templated":true}]}}