{"id":575116,"date":"2025-12-03T10:07:23","date_gmt":"2025-12-03T10:07:23","guid":{"rendered":"https:\/\/www.europesays.com\/fr\/575116\/"},"modified":"2025-12-03T10:07:23","modified_gmt":"2025-12-03T10:07:23","slug":"un-homme-retrouve-mort-touche-par-deux-balles","status":"publish","type":"post","link":"https:\/\/www.europesays.com\/fr\/575116\/","title":{"rendered":"un homme retrouv\u00e9 mort, touch\u00e9 par deux balles"},"content":{"rendered":"<p>\n    D\u00e9couvert gisant dans une mare de sang par une passante, il n\u2019a pu \u00eatre r\u00e9anim\u00e9. La Division de la criminalit\u00e9 organis\u00e9e et sp\u00e9cialis\u00e9e a \u00e9t\u00e9 charg\u00e9e de l\u2019enqu\u00eate.<\/p>\n<p class=\"fig-paragraph\">Un homme non identifi\u00e9 et porteur de deux impacts de balles a \u00e9t\u00e9 retrouv\u00e9 mort dans la nuit de mardi \u00e0 mercredi \u00e0\u00a0<a href=\"http:\/\/www.lefigaro.fr\/flash-actu\/echirolles-un-adolescent-blesse-au-couteau-pres-de-son-lycee-20250417\" data-fig-type=\"NewsFlash\" data-gtm-custom-categorie=\"navigation\" data-gtm-custom-action=\"crossclick\" data-gtm-custom-label=\"Contextuel\" data-gtm-event=\"customEventSPE\" data-fig-domain=\"LEFIGARO\" target=\"_blank\" rel=\"noopener\">\u00c9chirolles<\/a>, en p\u00e9riph\u00e9rie de\u00a0<a href=\"https:\/\/video.lefigaro.fr\/figaro\/faits-divers\/un-couple-de-trentenaires-retrouves-morts-pres-de-grenoble-la-piste-du-feminicide-et-du-suicide-envisagee-20251128\" data-fig-type=\"Video\" data-gtm-custom-categorie=\"navigation\" data-gtm-custom-action=\"crossclick\" data-gtm-custom-label=\"Contextuel\" data-gtm-event=\"customEventSPE\" data-fig-domain=\"LEFIGARO\" target=\"_blank\" rel=\"noopener\">Grenoble<\/a>, a indiqu\u00e9 la police.<\/p>\n<p class=\"fig-paragraph\">L&rsquo;homme a \u00e9t\u00e9 retrouv\u00e9 par une passante, vers 2 heures, gisant inanim\u00e9 au sol dans une mare de sang, la m\u00e2choire bris\u00e9e, avec une trottinette \u00e0 ses pieds. En arr\u00eat cardio-respiratoire, il a \u00e9t\u00e9 d\u00e9clar\u00e9 d\u00e9c\u00e9d\u00e9 sur place par le SAMU.\u00a0<a href=\"http:\/\/www.lefigaro.fr\/faits-divers\/meurtre-par-balles-a-lyon-le-lyceen-accuse-du-crime-etait-le-souffre-douleur-de-la-victime-20250914\" data-fig-type=\"NewsFlash\" data-gtm-custom-categorie=\"navigation\" data-gtm-custom-action=\"crossclick\" data-gtm-custom-label=\"Contextuel\" data-gtm-event=\"customEventSPE\" data-fig-domain=\"LEFIGARO\" target=\"_blank\" rel=\"noopener\">Deux impacts de balles<\/a>\u00a0dans son dos et dans sa m\u00e2choire ont \u00e9t\u00e9 relev\u00e9s par la suite par le m\u00e9decin l\u00e9giste, selon la m\u00eame source. La Division de la criminalit\u00e9 organis\u00e9e et sp\u00e9cialis\u00e9e (DCOS, ex-PJ) a \u00e9t\u00e9 saisie de l&rsquo;enqu\u00eate.<\/p>\n","protected":false},"excerpt":{"rendered":"D\u00e9couvert gisant dans une mare de sang par une passante, il n\u2019a pu \u00eatre r\u00e9anim\u00e9. La Division de&hellip;\n","protected":false},"author":2,"featured_media":575117,"comment_status":"","ping_status":"","sticky":false,"template":"","format":"standard","meta":{"footnotes":""},"categories":[9566],"tags":[1111,11,2430,1777,674,1011,27,2731,777,12,25],"class_list":{"0":"post-575116","1":"post","2":"type-post","3":"status-publish","4":"format-standard","5":"has-post-thumbnail","7":"category-grenoble","8":"tag-actu","9":"tag-actualites","10":"tag-auvergne-rhone-alpes","11":"tag-eu","12":"tag-europe","13":"tag-fr","14":"tag-france","15":"tag-grenoble","16":"tag-meurtre","17":"tag-news","18":"tag-republique-francaise"},"share_on_mastodon":{"url":"https:\/\/pubeurope.com\/@fr\/115655085607344030","error":""},"_links":{"self":[{"href":"https:\/\/www.europesays.com\/fr\/wp-json\/wp\/v2\/posts\/575116","targetHints":{"allow":["GET"]}}],"collection":[{"href":"https:\/\/www.europesays.com\/fr\/wp-json\/wp\/v2\/posts"}],"about":[{"href":"https:\/\/www.europesays.com\/fr\/wp-json\/wp\/v2\/types\/post"}],"author":[{"embeddable":true,"href":"https:\/\/www.europesays.com\/fr\/wp-json\/wp\/v2\/users\/2"}],"replies":[{"embeddable":true,"href":"https:\/\/www.europesays.com\/fr\/wp-json\/wp\/v2\/comments?post=575116"}],"version-history":[{"count":0,"href":"https:\/\/www.europesays.com\/fr\/wp-json\/wp\/v2\/posts\/575116\/revisions"}],"wp:featuredmedia":[{"embeddable":true,"href":"https:\/\/www.europesays.com\/fr\/wp-json\/wp\/v2\/media\/575117"}],"wp:attachment":[{"href":"https:\/\/www.europesays.com\/fr\/wp-json\/wp\/v2\/media?parent=575116"}],"wp:term":[{"taxonomy":"category","embeddable":true,"href":"https:\/\/www.europesays.com\/fr\/wp-json\/wp\/v2\/categories?post=575116"},{"taxonomy":"post_tag","embeddable":true,"href":"https:\/\/www.europesays.com\/fr\/wp-json\/wp\/v2\/tags?post=575116"}],"curies":[{"name":"wp","href":"https:\/\/api.w.org\/{rel}","templated":true}]}}