{"id":575122,"date":"2025-12-03T10:10:20","date_gmt":"2025-12-03T10:10:20","guid":{"rendered":"https:\/\/www.europesays.com\/fr\/575122\/"},"modified":"2025-12-03T10:10:20","modified_gmt":"2025-12-03T10:10:20","slug":"strasbourg-dinoel-un-marche-des-createurs-a-lere-des-dinosaures","status":"publish","type":"post","link":"https:\/\/www.europesays.com\/fr\/575122\/","title":{"rendered":"Strasbourg. Dino\u00ebl, un march\u00e9 des cr\u00e9ateurs \u00e0 l\u2019\u00e8re des dinosaures"},"content":{"rendered":"<p>\u00c0 l\u2019origine de ce projet hors du temps qui a remport\u00e9 un vif succ\u00e8s lors de sa premi\u00e8re \u00e9dition en 2024, trois artistes strasbourgeois, passionn\u00e9s de vulgarisation scientifique et de dinosaures\u00a0: Cl\u00e9mence Dupont, Sibylle Guyot et Eeios. Depuis, cette aventure est devenue l\u2019\u00e9v\u00e9nement phare de leur association Pal\u00e9oArtae, qu\u2019ils ont cr\u00e9\u00e9e apr\u00e8s coup avec d\u2019autres artistes, aussi f\u00e9rus de dinosaures. Avec un objectif\u00a0: promouvoir la pal\u00e9ontologie \u00e0 travers des discussions, des rencontres p\u00e9dagogiques ou des animations.<\/p>\n<p>Pour cette deuxi\u00e8me \u00e9dition, ces amoureux de monstres fascinants baladent les promeneurs dans une version plus longue et plus riche en animations. La conf\u00e9rence sur le pal\u00e9oart, discipline graphique qui repr\u00e9sente les esp\u00e8ces et environnements disparus, inaugure l\u2019\u00e9v\u00e9nement. Elle aura lieu vendredi 5\u00a0d\u00e9cembre \u00e0 18\u00a0h au Shadok. Cet \u00e9change est anim\u00e9 par Nathan Dehaut, doctorant en \u00e9cologie et Cl\u00e9mence Dupont, en pr\u00e9sence de Blandine Hautier, pal\u00e9ontologue et pr\u00e9paratrice de fossiles, Joakim Juti, illustrateur et r\u00e9alisateur, et Ga\u00eblle Seguillon, illustratrice.<\/p>\n<p>  13 artistes exposeront leurs \u0153uvres sur les dinosaures<\/p>\n<p>Samedi et dimanche, 13 artistes cr\u00e9ateurs sp\u00e9cialis\u00e9s sur les dinosaures, l\u2019histoire de la terre et la pal\u00e9ontologie exposeront au caf\u00e9 Les Compotes , illustrations, bijoux, textiles, porte-cl\u00e9s, posters, puzzles, peintures et petites cr\u00e9atures en crochet. \u00ab\u00a0Nous avons choisi des artistes qui produisent eux-m\u00eames et en petit nombre leurs produits, pour d\u00e9fendre une cr\u00e9ation authentique\u00a0\u00bb, explique Cl\u00e9mence Dupont, qui fait aussi partie de l\u2019organisation.<\/p>\n<p>En parall\u00e8le, des ateliers \u2013 payants et sur r\u00e9servation \u2013 sont organis\u00e9s dans ce m\u00eame caf\u00e9. Ils permettent aux participants de s\u2019immerger davantage dans le monde de ces monstres m\u00e9connus. Il est notamment propos\u00e9 de r\u00e9aliser des d\u00e9corations de No\u00ebl l\u00e9g\u00e8res et r\u00e9sistantes \u00e0 suspendre \u00e0 son sapin gr\u00e2ce \u00e0 Bidules &amp; Fabules. L\u2019artiste fabrique des petites cr\u00e9atures en laine blanche de forme diff\u00e9rente, que les curieux (\u00e0 partir de 6 ans) pourront peindre \u00e0 leur go\u00fbt.<\/p>\n<p>Il sera aussi possible de customiser un tee-shirt avec une impression en linogravure en participant \u00e0 l\u2019atelier de Eeios (\u00e0 partir de 8 ans).<\/p>\n<p>Autre possibilit\u00e9\u00a0: cr\u00e9er son propre terrarium pour reproduire un petit monde de dinosaures dans un bocal ferm\u00e9, avec des billes d\u2019argile et des plantes avec l\u2019aide d\u2019En Joie fleurs (\u00e0 partir de 12 ans). La fleuriste itin\u00e9rante propose m\u00eame d\u2019y int\u00e9grer des petites figurines qu\u2019elle a r\u00e9cup\u00e9r\u00e9es ou d\u2019apporter les siennes pour leur donner une seconde vie.<\/p>\n<p>  Pr\u00e9paration de fossiles, peinture pari\u00e9tale, porte-cl\u00e9 dinosaure<\/p>\n<p>Les plus artistes pourront s\u2019adonner \u00e0 la peinture pari\u00e9tale, \u00e0 partir de 5-6 ans, avec Sterenn Tattoo. L\u2019artiste propose de d\u00e9corer des galets ou des boules de No\u00ebl en bois \u00e0 la mani\u00e8re des hommes pr\u00e9historiques. A\u00eblle animera, elle, un atelier pour fabriquer un porte-cl\u00e9 dinosaure en crochet (\u00e0 partir de 10 ans). Les passionn\u00e9s de fossiles, \u00e0 partir de 14 ans, pourront vivre une exp\u00e9rience de pal\u00e9ontologue, en pr\u00e9parant de fossiles avec Hillary McLean et Blandine Hautier. Enfin, Biscuit Vanille invite toute la famille, \u00e0 partir de 5 ans, \u00e0 d\u00e9corer des petits sabl\u00e9s dinos.<\/p>\n<p>Pendant ces deux jours, St\u00e9phane mettra \u00e0 disposition gratuitement au public son \u201cpal\u00e9o-photobooth\u201d, un appareil photo avec un logiciel qui permet de choisir un fond avec dinosaures, plantes, fossiles.<\/p>\n<p> Table ronde \u00a0vendredi 5\u00a0d\u00e9cembre \u00e0 18\u00a0h au Shadok, 25 presqu\u2019\u00eele Andr\u00e9 Malraux.<\/p>\n<p> March\u00e9\u00a0 : samedi 6\u00a0d\u00e9cembre de 10\u00a0h \u00e0 18\u00a0h, dimanche 7\u00a0d\u00e9cembre de 10\u00a0h \u00e0 17\u00a0h, au caf\u00e9 Les Compotes , 9 rue de S\u00e9lestat. Entr\u00e9e libre.<\/p>\n<p> Ateliers\u00a0 : Samedi\u00a0: \u00e0 10\u00a0h, 13\u00a0h et 15\u00a0h : d\u00e9coration de No\u00ebl (1\u00a0h). \u00c0 11\u00a0h : d\u00e9coration de biscuits (2\u00a0h). \u00c0 13\u00a0h : atelier de linogravure (2\u00a0h). \u00c0 14\u00a0h et 16\u00a0h\u00a0: peinture pari\u00e9tale (1\u00a0h). De 16\u00a0h \u00e0 17\u00a0h\u00a030 : cr\u00e9ation de terrarium. Dimanche, 10\u00a0h : atelier crochet (3\u00a0h). \u00c0 14\u00a0h : peinture pari\u00e9tale. De 13\u00a0h \u00e0 15\u00a0h et de 15\u00a0h \u00e0 17\u00a0h\u00a0: pr\u00e9paration de fossiles. Ateliers payants sur r\u00e9servation\u00a0: paleoartae.com\/edition-2025.<\/p>\n","protected":false},"excerpt":{"rendered":"\u00c0 l\u2019origine de ce projet hors du temps qui a remport\u00e9 un vif succ\u00e8s lors de sa premi\u00e8re&hellip;\n","protected":false},"author":2,"featured_media":575123,"comment_status":"","ping_status":"","sticky":false,"template":"","format":"standard","meta":{"footnotes":""},"categories":[2820],"tags":[1111,11,1687,2880,1777,674,107,1011,27,775,2089,12,25,640,2879],"class_list":{"0":"post-575122","1":"post","2":"type-post","3":"status-publish","4":"format-standard","5":"has-post-thumbnail","7":"category-strasbourg","8":"tag-actu","9":"tag-actualites","10":"tag-culture-loisirs","11":"tag-edition-strasbourg","12":"tag-eu","13":"tag-europe","14":"tag-fil-info","15":"tag-fr","16":"tag-france","17":"tag-grand-est","18":"tag-marche","19":"tag-news","20":"tag-republique-francaise","21":"tag-strasbourg","22":"tag-strasbourg-ville"},"share_on_mastodon":{"url":"https:\/\/pubeurope.com\/@fr\/115655097088943562","error":""},"_links":{"self":[{"href":"https:\/\/www.europesays.com\/fr\/wp-json\/wp\/v2\/posts\/575122","targetHints":{"allow":["GET"]}}],"collection":[{"href":"https:\/\/www.europesays.com\/fr\/wp-json\/wp\/v2\/posts"}],"about":[{"href":"https:\/\/www.europesays.com\/fr\/wp-json\/wp\/v2\/types\/post"}],"author":[{"embeddable":true,"href":"https:\/\/www.europesays.com\/fr\/wp-json\/wp\/v2\/users\/2"}],"replies":[{"embeddable":true,"href":"https:\/\/www.europesays.com\/fr\/wp-json\/wp\/v2\/comments?post=575122"}],"version-history":[{"count":0,"href":"https:\/\/www.europesays.com\/fr\/wp-json\/wp\/v2\/posts\/575122\/revisions"}],"wp:featuredmedia":[{"embeddable":true,"href":"https:\/\/www.europesays.com\/fr\/wp-json\/wp\/v2\/media\/575123"}],"wp:attachment":[{"href":"https:\/\/www.europesays.com\/fr\/wp-json\/wp\/v2\/media?parent=575122"}],"wp:term":[{"taxonomy":"category","embeddable":true,"href":"https:\/\/www.europesays.com\/fr\/wp-json\/wp\/v2\/categories?post=575122"},{"taxonomy":"post_tag","embeddable":true,"href":"https:\/\/www.europesays.com\/fr\/wp-json\/wp\/v2\/tags?post=575122"}],"curies":[{"name":"wp","href":"https:\/\/api.w.org\/{rel}","templated":true}]}}