{"id":575130,"date":"2025-12-03T10:14:24","date_gmt":"2025-12-03T10:14:24","guid":{"rendered":"https:\/\/www.europesays.com\/fr\/575130\/"},"modified":"2025-12-03T10:14:24","modified_gmt":"2025-12-03T10:14:24","slug":"vincent-doit-mourir-le-film-coproduit-par-le-nantais-capricci-dans-le-collimateur-2","status":"publish","type":"post","link":"https:\/\/www.europesays.com\/fr\/575130\/","title":{"rendered":"\u00ab\u00a0Vincent doit mourir\u00a0\u00bb, le film coproduit par le Nantais Capricci dans le collimateur"},"content":{"rendered":"<p>C\u2019est chose courante que le Centre national du cin\u00e9ma (CNC) inspecte la comptabilit\u00e9 de films qu\u2019il soutient. Ainsi, d\u00e9but 2025, il s\u2019est pench\u00e9 sur le financement de \u00ab\u00a0Vincent doit mourir\u00a0\u00bb de St\u00e9phan Castang, sorti en 2023 et en partie tourn\u00e9 dans le Pays de Retz, en Loire-Atlantique. Mais il est plus inhabituel que le CNC fasse un signalement aupr\u00e8s du procureur.<\/p>\n<p>Apr\u00e8s plusieurs mois de contr\u00f4le dans les finances du film qui a co\u00fbt\u00e9 environ quatre millions d\u2019euros, le CNC soup\u00e7onne des abus de biens sociaux. Le parquet de Nantes (Loire-Atlantique) d\u00e9cidera de suites \u00e0 donner. Les deux coproducteurs, la soci\u00e9t\u00e9 nantaise, Capricci et la rennaise Bobi-Lux sont donc dans le viseur. \u00a0Nous avons \u00e9galement saisi la commission de contr\u00f4le de la r\u00e9glementation, pr\u00e9cise la communication du CNC. Elle peut sanctionner, retirer des aides, demander le remboursement de ce qui a d\u00e9j\u00e0 \u00e9t\u00e9 per\u00e7u mais aussi prononcer des interdictions de g\u00e9rer.\u00a0<\/p>\n<p>Une temp\u00eate sur la petite bo\u00eete nantaise<\/p>\n<p>La menace est lourde pour les fr\u00e8res Lounas qui ont fond\u00e9 ensemble Capricci en 1999. Seul Farid Lounas est aujourd\u2019hui \u00e0 la t\u00eate de Capricci. Son fr\u00e8re ayant \u00e9t\u00e9 mis en retrait depuis qu\u2019une temp\u00eate souffle sur la petite bo\u00eete nantaise. Selon le m\u00e9dia Les Jours, le CNC aurait relev\u00e9 des notes de frais anormalement \u00e9lev\u00e9es.<\/p>\n<p>Thierry Lounas a d\u00e9clar\u00e9 \u00e0 l\u2019AFP en prendre acte, tout en pr\u00e9cisant \u00a0que le contr\u00f4le du CNC n\u2019est pas termin\u00e9 puisque nous disposons d\u2019une quinzaine de jours afin de leur apporter des \u00e9l\u00e9ments de r\u00e9ponses compl\u00e9mentaires\u00a0. De son c\u00f4t\u00e9, la R\u00e9gion des Pays de la Loire avait apport\u00e9 une subvention de 100\u00a0000\u00a0\u20ac au film en partenariat avec le CNC.<\/p>\n<p>Depuis, Capprici a \u00e9t\u00e9 plac\u00e9 en redressement judiciaire. Tout comme l\u2019autre soci\u00e9t\u00e9 de Farid Lounas qui \u00e9dite le magazine So Film. Elle est aussi en cessation de paiements. Son dirigeant nous avait confi\u00e9 r\u00e9cemment que 2025 \u00e9tait <strong>\u00ab\u00a0une ann\u00e9e noire pour le cin\u00e9ma en France\u00a0\u00bb<\/strong> et que plusieurs longs m\u00e9trages avaient \u00e9t\u00e9 report\u00e9s.<\/p>\n<p>Pas que pour le cin\u00e9ma<\/p>\n<p>Thierry Lounas est aussi vis\u00e9 par une plainte pour viol pour des faits qui remonteraient \u00e0 2010. Une enqu\u00eate a \u00e9t\u00e9 ouverte par le parquet de Bordeaux (Gironde). Selon nos confr\u00e8res des Jours, une dizaine de femmes l\u2019accuse, lui et sa compagne de violences sexuelles et de harc\u00e8lement.<\/p>\n<p>\u00a0<\/p>\n","protected":false},"excerpt":{"rendered":"C\u2019est chose courante que le Centre national du cin\u00e9ma (CNC) inspecte la comptabilit\u00e9 de films qu\u2019il soutient. Ainsi,&hellip;\n","protected":false},"author":2,"featured_media":574890,"comment_status":"","ping_status":"","sticky":false,"template":"","format":"standard","meta":{"footnotes":""},"categories":[2818],"tags":[1111,11,67909,5749,68921,1777,674,2081,1011,27,2047,41016,4715,766,12,2636,25,762],"class_list":{"0":"post-575130","1":"post","2":"type-post","3":"status-publish","4":"format-standard","5":"has-post-thumbnail","7":"category-nantes","8":"tag-actu","9":"tag-actualites","10":"tag-capricci","11":"tag-collimateur","12":"tag-coproduit","13":"tag-eu","14":"tag-europe","15":"tag-film","16":"tag-fr","17":"tag-france","18":"tag-mans","19":"tag-mourir","20":"tag-nantais","21":"tag-nantes","22":"tag-news","23":"tag-pays-de-la-loire","24":"tag-republique-francaise","25":"tag-vincent"},"share_on_mastodon":{"url":"https:\/\/pubeurope.com\/@fr\/115655112679811933","error":""},"_links":{"self":[{"href":"https:\/\/www.europesays.com\/fr\/wp-json\/wp\/v2\/posts\/575130","targetHints":{"allow":["GET"]}}],"collection":[{"href":"https:\/\/www.europesays.com\/fr\/wp-json\/wp\/v2\/posts"}],"about":[{"href":"https:\/\/www.europesays.com\/fr\/wp-json\/wp\/v2\/types\/post"}],"author":[{"embeddable":true,"href":"https:\/\/www.europesays.com\/fr\/wp-json\/wp\/v2\/users\/2"}],"replies":[{"embeddable":true,"href":"https:\/\/www.europesays.com\/fr\/wp-json\/wp\/v2\/comments?post=575130"}],"version-history":[{"count":0,"href":"https:\/\/www.europesays.com\/fr\/wp-json\/wp\/v2\/posts\/575130\/revisions"}],"wp:featuredmedia":[{"embeddable":true,"href":"https:\/\/www.europesays.com\/fr\/wp-json\/wp\/v2\/media\/574890"}],"wp:attachment":[{"href":"https:\/\/www.europesays.com\/fr\/wp-json\/wp\/v2\/media?parent=575130"}],"wp:term":[{"taxonomy":"category","embeddable":true,"href":"https:\/\/www.europesays.com\/fr\/wp-json\/wp\/v2\/categories?post=575130"},{"taxonomy":"post_tag","embeddable":true,"href":"https:\/\/www.europesays.com\/fr\/wp-json\/wp\/v2\/tags?post=575130"}],"curies":[{"name":"wp","href":"https:\/\/api.w.org\/{rel}","templated":true}]}}