{"id":575137,"date":"2025-12-03T10:18:19","date_gmt":"2025-12-03T10:18:19","guid":{"rendered":"https:\/\/www.europesays.com\/fr\/575137\/"},"modified":"2025-12-03T10:18:19","modified_gmt":"2025-12-03T10:18:19","slug":"cest-une-tradition-pour-les-fetes-les-productions-de-lopera-national-du-capitole-sinvitent","status":"publish","type":"post","link":"https:\/\/www.europesays.com\/fr\/575137\/","title":{"rendered":"C\u2019est une tradition pour les f\u00eates : les productions de l\u2019Op\u00e9ra National du Capitole s\u2019invitent (\u2026)"},"content":{"rendered":"<p>Derri\u00e8re la vitrine de l\u2019Espace culturel de l\u2019H\u00f4pital Rangueil, vous pourrez contempler les univers oniriques et saisissants de Nabucco, Don Juan ou encore du Vaisseau Fant\u00f4me.<\/p>\n<p>Les costumes et les photographies pr\u00e9sent\u00e9s ici t\u00e9moignent de l\u2019exigence artistique et de la ma\u00eetrise technique des ateliers du Capitole. Pens\u00e9s en \u00e9troite collaboration avec les metteurs en sc\u00e8ne et les cr\u00e9ateurs de costumes, ils n\u00e9cessitent des heures de coupe, couture, broderie ou teinture.<\/p>\n<p>Chaque d\u00e9tail, du choix des mati\u00e8res \u00e0 l\u2019ajustement final, r\u00e9v\u00e8le la pr\u00e9cision et la cr\u00e9ativit\u00e9 de ces m\u00e9tiers d\u2019art.<\/p>\n<p>N\u2019attendez plus et laissez-vous \u00e9merveiller par l\u2019<strong>Op\u00e9ra National du Capitole<\/strong> jusqu\u2019au 8 janvier avec l\u2019exposition Magique #5.<\/p>\n<p>\t\t\t\t\t\t<img decoding=\"async\" src=\"https:\/\/www.europesays.com\/fr\/wp-content\/uploads\/2025\/12\/e41c53f0bfe0a08d822cb508887d3f.jpg\" class=\"img-fluid\" alt=\"\" loading=\"lazy\"\/><\/p>\n<p>\n\t\t\t\t\t<strong class=\"titre\">les productions de l\u2019Op\u00e9ra National du Capitole s\u2019invitent \u00e0 Rangueil<\/strong><\/p>\n","protected":false},"excerpt":{"rendered":"Derri\u00e8re la vitrine de l\u2019Espace culturel de l\u2019H\u00f4pital Rangueil, vous pourrez contempler les univers oniriques et saisissants de&hellip;\n","protected":false},"author":2,"featured_media":575138,"comment_status":"","ping_status":"","sticky":false,"template":"","format":"standard","meta":{"footnotes":""},"categories":[2816],"tags":[1111,11,1777,674,1011,27,12,2680,25,2312],"class_list":{"0":"post-575137","1":"post","2":"type-post","3":"status-publish","4":"format-standard","5":"has-post-thumbnail","7":"category-toulouse","8":"tag-actu","9":"tag-actualites","10":"tag-eu","11":"tag-europe","12":"tag-fr","13":"tag-france","14":"tag-news","15":"tag-occitanie","16":"tag-republique-francaise","17":"tag-toulouse"},"share_on_mastodon":{"url":"https:\/\/pubeurope.com\/@fr\/115655129110202077","error":""},"_links":{"self":[{"href":"https:\/\/www.europesays.com\/fr\/wp-json\/wp\/v2\/posts\/575137","targetHints":{"allow":["GET"]}}],"collection":[{"href":"https:\/\/www.europesays.com\/fr\/wp-json\/wp\/v2\/posts"}],"about":[{"href":"https:\/\/www.europesays.com\/fr\/wp-json\/wp\/v2\/types\/post"}],"author":[{"embeddable":true,"href":"https:\/\/www.europesays.com\/fr\/wp-json\/wp\/v2\/users\/2"}],"replies":[{"embeddable":true,"href":"https:\/\/www.europesays.com\/fr\/wp-json\/wp\/v2\/comments?post=575137"}],"version-history":[{"count":0,"href":"https:\/\/www.europesays.com\/fr\/wp-json\/wp\/v2\/posts\/575137\/revisions"}],"wp:featuredmedia":[{"embeddable":true,"href":"https:\/\/www.europesays.com\/fr\/wp-json\/wp\/v2\/media\/575138"}],"wp:attachment":[{"href":"https:\/\/www.europesays.com\/fr\/wp-json\/wp\/v2\/media?parent=575137"}],"wp:term":[{"taxonomy":"category","embeddable":true,"href":"https:\/\/www.europesays.com\/fr\/wp-json\/wp\/v2\/categories?post=575137"},{"taxonomy":"post_tag","embeddable":true,"href":"https:\/\/www.europesays.com\/fr\/wp-json\/wp\/v2\/tags?post=575137"}],"curies":[{"name":"wp","href":"https:\/\/api.w.org\/{rel}","templated":true}]}}